{"id":378298,"date":"2018-05-29T00:04:29","date_gmt":"2018-05-29T05:04:29","guid":{"rendered":"http:\/\/www.diarioimagen.net\/?p=378298"},"modified":"2018-05-29T23:19:44","modified_gmt":"2018-05-30T04:19:44","slug":"cae-proveedor-de-precursores-quimicos-del-cartel-jalisco","status":"publish","type":"post","link":"https:\/\/www.diarioimagen.net\/?p=378298","title":{"rendered":"Cae proveedor de precursores qu\u00edmicos del C\u00e1rtel Jalisco"},"content":{"rendered":"<ul>\n<li><strong><em>Detienen a Javier Valle Brawnt, \u201cEl Peque\u201d<\/em><\/strong><\/li>\n<\/ul>\n<p>&nbsp;<\/p>\n<div id=\"attachment_378440\" style=\"width: 470px\" class=\"wp-caption aligncenter\"><a href=\"http:\/\/www.diarioimagen.net\/?attachment_id=378440\" rel=\"attachment wp-att-378440\"><img loading=\"lazy\" decoding=\"async\" aria-describedby=\"caption-attachment-378440\" class=\"size-large wp-image-378440\" src=\"http:\/\/www.diarioimagen.net\/wp-content\/uploads\/2018\/05\/peque-3377-460x259.jpg\" alt=\"\" width=\"460\" height=\"259\" srcset=\"https:\/\/www.diarioimagen.net\/wp-content\/uploads\/2018\/05\/peque-3377-460x259.jpg 460w, https:\/\/www.diarioimagen.net\/wp-content\/uploads\/2018\/05\/peque-3377-240x135.jpg 240w, https:\/\/www.diarioimagen.net\/wp-content\/uploads\/2018\/05\/peque-3377-235x132.jpg 235w, https:\/\/www.diarioimagen.net\/wp-content\/uploads\/2018\/05\/peque-3377-202x114.jpg 202w, https:\/\/www.diarioimagen.net\/wp-content\/uploads\/2018\/05\/peque-3377-350x196.jpg 350w, https:\/\/www.diarioimagen.net\/wp-content\/uploads\/2018\/05\/peque-3377-220x123.jpg 220w, https:\/\/www.diarioimagen.net\/wp-content\/uploads\/2018\/05\/peque-3377-237x132.jpg 237w, https:\/\/www.diarioimagen.net\/wp-content\/uploads\/2018\/05\/peque-3377.jpg 480w\" sizes=\"auto, (max-width: 460px) 100vw, 460px\" \/><\/a><p id=\"caption-attachment-378440\" class=\"wp-caption-text\">Javier Valle Brawnt, \u201cEl Peque\u201d era el encargado de coordinar la importaci\u00f3n de sustancias qu\u00edmicas procedentes de China, para su traslado al puerto de Manzanillo.<\/p><\/div>\n<p>&nbsp;<\/p>\n<p>La Secretar\u00eda de Marina Armada de M\u00e9xico, en coordinaci\u00f3n con la Procuradur\u00eda General de la Rep\u00fablica detuvo en Guadalajara, al considerado principal proveedor de precursores qu\u00edmicos del C\u00e1rtel Jalisco Nueva Generaci\u00f3n (CJNG).<\/p>\n<p>Se trata de Javier Valle Brawnt, \u201cEl Peque\u201d; de acuerdo con la investigaci\u00f3n, era el encargado de coordinar la importaci\u00f3n de sustancias qu\u00edmicas procedentes de China para su traslado al puerto de Manzanillo, Colima.<\/p>\n<p>De ah\u00ed, el precursor lo mandaban en tambos a bordo de contenedores de tr\u00e1ileres, a bodegas ubicadas en Colima, Jalisco, Nuevo Le\u00f3n, San Luis Potos\u00ed y Sinaloa, para ser procesado en laboratorios clandestinos y producir metanfetaminas.<\/p>\n<p>De acuerdo con informaci\u00f3n del gobierno federal, \u201cEl Peque\u201d trabajaba bajo las \u00f3rdenes directas de Abraham y Antonio Oseguera Cervantes, hermanos de Rub\u00e9n o Nemesio Oseguera Cervantes, \u201cEl Mencho\u201d, identificado como el l\u00edder del CJNG.<\/p>\n<p>El operativo de captura se llev\u00f3 a cabo luego que las fuerzas federales ejecutaran una orden de cateo, librada por una autoridad judicial en la colonia Monumental, inform\u00f3 la Procuradur\u00eda General de la Rep\u00fablica (PGR) en un comunicado.<\/p>\n<p>En el inmueble, la PGR y la Armada aseguraron un arma corta, adem\u00e1s de un kilogramo y 300 dosis de cristal listas para su comercializaci\u00f3n.<\/p>\n<p>\u201cLa captura de Javier \u2018N\u2019 se llev\u00f3 a cabo en estricto apego al debido proceso y en todo momento le fueron respetados sus derechos\u201d, dijo la Procuradur\u00eda.<\/p>\n<p>Las autoridades federales identifican a Valle Brawnt como el principal proveedor de precursores qu\u00edmicos para el CJNG y con una zona de operaci\u00f3n que comprende los estados de Colima, Jalisco, Nuevo Le\u00f3n, San Luis Potos\u00ed y Sinaloa.<\/p>\n<p>Para la PGR, \u201cEl Peque\u201d tambi\u00e9n era el encargado de coordinar la importaci\u00f3n de sustancias qu\u00edmicas procedentes de China para su traslado al puerto de Manzanillo, Colima, de donde son enviadas, en tambos a bordo de contenedores de tr\u00e1ileres, a bodegas ubicadas en los cinco estados referidos.<\/p>\n<p>En dichas entidades, las sustancias eran procesadas para obtener los precursores qu\u00edmicos que luego eran remitidos a los laboratorios clandestinos para producir metanfetaminas. La captura de \u201cEl Peque\u201d ocurri\u00f3 el fin de semana, casi de manera simult\u00e1nea a las aprehensiones de Rosalinda Gonz\u00e1lez Valencia, esposa de \u201cEl Mencho\u201d, y de Juan Jos\u00e9 Far\u00edas \u00c1lvarez, \u201cEl Abuelo\u201d, l\u00edder de autodefensas en Michoac\u00e1n y presuntamente vinculado al CJNG.<\/p>\n","protected":false},"excerpt":{"rendered":"<p>La Secretar\u00eda de Marina Armada de M\u00e9xico, en coordinaci\u00f3n con la Procuradur\u00eda General de la Rep\u00fablica detuvo en Guadalajara, al considerado principal proveedor de precursores qu\u00edmicos del C\u00e1rtel Jalisco Nueva Generaci\u00f3n (CJNG).<\/p>\n","protected":false},"author":3,"featured_media":378440,"comment_status":"open","ping_status":"open","sticky":false,"template":"","format":"standard","meta":{"_monsterinsights_skip_tracking":false,"_monsterinsights_sitenote_active":false,"_monsterinsights_sitenote_note":"","_monsterinsights_sitenote_category":0,"footnotes":""},"categories":[7],"tags":[69942,16238,43677],"class_list":["post-378298","post","type-post","status-publish","format-standard","has-post-thumbnail","hentry","category-seguridad","tag-cartel-jalisco","tag-secretaria-de-marina-armada-de-mexico","tag-seguridad"],"_links":{"self":[{"href":"https:\/\/www.diarioimagen.net\/index.php?rest_route=\/wp\/v2\/posts\/378298","targetHints":{"allow":["GET"]}}],"collection":[{"href":"https:\/\/www.diarioimagen.net\/index.php?rest_route=\/wp\/v2\/posts"}],"about":[{"href":"https:\/\/www.diarioimagen.net\/index.php?rest_route=\/wp\/v2\/types\/post"}],"author":[{"embeddable":true,"href":"https:\/\/www.diarioimagen.net\/index.php?rest_route=\/wp\/v2\/users\/3"}],"replies":[{"embeddable":true,"href":"https:\/\/www.diarioimagen.net\/index.php?rest_route=%2Fwp%2Fv2%2Fcomments&post=378298"}],"version-history":[{"count":0,"href":"https:\/\/www.diarioimagen.net\/index.php?rest_route=\/wp\/v2\/posts\/378298\/revisions"}],"wp:featuredmedia":[{"embeddable":true,"href":"https:\/\/www.diarioimagen.net\/index.php?rest_route=\/wp\/v2\/media\/378440"}],"wp:attachment":[{"href":"https:\/\/www.diarioimagen.net\/index.php?rest_route=%2Fwp%2Fv2%2Fmedia&parent=378298"}],"wp:term":[{"taxonomy":"category","embeddable":true,"href":"https:\/\/www.diarioimagen.net\/index.php?rest_route=%2Fwp%2Fv2%2Fcategories&post=378298"},{"taxonomy":"post_tag","embeddable":true,"href":"https:\/\/www.diarioimagen.net\/index.php?rest_route=%2Fwp%2Fv2%2Ftags&post=378298"}],"curies":[{"name":"wp","href":"https:\/\/api.w.org\/{rel}","templated":true}]}}