{"id":378307,"date":"2018-05-29T00:05:04","date_gmt":"2018-05-29T05:05:04","guid":{"rendered":"http:\/\/www.diarioimagen.net\/?p=378307"},"modified":"2018-05-29T03:56:38","modified_gmt":"2018-05-29T08:56:38","slug":"en-mi-gobierno-habra-seguridad-publica-capacitada-martinez-alfaro","status":"publish","type":"post","link":"https:\/\/www.diarioimagen.net\/?p=378307","title":{"rendered":"En mi gobierno habr\u00e1 seguridad p\u00fablica capacitada: Mart\u00ednez Alfaro"},"content":{"rendered":"<p><a href=\"http:\/\/www.diarioimagen.net\/?attachment_id=378394\" rel=\"attachment wp-att-378394\"><img loading=\"lazy\" decoding=\"async\" class=\"aligncenter size-large wp-image-378394\" src=\"http:\/\/www.diarioimagen.net\/wp-content\/uploads\/2018\/05\/HUIXQUILUCAN-3377-460x259.jpg\" alt=\"\" width=\"460\" height=\"259\" srcset=\"https:\/\/www.diarioimagen.net\/wp-content\/uploads\/2018\/05\/HUIXQUILUCAN-3377-460x259.jpg 460w, https:\/\/www.diarioimagen.net\/wp-content\/uploads\/2018\/05\/HUIXQUILUCAN-3377-240x135.jpg 240w, https:\/\/www.diarioimagen.net\/wp-content\/uploads\/2018\/05\/HUIXQUILUCAN-3377-235x132.jpg 235w, https:\/\/www.diarioimagen.net\/wp-content\/uploads\/2018\/05\/HUIXQUILUCAN-3377-202x114.jpg 202w, https:\/\/www.diarioimagen.net\/wp-content\/uploads\/2018\/05\/HUIXQUILUCAN-3377-350x196.jpg 350w, https:\/\/www.diarioimagen.net\/wp-content\/uploads\/2018\/05\/HUIXQUILUCAN-3377-220x123.jpg 220w, https:\/\/www.diarioimagen.net\/wp-content\/uploads\/2018\/05\/HUIXQUILUCAN-3377-237x132.jpg 237w, https:\/\/www.diarioimagen.net\/wp-content\/uploads\/2018\/05\/HUIXQUILUCAN-3377.jpg 480w\" sizes=\"auto, (max-width: 460px) 100vw, 460px\" \/><\/a><\/p>\n<p>&nbsp;<\/p>\n<p><strong>Huixquilucan, Estado de M\u00e9xico<\/strong><strong>.-<\/strong> El candidato del PRI a la alcald\u00eda de Huixquilucan, Arturo Mart\u00ednez Alfaro, recorri\u00f3 las calles de Zacamulpa, donde escuch\u00f3 a los ciudadanos sobre los problemas que ata\u00f1en a la zona.<\/p>\n<p>Dentro de las demandas m\u00e1s sentidas, se encuentra la inseguridad donde aseguraron los habitantes que cada vez es mayor este problema a pesar de que hace unos a\u00f1os era considerado no solo Zacamulpa sino todo el municipio uno de los m\u00e1s tranquilos del Estado de M\u00e9xico.<\/p>\n<p>Por lo anterior, el aspirante a la alcald\u00eda reiter\u00f3 su compromiso con las familias huixquiluquenses, a emplear las tecnolog\u00edas para mejorar la vigilancia en las calles, comercios, casas y atacar de frente el problema que lacera fuertemente la vida cotidiana de los habitantes.<\/p>\n","protected":false},"excerpt":{"rendered":"<p>El candidato del PRI a la alcald\u00eda de Huixquilucan, Arturo Mart\u00ednez Alfaro, recorri\u00f3 las calles de Zacamulpa, donde escuch\u00f3 a los ciudadanos sobre los problemas que ata\u00f1en a la zona.<\/p>\n","protected":false},"author":3,"featured_media":378394,"comment_status":"open","ping_status":"open","sticky":false,"template":"","format":"standard","meta":{"_monsterinsights_skip_tracking":false,"_monsterinsights_sitenote_active":false,"_monsterinsights_sitenote_note":"","_monsterinsights_sitenote_category":0,"footnotes":""},"categories":[35155],"tags":[74088,43675,1097],"class_list":["post-378307","post","type-post","status-publish","format-standard","has-post-thumbnail","hentry","category-estado-de-mexico-estado-de-mexico","tag-arturo-martinez-alfaro","tag-estado-de-mexico","tag-huixquilucan"],"_links":{"self":[{"href":"https:\/\/www.diarioimagen.net\/index.php?rest_route=\/wp\/v2\/posts\/378307","targetHints":{"allow":["GET"]}}],"collection":[{"href":"https:\/\/www.diarioimagen.net\/index.php?rest_route=\/wp\/v2\/posts"}],"about":[{"href":"https:\/\/www.diarioimagen.net\/index.php?rest_route=\/wp\/v2\/types\/post"}],"author":[{"embeddable":true,"href":"https:\/\/www.diarioimagen.net\/index.php?rest_route=\/wp\/v2\/users\/3"}],"replies":[{"embeddable":true,"href":"https:\/\/www.diarioimagen.net\/index.php?rest_route=%2Fwp%2Fv2%2Fcomments&post=378307"}],"version-history":[{"count":0,"href":"https:\/\/www.diarioimagen.net\/index.php?rest_route=\/wp\/v2\/posts\/378307\/revisions"}],"wp:featuredmedia":[{"embeddable":true,"href":"https:\/\/www.diarioimagen.net\/index.php?rest_route=\/wp\/v2\/media\/378394"}],"wp:attachment":[{"href":"https:\/\/www.diarioimagen.net\/index.php?rest_route=%2Fwp%2Fv2%2Fmedia&parent=378307"}],"wp:term":[{"taxonomy":"category","embeddable":true,"href":"https:\/\/www.diarioimagen.net\/index.php?rest_route=%2Fwp%2Fv2%2Fcategories&post=378307"},{"taxonomy":"post_tag","embeddable":true,"href":"https:\/\/www.diarioimagen.net\/index.php?rest_route=%2Fwp%2Fv2%2Ftags&post=378307"}],"curies":[{"name":"wp","href":"https:\/\/api.w.org\/{rel}","templated":true}]}}