{"id":378316,"date":"2018-05-29T00:04:43","date_gmt":"2018-05-29T05:04:43","guid":{"rendered":"http:\/\/www.diarioimagen.net\/?p=378316"},"modified":"2018-05-29T04:25:33","modified_gmt":"2018-05-29T09:25:33","slug":"ofrece-cesar-camacho-modelo-de-inclusion-para-comunidades-indigenas","status":"publish","type":"post","link":"https:\/\/www.diarioimagen.net\/?p=378316","title":{"rendered":"Ofrece C\u00e9sar Camacho modelo de inclusi\u00f3n para comunidades ind\u00edgenas"},"content":{"rendered":"<ul>\n<li><strong><em>Se reencuentran migrantes mexiquenses<\/em><\/strong><\/li>\n<\/ul>\n<p>&nbsp;<\/p>\n<div id=\"attachment_378400\" style=\"width: 470px\" class=\"wp-caption aligncenter\"><a href=\"http:\/\/www.diarioimagen.net\/?attachment_id=378400\" rel=\"attachment wp-att-378400\"><img loading=\"lazy\" decoding=\"async\" aria-describedby=\"caption-attachment-378400\" class=\"size-large wp-image-378400\" src=\"http:\/\/www.diarioimagen.net\/wp-content\/uploads\/2018\/05\/CHALCO-3377-460x259.jpg\" alt=\"\" width=\"460\" height=\"259\" srcset=\"https:\/\/www.diarioimagen.net\/wp-content\/uploads\/2018\/05\/CHALCO-3377-460x259.jpg 460w, https:\/\/www.diarioimagen.net\/wp-content\/uploads\/2018\/05\/CHALCO-3377-240x135.jpg 240w, https:\/\/www.diarioimagen.net\/wp-content\/uploads\/2018\/05\/CHALCO-3377-235x132.jpg 235w, https:\/\/www.diarioimagen.net\/wp-content\/uploads\/2018\/05\/CHALCO-3377-202x114.jpg 202w, https:\/\/www.diarioimagen.net\/wp-content\/uploads\/2018\/05\/CHALCO-3377-350x196.jpg 350w, https:\/\/www.diarioimagen.net\/wp-content\/uploads\/2018\/05\/CHALCO-3377-220x123.jpg 220w, https:\/\/www.diarioimagen.net\/wp-content\/uploads\/2018\/05\/CHALCO-3377-237x132.jpg 237w, https:\/\/www.diarioimagen.net\/wp-content\/uploads\/2018\/05\/CHALCO-3377.jpg 480w\" sizes=\"auto, (max-width: 460px) 100vw, 460px\" \/><\/a><p id=\"caption-attachment-378400\" class=\"wp-caption-text\">C\u00e9sar Camacho, durante su encuentro con migrantes ind\u00edgenas de diversas etnias de la regi\u00f3n, en Chalco.<\/p><\/div>\n<p>&nbsp;<\/p>\n<p><strong>Chalco, Estado de M\u00e9xico<\/strong>.- Luego de asegurar que \u201cla inclusi\u00f3n es el reto del presente\u201d, C\u00e9sar Camacho, candidato del PRI al Senado de la Rep\u00fablica por el Estado de M\u00e9xico, ofreci\u00f3 que, desde la C\u00e1mara alta, legislar\u00e1 por un modelo de educaci\u00f3n biling\u00fce, la preservaci\u00f3n, mejora y aprovechamiento de la medicina tradicional, as\u00ed como un programa de autoempleo \u201cpara que nuestras comunidades ind\u00edgenas tengan una mejor calidad de vida y un modo honesto de subsistir\u201d.<\/p>\n<p>Durante su encuentro con migrantes ind\u00edgenas de diversas etnias de la regi\u00f3n, en la colonia Culturas de M\u00e9xico en Chalco, el abanderado tricolor se comprometi\u00f3 a preservar los usos y costumbres de los pueblos originales \u201cquienes han tenido, tienen y tendr\u00e1n toda mi consideraci\u00f3n por su contribuci\u00f3n a que el Estado de M\u00e9xico sea rico, amplio y plural\u201d.<\/p>\n<p>Acompa\u00f1ado de Margarito S\u00e1nchez Valdez, secretario de Acci\u00f3n Ind\u00edgena del Comit\u00e9 Directivo Estatal del PRI, el ex gobernador mexiquense escuch\u00f3 con atenci\u00f3n la problem\u00e1tica que aqueja a esta importante comunidad social, como migraci\u00f3n y pobreza por falta de apoyos al campo, seguridad y discriminaci\u00f3n.<\/p>\n<p>C\u00e9sar Camacho dijo en respuesta que el siglo XXI debe ser el de la lucha por reconocer las diferencias en medio de la igualdad, no obstante, reconoci\u00f3 que en materia de derechos humanos \u201cseguimos practicando el principio de aproximaci\u00f3n sucesiva, es decir, caminamos al objetivo, pero toda v\u00eda no llegamos\u201d.<\/p>\n<p>Por ello, pidi\u00f3 su apoyo para que, de llegar al Senado, \u201cllevemos la igualdad que tanto necesita esta naci\u00f3n, pasar de los discursos a los hechos, para que juntos sanemos el cuerpo, el alma y el coraz\u00f3n y le demos a los pueblos ind\u00edgenas el lugar que se merecen\u201d, lo que de inmediato le vali\u00f3 una calurosa y prolongada ovaci\u00f3n.<\/p>\n<p>Asegur\u00f3 que \u201csomos sensibles, pero requerimos su ayuda\u201d, por lo que pidi\u00f3 el voto de las comunidades originarias en favor de Jos\u00e9 Antonio Meade, un hombre de bien y de fiar que tiene las ideas, las propuestas y una hoja de vida impecable, que sabe que s\u00f3lo con trabajo y compromiso se consigue la victoria\u201d.<\/p>\n<p>En el evento estuvieron presentes Francisco Osorno Sober\u00f3n, as\u00ed como Yetzabel Xim\u00e9nez Esparza, candidatos del PRI a diputado federal por el distrito XXXIII, y a la presidencia municipal de Chalco, respectivamente.<\/p>\n","protected":false},"excerpt":{"rendered":"<p>Luego de asegurar que \u201cla inclusi\u00f3n es el reto del presente\u201d, C\u00e9sar Camacho, candidato del PRI al Senado de la Rep\u00fablica por el Estado de M\u00e9xico, ofreci\u00f3 que, desde la C\u00e1mara alta, legislar\u00e1 por un modelo de educaci\u00f3n biling\u00fce, la preservaci\u00f3n, mejora y aprovechamiento de la medicina tradicional, as\u00ed como un programa de autoempleo \u201cpara que nuestras comunidades ind\u00edgenas tengan una mejor calidad de vida y un modo honesto de subsistir\u201d.<\/p>\n","protected":false},"author":3,"featured_media":378400,"comment_status":"open","ping_status":"open","sticky":false,"template":"","format":"standard","meta":{"_monsterinsights_skip_tracking":false,"_monsterinsights_sitenote_active":false,"_monsterinsights_sitenote_note":"","_monsterinsights_sitenote_category":0,"footnotes":""},"categories":[35155],"tags":[541,43675],"class_list":["post-378316","post","type-post","status-publish","format-standard","has-post-thumbnail","hentry","category-estado-de-mexico-estado-de-mexico","tag-chalco","tag-estado-de-mexico"],"_links":{"self":[{"href":"https:\/\/www.diarioimagen.net\/index.php?rest_route=\/wp\/v2\/posts\/378316","targetHints":{"allow":["GET"]}}],"collection":[{"href":"https:\/\/www.diarioimagen.net\/index.php?rest_route=\/wp\/v2\/posts"}],"about":[{"href":"https:\/\/www.diarioimagen.net\/index.php?rest_route=\/wp\/v2\/types\/post"}],"author":[{"embeddable":true,"href":"https:\/\/www.diarioimagen.net\/index.php?rest_route=\/wp\/v2\/users\/3"}],"replies":[{"embeddable":true,"href":"https:\/\/www.diarioimagen.net\/index.php?rest_route=%2Fwp%2Fv2%2Fcomments&post=378316"}],"version-history":[{"count":0,"href":"https:\/\/www.diarioimagen.net\/index.php?rest_route=\/wp\/v2\/posts\/378316\/revisions"}],"wp:featuredmedia":[{"embeddable":true,"href":"https:\/\/www.diarioimagen.net\/index.php?rest_route=\/wp\/v2\/media\/378400"}],"wp:attachment":[{"href":"https:\/\/www.diarioimagen.net\/index.php?rest_route=%2Fwp%2Fv2%2Fmedia&parent=378316"}],"wp:term":[{"taxonomy":"category","embeddable":true,"href":"https:\/\/www.diarioimagen.net\/index.php?rest_route=%2Fwp%2Fv2%2Fcategories&post=378316"},{"taxonomy":"post_tag","embeddable":true,"href":"https:\/\/www.diarioimagen.net\/index.php?rest_route=%2Fwp%2Fv2%2Ftags&post=378316"}],"curies":[{"name":"wp","href":"https:\/\/api.w.org\/{rel}","templated":true}]}}