{"id":378339,"date":"2018-05-29T00:00:39","date_gmt":"2018-05-29T05:00:39","guid":{"rendered":"http:\/\/www.diarioimagen.net\/?p=378339"},"modified":"2018-05-29T03:34:31","modified_gmt":"2018-05-29T08:34:31","slug":"es-importante-tener-buenas-ideas-y-ponerlas-en-practica-salinas-pliego","status":"publish","type":"post","link":"https:\/\/www.diarioimagen.net\/?p=378339","title":{"rendered":"Es importante tener buenas ideas y ponerlas en pr\u00e1ctica: Salinas Pliego"},"content":{"rendered":"<h2>La Retaguardia<\/h2>\n<h5>Adriana Moreno Cordero<\/h5>\n<p><em>\u00a0<\/em><\/p>\n<ul>\n<li><strong><em>Belinda, de mago a operador pol\u00edtico<\/em><\/strong><\/li>\n<\/ul>\n<p>&nbsp;<\/p>\n<p>Le toc\u00f3 al candidato presidencial de la coalici\u00f3n \u201cJuntos Harmos Historia\u201d, <strong>Andr\u00e9s Manuel L\u00f3pez Obrador<\/strong>, presentarse ante j\u00f3venes que conforman Kybernus, que bajo el #RecuperaTuFuturo, buscan presentar a los diferentes abanderados presidenciales, sus innovadoras propuestas.<\/p>\n<p>Para recordar, Kybernyus es un programa de Grupo Salinas que busca construir una cultura de liderazgo, en coordinaci\u00f3n con organizaciones p\u00fablicas, privadas y sociales.<\/p>\n<p>Al dar inicio a este importante evento, Ricardo Salinas Pliego, presidente de Grupo Salinas, se\u00f1al\u00f3 que: \u201cHay culturas\u00a0 exitosas y culturas fracasadas y eso depende de la calidad de las ideas que se integran a la cultura, por eso, cuando pensamos que queremos cambiar las cosas lo primero que hay que cambiar son nuestras ideas\u201d.<\/p>\n<p>Subray\u00f3 que \u201cque es muy importante tener buenas ideas y que las pongamos en pr\u00e1ctica. Pensamos que el haber recolectado 50 propuestas de la juventud mexicana para los candidatos a la Presidencia es un ejercicio valioso\u201d, al tiempo que indic\u00f3 que\u00a0 \u201cme llenan de optimismo estas propuestas que ustedes est\u00e1n presentando porque yo s\u00ed creo que como seres humanos debemos aspirar a ser libres, a ser educados y a ser solidarios, eso es lo que hace un agente de cambio.<\/p>\n<p>Si queremos lograr la prosperidad incluyente por la cual lucha Grupo Salinas, que se basa en la econom\u00eda, en el medio ambiente y en el tejido social, tenemos que empezar por nosotros mismos, por el capital humano\u201d.<\/p>\n<p>Posteriormente, los j\u00f3venes que integran Kybernus, le planteaeron al tabasque\u00f1o cinco ejes para que la juventud construya su futuro: Libertad, Estado de Derecho; Igualdad de oportunidades; una sociedad civil fuerte y emprendimiento.<\/p>\n<p>Asimismo, los j\u00f3venes indicaron que un entorno propicio es producto de la buena pol\u00edtica y la buena pol\u00edtica la hacen los buenos liderazgos, por lo que en la cuenta regresiva de las elecciones del 1 de julio los acuerdos e Kybernus son: Impulsar la participaci\u00f3n pol\u00edtica de la juventud. Recorrer el pa\u00eds durante 2017 para escuchar las propuestas de los j\u00f3venes y\u00a0 construir una visi\u00f3n de pa\u00eds que fuera m\u00e1s all\u00e1 de candidatos y partidos.<\/p>\n<p>De lo anterior, se pueden desprender 50 propuestas de pol\u00edticas p\u00fablicas para entregarlas a los diferentes candidatos a la Presidencia de la Rep\u00fablica.<\/p>\n<p style=\"text-align: center;\"><strong>Municiones<\/strong><\/p>\n<p>*** Bien le fue a la secretaria de la Funci\u00f3n P\u00fablica, <strong>Arely G\u00f3mez<\/strong> por sus fueros. Ayer sostuvo una reuni\u00f3n de trabajo en el Senado de la Rep\u00fablica con legisladores integrantes de la Comisi\u00f3n Anticorrupci\u00f3n y Participaci\u00f3n Ciudadana, con el objetivo de presentar un informe sobre las principales acciones que a llevado a cabo la Funci\u00f3n P\u00fablica. La maestra Arely G\u00f3mez asegur\u00f3 que la dependencia a su cargo, ha apostado por la construcci\u00f3n de instrumentos normativos y operativos que fortalezcan una Secretar\u00eda capaz, proactiva y comprometida con un M\u00e9xico libre de corrupci\u00f3n.<\/p>\n<p>A\u00f1adi\u00f3 que el \u201cSistema Nacional Anticorrupci\u00f3n, requiere de un periodo de adaptaci\u00f3n, evaluaci\u00f3n y mejora. Su \u00e9xito depende del \u00edmpetu con el que todos sus integrantes nos involucremos en corregirlo y consolidarlo\u201d, expres\u00f3. Ante el presidente de la referida Comisi\u00f3n legislativa, el senador H\u00e9ctor Yunes Landa, la titular de la SFP apunt\u00f3 que las acciones inicien directa o indirectamente en la cultura de la legalidad, la transparencia, la rendici\u00f3n de cuentas y, por ende, al robustecimiento del gobierno abierto y cercano.<\/p>\n<p>*** De mago a operador pol\u00edtico, as\u00ed salt\u00f3 la cantante <strong>Belinda<\/strong> de una relaci\u00f3n a otra. Mucho se comenta en los corrillos pol\u00edticos que el hecho de que hace unos d\u00edas Belinda Pop, (como es conocida en las redes la cantante), no hizo p\u00fablica su preferencia ni m\u00e1s ni menos que por Andr\u00e9s Manuel L\u00f3pez Obrador, nada m\u00e1s porque s\u00ed. Resulta que en julio del a\u00f1o pasado, la famos\u00edsima artista difundi\u00f3 por sus redes que hab\u00eda terminado con el mago <strong>Criss Angel<\/strong> y eso la ten\u00eda muy, pero muy triste. Casi un a\u00f1o despu\u00e9s, seg\u00fan se sabe, tiene una relaci\u00f3n con <strong>Jorge Arg\u00fcelles Victorero<\/strong>, quien, con todo y el escudo del PRI que aparece en las redes de ella, es conocido que se trata de un cercano operador de \u201cya sabes qui\u00e9n\u201d, por los rumbos lim\u00edtrofes entre Morelos y Guerrero, aunque Arg\u00fcelles lo niegue y diga p\u00fablicamente que \u00e9l no tiene nada que ver en la decisi\u00f3n que hizo p\u00fablica su novia, que Belinda solo habl\u00f3 as\u00ed porque quiere un pa\u00eds mejor. \u00bfSer\u00e1? Y luego por qu\u00e9 a la cantante la abuchean en los conciertos.<\/p>\n<p>*** A un mes de la elecci\u00f3n, \u00bfel candidato presidencial del \u201cFrente por M\u00e9xico\u201d, <strong>Ricardo Anaya<\/strong>, se encuentra de nueva cuenta en problemas?<\/p>\n<p>Esto porque oootra vez, un nombre que mucho incomoda al \u201cJoven Maravilla\u201d, sali\u00f3 a la luz. Resulta que un Juez neg\u00f3 suspender la consignaci\u00f3n de las carpetas de investigaci\u00f3n que obran en poder de la PGR, en contra de <strong>Manuel Barreiro<\/strong>. Para rematar, dicho Juez tambi\u00e9n dijo no a suspender la consignaci\u00f3n en contra de la esposa de Barreiro Casta\u00f1eda, <strong>Ana Paula Ugalde<\/strong>, as\u00ed como de uno de los m\u00e1s cercanos colaboradores del empresario queretano, <strong>Juan Pablo Olea Villanueva<\/strong>.<\/p>\n<p><a href=\"mailto:morcora@gmail.com\" target=\"_blank\" rel=\"noopener\"><em>morcora@gmail.com<\/em><\/a><\/p>\n","protected":false},"excerpt":{"rendered":"<p><span style=\"color: #005497;\"><strong>Adriana Moreno Cordero<\/strong><\/span><\/p>\n","protected":false},"author":3,"featured_media":0,"comment_status":"open","ping_status":"open","sticky":false,"template":"","format":"standard","meta":{"_monsterinsights_skip_tracking":false,"_monsterinsights_sitenote_active":false,"_monsterinsights_sitenote_note":"","_monsterinsights_sitenote_category":0,"footnotes":""},"categories":[69370],"tags":[69369,69368,43674],"class_list":["post-378339","post","type-post","status-publish","format-standard","hentry","category-adriana-moreno-cordero","tag-adriana-moreno-cordero","tag-la-retaguardia","tag-opinion"],"_links":{"self":[{"href":"https:\/\/www.diarioimagen.net\/index.php?rest_route=\/wp\/v2\/posts\/378339","targetHints":{"allow":["GET"]}}],"collection":[{"href":"https:\/\/www.diarioimagen.net\/index.php?rest_route=\/wp\/v2\/posts"}],"about":[{"href":"https:\/\/www.diarioimagen.net\/index.php?rest_route=\/wp\/v2\/types\/post"}],"author":[{"embeddable":true,"href":"https:\/\/www.diarioimagen.net\/index.php?rest_route=\/wp\/v2\/users\/3"}],"replies":[{"embeddable":true,"href":"https:\/\/www.diarioimagen.net\/index.php?rest_route=%2Fwp%2Fv2%2Fcomments&post=378339"}],"version-history":[{"count":0,"href":"https:\/\/www.diarioimagen.net\/index.php?rest_route=\/wp\/v2\/posts\/378339\/revisions"}],"wp:attachment":[{"href":"https:\/\/www.diarioimagen.net\/index.php?rest_route=%2Fwp%2Fv2%2Fmedia&parent=378339"}],"wp:term":[{"taxonomy":"category","embeddable":true,"href":"https:\/\/www.diarioimagen.net\/index.php?rest_route=%2Fwp%2Fv2%2Fcategories&post=378339"},{"taxonomy":"post_tag","embeddable":true,"href":"https:\/\/www.diarioimagen.net\/index.php?rest_route=%2Fwp%2Fv2%2Ftags&post=378339"}],"curies":[{"name":"wp","href":"https:\/\/api.w.org\/{rel}","templated":true}]}}