{"id":378513,"date":"2018-05-30T00:08:50","date_gmt":"2018-05-30T05:08:50","guid":{"rendered":"http:\/\/www.diarioimagen.net\/?p=378513"},"modified":"2018-05-30T23:20:47","modified_gmt":"2018-05-31T04:20:47","slug":"entrega-alfredo-barrera-223-becas-de-investigacion","status":"publish","type":"post","link":"https:\/\/www.diarioimagen.net\/?p=378513","title":{"rendered":"Entrega Alfredo Barrera 223 becas de investigaci\u00f3n"},"content":{"rendered":"<ul>\n<li><strong><em>Estancias en varias entidades y en el extranjero<\/em><\/strong><\/li>\n<\/ul>\n<p>&nbsp;<\/p>\n<div id=\"attachment_378614\" style=\"width: 470px\" class=\"wp-caption aligncenter\"><a href=\"http:\/\/www.diarioimagen.net\/?attachment_id=378614\" rel=\"attachment wp-att-378614\"><img loading=\"lazy\" decoding=\"async\" aria-describedby=\"caption-attachment-378614\" class=\"size-large wp-image-378614\" src=\"http:\/\/www.diarioimagen.net\/wp-content\/uploads\/2018\/05\/UAEM-3378-460x259.jpg\" alt=\"\" width=\"460\" height=\"259\" srcset=\"https:\/\/www.diarioimagen.net\/wp-content\/uploads\/2018\/05\/UAEM-3378-460x259.jpg 460w, https:\/\/www.diarioimagen.net\/wp-content\/uploads\/2018\/05\/UAEM-3378-240x135.jpg 240w, https:\/\/www.diarioimagen.net\/wp-content\/uploads\/2018\/05\/UAEM-3378-235x132.jpg 235w, https:\/\/www.diarioimagen.net\/wp-content\/uploads\/2018\/05\/UAEM-3378-202x114.jpg 202w, https:\/\/www.diarioimagen.net\/wp-content\/uploads\/2018\/05\/UAEM-3378-350x196.jpg 350w, https:\/\/www.diarioimagen.net\/wp-content\/uploads\/2018\/05\/UAEM-3378-220x123.jpg 220w, https:\/\/www.diarioimagen.net\/wp-content\/uploads\/2018\/05\/UAEM-3378-237x132.jpg 237w, https:\/\/www.diarioimagen.net\/wp-content\/uploads\/2018\/05\/UAEM-3378.jpg 480w\" sizes=\"auto, (max-width: 460px) 100vw, 460px\" \/><\/a><p id=\"caption-attachment-378614\" class=\"wp-caption-text\">Alfredo Barrera Baca entreg\u00f3 223 becas del Programa Interinstitucional para el Fortalecimiento de la Investigaci\u00f3n y el Posgrado del Pac\u00edfico.<\/p><\/div>\n<p>&nbsp;<\/p>\n<p><strong>Toluca, Estado de M\u00e9xico<\/strong>.\u2013 Por un monto de un mill\u00f3n 349 mil pesos, el rector de la Universidad Aut\u00f3noma del Estado de M\u00e9xico, Alfredo Barrera Baca, entreg\u00f3 223 becas del Programa Interinstitucional para el Fortalecimiento de la Investigaci\u00f3n y el Posgrado del Pac\u00edfico. Delf\u00edn 2018.<\/p>\n<p>Los 223 estudiantes beneficiados con estos apoyos realizan estudios en las \u00e1reas de F\u00edsica, Matem\u00e1ticas y Ciencias de la Tierra; Biolog\u00eda y Qu\u00edmica; Medicina y Salud; Humanidades y Ciencias de la Conducta; Sociales y Econ\u00f3micas; Biotecnolog\u00eda y Ciencias Agropecuarias e Ingenier\u00eda e Industria.<\/p>\n<p>De total de alumnos becados, 28 realizar\u00e1n estancias de investigaci\u00f3n internacionales en instituciones de educaci\u00f3n superior y centros de investigaci\u00f3n de Colombia, Espa\u00f1a, Canad\u00e1, Chile y Costa Rica; en tanto, 195 lo har\u00e1n en Jalisco, Guanajuato, Quintana Roo, Nayarit y la Ciudad de M\u00e9xico.<\/p>\n<p>Los estudiantes Mariel L\u00f3pez Salgado, de la Facultad de Ciencias Pol\u00edticas y Sociales; Gonzalo Gonz\u00e1lez Est\u00e9vez, de Turismo y Gastronom\u00eda; Fernanda Romero D\u00edaz, de Ingenier\u00eda; Daniela Arzate Dardayrol, de Ciencias de la Conducta, y Juan Carlos Terr\u00f3n Vega, de la Facultad de Ciencias, recibieron las becas de manera simb\u00f3lica.<\/p>\n","protected":false},"excerpt":{"rendered":"<p>Por un monto de un mill\u00f3n 349 mil pesos, el rector de la Universidad Aut\u00f3noma del Estado de M\u00e9xico, Alfredo Barrera Baca, entreg\u00f3 223 becas del Programa Interinstitucional para el Fortalecimiento de la Investigaci\u00f3n y el Posgrado del Pac\u00edfico. Delf\u00edn 2018.<\/p>\n","protected":false},"author":3,"featured_media":378614,"comment_status":"open","ping_status":"open","sticky":false,"template":"","format":"standard","meta":{"_monsterinsights_skip_tracking":false,"_monsterinsights_sitenote_active":false,"_monsterinsights_sitenote_note":"","_monsterinsights_sitenote_category":0,"footnotes":""},"categories":[5],"tags":[58572,11642,24769,43675,452],"class_list":["post-378513","post","type-post","status-publish","format-standard","has-post-thumbnail","hentry","category-estado-de-mexico","tag-alfredo-barrera-baca","tag-becas","tag-entrega","tag-estado-de-mexico","tag-toluca"],"_links":{"self":[{"href":"https:\/\/www.diarioimagen.net\/index.php?rest_route=\/wp\/v2\/posts\/378513","targetHints":{"allow":["GET"]}}],"collection":[{"href":"https:\/\/www.diarioimagen.net\/index.php?rest_route=\/wp\/v2\/posts"}],"about":[{"href":"https:\/\/www.diarioimagen.net\/index.php?rest_route=\/wp\/v2\/types\/post"}],"author":[{"embeddable":true,"href":"https:\/\/www.diarioimagen.net\/index.php?rest_route=\/wp\/v2\/users\/3"}],"replies":[{"embeddable":true,"href":"https:\/\/www.diarioimagen.net\/index.php?rest_route=%2Fwp%2Fv2%2Fcomments&post=378513"}],"version-history":[{"count":0,"href":"https:\/\/www.diarioimagen.net\/index.php?rest_route=\/wp\/v2\/posts\/378513\/revisions"}],"wp:featuredmedia":[{"embeddable":true,"href":"https:\/\/www.diarioimagen.net\/index.php?rest_route=\/wp\/v2\/media\/378614"}],"wp:attachment":[{"href":"https:\/\/www.diarioimagen.net\/index.php?rest_route=%2Fwp%2Fv2%2Fmedia&parent=378513"}],"wp:term":[{"taxonomy":"category","embeddable":true,"href":"https:\/\/www.diarioimagen.net\/index.php?rest_route=%2Fwp%2Fv2%2Fcategories&post=378513"},{"taxonomy":"post_tag","embeddable":true,"href":"https:\/\/www.diarioimagen.net\/index.php?rest_route=%2Fwp%2Fv2%2Ftags&post=378513"}],"curies":[{"name":"wp","href":"https:\/\/api.w.org\/{rel}","templated":true}]}}