{"id":378515,"date":"2018-05-30T00:11:17","date_gmt":"2018-05-30T05:11:17","guid":{"rendered":"http:\/\/www.diarioimagen.net\/?p=378515"},"modified":"2018-05-30T02:34:36","modified_gmt":"2018-05-30T07:34:36","slug":"supervisa-del-mazo-maza-condiciones-de-escuelas","status":"publish","type":"post","link":"https:\/\/www.diarioimagen.net\/?p=378515","title":{"rendered":"Supervisa Del Mazo Maza condiciones de escuelas"},"content":{"rendered":"<ul>\n<li><em><strong>Verifica que los espacios sean apropiados y dignos<\/strong><\/em><\/li>\n<li><em><strong>Visita primarias de los municipios de Mexicaltzingo y Chapultepec<\/strong><\/em><\/li>\n<\/ul>\n<p>&nbsp;<\/p>\n<div id=\"attachment_378617\" style=\"width: 470px\" class=\"wp-caption aligncenter\"><a href=\"http:\/\/www.diarioimagen.net\/?attachment_id=378617\" rel=\"attachment wp-att-378617\"><img loading=\"lazy\" decoding=\"async\" aria-describedby=\"caption-attachment-378617\" class=\"size-large wp-image-378617\" src=\"http:\/\/www.diarioimagen.net\/wp-content\/uploads\/2018\/05\/del-mazo-3378-460x361.jpg\" alt=\"\" width=\"460\" height=\"361\" srcset=\"https:\/\/www.diarioimagen.net\/wp-content\/uploads\/2018\/05\/del-mazo-3378-460x361.jpg 460w, https:\/\/www.diarioimagen.net\/wp-content\/uploads\/2018\/05\/del-mazo-3378-240x189.jpg 240w, https:\/\/www.diarioimagen.net\/wp-content\/uploads\/2018\/05\/del-mazo-3378.jpg 700w\" sizes=\"auto, (max-width: 460px) 100vw, 460px\" \/><\/a><p id=\"caption-attachment-378617\" class=\"wp-caption-text\">Alfredo Del Mazo, visit\u00f3 dos planteles de educaci\u00f3n primaria del Valle de Toluca, para supervisar que cuenten con las condiciones y espacios \u00f3ptimos.<\/p><\/div>\n<p>&nbsp;<\/p>\n<p><strong>Mexicaltzingo, Estado de M\u00e9xico<\/strong>.- El gobernador del Estado de M\u00e9xico, Alfredo Del Mazo, visit\u00f3 dos planteles de educaci\u00f3n primaria del Valle de Toluca, para supervisar que cuenten con las condiciones y espacios \u00f3ptimos para que los alumnos reciban educaci\u00f3n de calidad.<\/p>\n<p>Indic\u00f3 que estos recorridos tienen como finalidad verificar que los alumnos mexiquenses cuenten con espacios apropiados y dignos para realizar sus actividades acad\u00e9micas y que les permitan desarrollar todas sus aptitudes.<\/p>\n<p>Asimismo, dijo que es una forma de conocer de cerca las necesidades de la comunidad estudiantil, a trav\u00e9s de los di\u00e1logos que se realizan con padres de familia, maestros y autoridades escolares.\u00a0 \u201cEs un programa muy importante que estamos llevando a cabo en las escuelas federalizadas, para que mejoremos las condiciones de las instalaciones de las escuelas, para que tengamos las aulas limpias, que tengamos la escuela pintada, impermeabilizados los techos, los ba\u00f1os funcionando, para que tengamos bien la energ\u00eda el\u00e9ctrica y las aulas de c\u00f3mputo\u201d, se\u00f1al\u00f3.<\/p>\n<p>En el inicio de su gira de trabajo, el mandatario estatal hizo un recorrido de supervisi\u00f3n en la primaria federalizada Rafael\u00a0 Ram\u00edrez Casta\u00f1eda, en Mexicaltzingo, donde se reuni\u00f3 con alumnos, padres de familia y maestros, con quienes charl\u00f3 sobre las necesidades que tiene el plantel.<\/p>\n<p>En esta primaria, la m\u00e1s antigua del municipio, con 46 a\u00f1os de historia y que cuenta con una matr\u00edcula de 824 alumnos, el gobernador constat\u00f3 que los salones y otros espacios como el Aula de Medios, fueron pintados e impermeabilizados, adem\u00e1s de que cuentan con nuevo mobiliario, como mesabancos, anaqueles o archiveros, as\u00ed como nueva iluminaci\u00f3n, pues todas las l\u00e1mparas fueron sustituidas, al igual que gran parte de los pisos.<\/p>\n<p>Tambi\u00e9n evalu\u00f3 las renovadas\u00a0 condiciones de la Unidad de Servicios de Apoyo a la Educaci\u00f3n Regular (USAER), donde reciben atenci\u00f3n alumnos que padecen alguna discapacidad visual, o de otro tipo.<\/p>\n<p>Posteriormente, el gobernador mexiquense visit\u00f3 la escuela primaria Lic. Benito Ju\u00e1rez, en San Miguel Chapultepec, que fue fundada en 1957, ah\u00ed realiz\u00f3 un recorrido de supervisi\u00f3n por m\u00f3dulos sanitarios, el comedor escolar, la sala de c\u00f3mputo, entre otros espacios.<\/p>\n<p>Platic\u00f3 de la misma forma con padres de familia y autoridades escolares, quienes expresaron que entre algunas de sus necesidades se encuentran la construcci\u00f3n de rampas y cambiar algunos utensilios del comedor, como el horno de microondas y la parrilla.<\/p>\n<p>En ambos recorridos invit\u00f3 a los padres de familias, maestros, alumnos y directivos a hacer un buen uso de las instalaciones y procurar su cuidado, ya que benefician a miles de estudiantes mexiquenses.<\/p>\n<p>\u201cLa verdad es que como ustedes ven, qu\u00e9 bonito se ve y qu\u00e9 limpio, adem\u00e1s se ve digno, se antoja hasta tomar clases cuando las escuelas est\u00e1n limpias, cuando los salones est\u00e1n bien, cuando las instalaciones tienen lo necesario para los alumnos, hay que cuidarlas, hay que conservarlas as\u00ed\u201d, expres\u00f3.<\/p>\n","protected":false},"excerpt":{"rendered":"<p>El gobernador del Estado de M\u00e9xico, Alfredo Del Mazo, visit\u00f3 dos planteles de educaci\u00f3n primaria del Valle de Toluca, para supervisar que cuenten con las condiciones y espacios \u00f3ptimos para que los alumnos reciban educaci\u00f3n de calidad.<\/p>\n","protected":false},"author":3,"featured_media":378617,"comment_status":"open","ping_status":"open","sticky":false,"template":"","format":"standard","meta":{"_monsterinsights_skip_tracking":false,"_monsterinsights_sitenote_active":false,"_monsterinsights_sitenote_note":"","_monsterinsights_sitenote_category":0,"footnotes":""},"categories":[5],"tags":[2505,71302,207,43675,2779],"class_list":["post-378515","post","type-post","status-publish","format-standard","has-post-thumbnail","hentry","category-estado-de-mexico","tag-alfredo-del-mazo-maza","tag-condiciones","tag-escuelas","tag-estado-de-mexico","tag-mexicaltzingo"],"_links":{"self":[{"href":"https:\/\/www.diarioimagen.net\/index.php?rest_route=\/wp\/v2\/posts\/378515","targetHints":{"allow":["GET"]}}],"collection":[{"href":"https:\/\/www.diarioimagen.net\/index.php?rest_route=\/wp\/v2\/posts"}],"about":[{"href":"https:\/\/www.diarioimagen.net\/index.php?rest_route=\/wp\/v2\/types\/post"}],"author":[{"embeddable":true,"href":"https:\/\/www.diarioimagen.net\/index.php?rest_route=\/wp\/v2\/users\/3"}],"replies":[{"embeddable":true,"href":"https:\/\/www.diarioimagen.net\/index.php?rest_route=%2Fwp%2Fv2%2Fcomments&post=378515"}],"version-history":[{"count":0,"href":"https:\/\/www.diarioimagen.net\/index.php?rest_route=\/wp\/v2\/posts\/378515\/revisions"}],"wp:featuredmedia":[{"embeddable":true,"href":"https:\/\/www.diarioimagen.net\/index.php?rest_route=\/wp\/v2\/media\/378617"}],"wp:attachment":[{"href":"https:\/\/www.diarioimagen.net\/index.php?rest_route=%2Fwp%2Fv2%2Fmedia&parent=378515"}],"wp:term":[{"taxonomy":"category","embeddable":true,"href":"https:\/\/www.diarioimagen.net\/index.php?rest_route=%2Fwp%2Fv2%2Fcategories&post=378515"},{"taxonomy":"post_tag","embeddable":true,"href":"https:\/\/www.diarioimagen.net\/index.php?rest_route=%2Fwp%2Fv2%2Ftags&post=378515"}],"curies":[{"name":"wp","href":"https:\/\/api.w.org\/{rel}","templated":true}]}}