{"id":378591,"date":"2018-05-30T00:02:45","date_gmt":"2018-05-30T05:02:45","guid":{"rendered":"http:\/\/www.diarioimagen.net\/?p=378591"},"modified":"2018-05-30T01:28:49","modified_gmt":"2018-05-30T06:28:49","slug":"rescata-playa-hotels-resorts-a-jovenes-en-riesgo","status":"publish","type":"post","link":"https:\/\/www.diarioimagen.net\/?p=378591","title":{"rendered":"Rescata Playa Hotels &#038; Resorts a j\u00f3venes en riesgo"},"content":{"rendered":"<h2>\u201cHora 14\u201d<\/h2>\n<h5>Mauricio Conde Olivares<\/h5>\n<p>&nbsp;<\/p>\n<p>El D\u00eda Mundial Sin Tabaco es una iniciativa de la Organizaci\u00f3n Mundial de la Salud (OMS) que tiene lugar cada 31 de mayo y este a\u00f1o se dedicar\u00e1 a la difusi\u00f3n del v\u00ednculo entre el tabaquismo y las cardiopat\u00edas. El tabaquismo est\u00e1 asociado a alrededor de 7 millones de muertes por a\u00f1o en el mundo, directamente relacionadas con el consumo y la exposici\u00f3n indirecta al humo.<\/p>\n<p>Fumar da\u00f1a los vasos sangu\u00edneos y espesa la sangre. Aumenta el ritmo y la presi\u00f3n card\u00edaca, y remplaza el ox\u00edgeno, por lo que es un importante factor de riesgo en el desarrollo de cardiopat\u00edas, infartos cerebrales y enfermedad vascular perif\u00e9rica.<\/p>\n<p>Adem\u00e1s, es la segunda causa con mayor prevalencia de cardiopat\u00edas despu\u00e9s de la hipertensi\u00f3n.<\/p>\n<p>Puesto que las cardiopat\u00edas son la primera causa de muerte en el mundo, la Federaci\u00f3n Mundial del Coraz\u00f3n (FMC) aplaude esta iniciativa de la Organizaci\u00f3n Mundial de la Salud.<\/p>\n<p>A pesar de que la poblaci\u00f3n est\u00e1 familiarizada con el impacto del tabaco en la salud, la FMC destaca el hecho de que rara vez se le considera una de las principales causas de cardiopat\u00edas.<\/p>\n<p>El profesor David Wood, presidente de la FMC sostuvo que \u00abel tabaquismo constituye el principal riesgo evitable que amenaza la salud cardiovascular.<\/p>\n<p>De ah\u00ed nuestro deber de ayudar a nuestros pacientes con cardiopat\u00edas para que dejen de fumar, y tambi\u00e9n a aquellos con mayor riesgo de sufrir un infarto al coraz\u00f3n o al cerebro.<\/p>\n<p>Al hacerlo podemos ayudar a todos nuestros pacientes a disminuir su riesgo particular, pero lo m\u00e1s importante es que necesitamos sensibilizar e informar al p\u00fablica en general sobre el impacto del tabaco en nuestros corazones y, de manera crucial, sobre la importancia de que los ni\u00f1os y j\u00f3venes nunca empiecen a fumar\u00bb.<\/p>\n<p>Casi 80% de los mil millones de quienes fuman en el mundo vive en pa\u00edses con un ingreso medio o bajo, donde los costos de las enfermedades y muertes relacionadas con el tabaco son mucho mayores.<\/p>\n<p>Por ello, la FMC y su pol\u00edtica \u00abporque cada latino cuenta\u00bb promueven una agenda de mayor acceso a la atenci\u00f3n m\u00e9dica y la prevenci\u00f3n, el control y el tratamiento de las cardiopat\u00edas para todas las personas, sin importar su situaci\u00f3n econ\u00f3mica o circunstancia, con el objetivo de prolongar y mejorar su calidad de vida.<\/p>\n<p>\u00abCreemos sin reserva en la necesidad de destacar constantemente los riesgos del tabaco en la salud de nuestros corazones y aparatos circulatorios. Al convocar a profesionales de la salud, gobiernos, instituciones, industria y p\u00fablico en general en torno a una causa com\u00fan podemos seguir informando a la poblaci\u00f3n de los peligros del tabaco y de los estilos de vida poco sanos, y podemos seguir promoviendo la necesidad de un acceso universal a la atenci\u00f3n m\u00e9dica\u00bb, a\u00f1adi\u00f3 el profesor Wood.<\/p>\n<p>En apoyo a esa labor, la FMC pronto publicar\u00e1 dos hojas informativas sobre abandonar el tabaquismo, una para el p\u00fablico en general y otra para profesionales del sector.<\/p>\n<p>La FMC celebrar\u00e1 el D\u00eda Mundial del Coraz\u00f3n el pr\u00f3ximo 29 de septiembre para difundir la importancia de procurar una buena salud cardiovascular. Uno de sus mensajes clave guarda relaci\u00f3n con los beneficios inmediatos y de largo plazo que tiene el dejar de fumar en la salud:<\/p>\n<ul>\n<li>La presi\u00f3n arterial y el ritmo card\u00edaco disminuyen a 20 minutos de dejar de fumar<\/li>\n<li>12 horas despu\u00e9s, los niveles de mon\u00f3xido de carbono en la sangre bajan y recuperan la normalidad<\/li>\n<li>Entre 2 y 12 semanas despu\u00e9s, la circulaci\u00f3n habr\u00e1 mejorado y la funci\u00f3n pulmonar se habr\u00e1 incrementado<\/li>\n<li>En el transcurso de los primeros 9 meses disminuye la tos y la sensaci\u00f3n de falta de aliento<\/li>\n<li>Un a\u00f1o despu\u00e9s de dejar de fumar el riesgo de sufrir una cardiopat\u00eda coronaria es m\u00e1s o menos la mitad del de una persona que fuma<\/li>\n<li>Entre 5 y 15 a\u00f1os despu\u00e9s, el riesgo de sufrir un accidente cerebrovascular disminuye hasta ser igual al de una persona que no fuma<\/li>\n<li>15 a\u00f1os despu\u00e9s, el riesgo de sufrir una cardiopat\u00eda coronaria es igual al de una persona que no fuma.<\/li>\n<\/ul>\n<p>Le informo que Eastman Chemical Company, compa\u00f1\u00eda global de materiales avanzados y aditivos especiales, anuncia Amphora SP1621 su primer material en polvo para impresi\u00f3n 3D industrial.<\/p>\n<p>El polvo Amphora SP1621 se fabricar\u00e1 en colaboraci\u00f3n con Advanced Laser Materials (ALM), una compa\u00f1\u00eda especializada en investigaci\u00f3n, desarrollo y consulta de materiales para la impresi\u00f3n 3D industrial, tambi\u00e9n conocida como fabricaci\u00f3n aditiva (AM).<\/p>\n<p>Despu\u00e9s de una cuidadosa investigaci\u00f3n, Eastman eligi\u00f3 trabajar con ALM para ofrecer un material espec\u00edfico para un proceso de sinterizaci\u00f3n por l\u00e1ser LS y as\u00ed para crear piezas funcionales de alta calidad.<\/p>\n<p>Tambi\u00e9n le cuento que Eastman ahora ofrece un adhesivo de sellado desechable que ayuda a eliminar las etiquetas retr\u00e1ctiles de los envases de PET durante el proceso de reciclaje que es amigable con el medio ambiente ya que ayuda a mejorar el rendimiento del PET reciclado.<\/p>\n<p>A su vez, Playa Hotels &amp; Resorts celebr\u00f3 el pasado mes de abril de 2018, la graduaci\u00f3n de sus alumnos en el programa educativo y de ayuda a la comunidad: \u00abIniciativa de Carrera Juvenil YCI\u00bb formando nuevos colaboradores que desarrollaron habilidades de carrera aline\u00e1ndose a los valores y cultura de la empresa.<\/p>\n<p>Cuatro propiedades de la cadena Playa Hotels &amp; Resorts, Hyatt Ziva Canc\u00fan, Hyatt Ziva Los Cabos, Hyatt Ziva Puerto Vallarta y Hyatt Zilara Canc\u00fan, preocupados por contribuir en la soluci\u00f3n de necesidades en problemas sociales, como desempleo, exclusi\u00f3n social y explotaci\u00f3n de j\u00f3venes, patrocinaron y formaron a ocho j\u00f3venes graduados en Canc\u00fan, ocho en Puerto Vallarta y seis en Los Cabos.<\/p>\n<p>Los hoteles ofrecieron a j\u00f3venes entre 18 y 21 a\u00f1os en situaci\u00f3n de vulnerabilidad, un completo programa de entrenamiento de 6 meses. Pudieron practicar en 12 diferentes departamentos de los respectivos hoteles, recibieron clases te\u00f3ricas de turismo y hoteler\u00eda, clases de desarrollo personal por gerentes, colaboradores y voluntarios de organizaciones aliadas, totalmente gratis.<\/p>\n<p>Adem\u00e1s, se les dio apoyo en transporte, alimentos y salud.<\/p>\n<p>De esta forma participaron en una iniciativa de responsabilidad social tangible, medible y de alto impacto a nivel mundial, que optimiza el uso de los recursos de los hoteles y sus voluntarios.<\/p>\n<p>Durante las ceremonias de graduaci\u00f3n, transmitidas en vivo por Facebook Live, los estudiantes, entregaron un reconocimiento a las personas que m\u00e1s los apoyaron durante el programa mientras que los directores de Recursos Humanos y los Gerentes de Capacitaci\u00f3n, quienes coordinaron las pr\u00e1cticas, las clases y se responsabilizaron por el seguimiento de cada estudiante, premiaron al mejor promedio en aprovechamiento y confirmaron que todos los graduados terminaron con una oferta laboral; lo anterior ser\u00e1 motivo de posterior an\u00e1lisis en otra entrega de <strong><em>Hora 14<\/em><\/strong>.<\/p>\n<p><em><a href=\"mailto:%20mauricio_conde@msn.com\" target=\"_blank\" rel=\"noopener\">mauricioconde59@outlook.com<\/a><\/em><br \/>\n<a href=\"https:\/\/mauriciocondeblog.wordpress.com\" target=\"_blank\" rel=\"noopener\"><em>https:\/\/mauriciocondeblog.wordpress.com<\/em><\/a><\/p>\n","protected":false},"excerpt":{"rendered":"<p><span style=\"color: #005497;\"><strong>Mauricio Conde Olivares<\/strong><\/span><\/p>\n","protected":false},"author":3,"featured_media":0,"comment_status":"open","ping_status":"open","sticky":false,"template":"","format":"standard","meta":{"_monsterinsights_skip_tracking":false,"_monsterinsights_sitenote_active":false,"_monsterinsights_sitenote_note":"","_monsterinsights_sitenote_category":0,"footnotes":""},"categories":[35889],"tags":[43712,43674,44860],"class_list":["post-378591","post","type-post","status-publish","format-standard","hentry","category-mauricio-conde-olivares","tag-mauricio-conde-olivares","tag-opinion","tag-hora-14"],"_links":{"self":[{"href":"https:\/\/www.diarioimagen.net\/index.php?rest_route=\/wp\/v2\/posts\/378591","targetHints":{"allow":["GET"]}}],"collection":[{"href":"https:\/\/www.diarioimagen.net\/index.php?rest_route=\/wp\/v2\/posts"}],"about":[{"href":"https:\/\/www.diarioimagen.net\/index.php?rest_route=\/wp\/v2\/types\/post"}],"author":[{"embeddable":true,"href":"https:\/\/www.diarioimagen.net\/index.php?rest_route=\/wp\/v2\/users\/3"}],"replies":[{"embeddable":true,"href":"https:\/\/www.diarioimagen.net\/index.php?rest_route=%2Fwp%2Fv2%2Fcomments&post=378591"}],"version-history":[{"count":0,"href":"https:\/\/www.diarioimagen.net\/index.php?rest_route=\/wp\/v2\/posts\/378591\/revisions"}],"wp:attachment":[{"href":"https:\/\/www.diarioimagen.net\/index.php?rest_route=%2Fwp%2Fv2%2Fmedia&parent=378591"}],"wp:term":[{"taxonomy":"category","embeddable":true,"href":"https:\/\/www.diarioimagen.net\/index.php?rest_route=%2Fwp%2Fv2%2Fcategories&post=378591"},{"taxonomy":"post_tag","embeddable":true,"href":"https:\/\/www.diarioimagen.net\/index.php?rest_route=%2Fwp%2Fv2%2Ftags&post=378591"}],"curies":[{"name":"wp","href":"https:\/\/api.w.org\/{rel}","templated":true}]}}