{"id":378726,"date":"2018-05-31T00:10:41","date_gmt":"2018-05-31T05:10:41","guid":{"rendered":"http:\/\/www.diarioimagen.net\/?p=378726"},"modified":"2018-05-31T04:02:29","modified_gmt":"2018-05-31T09:02:29","slug":"desarrollan-generador-de-energia-electrica-a-base-de-bacterias","status":"publish","type":"post","link":"https:\/\/www.diarioimagen.net\/?p=378726","title":{"rendered":"Desarrollan generador de energ\u00eda el\u00e9ctrica a base de bacterias"},"content":{"rendered":"<ul>\n<li><strong><em>Estudiantes de UAEM, finalistas de Hult Prize<\/em><\/strong><\/li>\n<\/ul>\n<p>&nbsp;<\/p>\n<div id=\"attachment_378809\" style=\"width: 470px\" class=\"wp-caption aligncenter\"><a href=\"http:\/\/www.diarioimagen.net\/?attachment_id=378809\" rel=\"attachment wp-att-378809\"><img loading=\"lazy\" decoding=\"async\" aria-describedby=\"caption-attachment-378809\" class=\"size-large wp-image-378809\" src=\"http:\/\/www.diarioimagen.net\/wp-content\/uploads\/2018\/05\/UAEM-3379-460x306.jpg\" alt=\"\" width=\"460\" height=\"306\" srcset=\"https:\/\/www.diarioimagen.net\/wp-content\/uploads\/2018\/05\/UAEM-3379-460x306.jpg 460w, https:\/\/www.diarioimagen.net\/wp-content\/uploads\/2018\/05\/UAEM-3379-240x160.jpg 240w, https:\/\/www.diarioimagen.net\/wp-content\/uploads\/2018\/05\/UAEM-3379.jpg 700w\" sizes=\"auto, (max-width: 460px) 100vw, 460px\" \/><\/a><p id=\"caption-attachment-378809\" class=\"wp-caption-text\">Los estudiantes de la UAEM detallaron que el dispositivo que dise\u00f1aron cuenta con registro de patente ante el Instituto Mexicano de la Propiedad Industrial (IMPI).<\/p><\/div>\n<p>&nbsp;<\/p>\n<p><strong>Toluca, Estado de M\u00e9xico<\/strong>.\u2013 Con el desarrollo de un generador de energ\u00eda el\u00e9ctrica a base de bacterias, Luz Andrea Vargas Ch\u00e1vez, Luis Manuel Trejo Palacios, Alejandro de Jes\u00fas P\u00e9rez, Brandon Alexis Alvarado Mej\u00eda y Jonathan Jud\u00e1 Mart\u00ednez Rosales, estudiantes de la Universidad Aut\u00f3noma del Estado de M\u00e9xico, fueron finalistas de Hult Prize, certamen mundial de emprendimiento social en el que participaron m\u00e1s de 500 proyectos de 100 universidades p\u00fablicas y privadas de M\u00e9xico.<\/p>\n<p>EcoBacterEnergy, el dispositivo desarrollado por los estudiantes de la Facultad de Econom\u00eda de la Aut\u00f3noma mexiquense, se instala a un calentador solar de agua y opera a trav\u00e9s de un cultivo bacteriol\u00f3gico del g\u00e9nero geobacter, que puede encontrarse en agua contaminada y se caracteriza por generar electricidad.<\/p>\n<p>Asesorados por investigadores de las facultades de Qu\u00edmica y Medicina de la UAEM, los estudiantes descubrieron que con 40 litros de la bacteria y vinagre de manzana es posible generar 40.8 voltios, suficientes para cargar la bater\u00eda de un tel\u00e9fono, una computadora o encender cuatro focos LED.<\/p>\n<p>El cultivo bacteriol\u00f3gico, explicaron los estudiantes de la Aut\u00f3noma mexiquense, funciona a manera de energ\u00eda de reserva, es decir, adicional al calentador solar de agua, pues bajo condiciones clim\u00e1ticas donde no hay luz solar, la eficiencia t\u00e9rmica de estos aparatos disminuye.<\/p>\n<p>Los estudiantes de la Aut\u00f3noma mexiquense detallaron que el dispositivo que dise\u00f1aron cuenta con registro de patente ante el Instituto Mexicano de la Propiedad Industrial (IMPI), crearon una empresa constituida legalmente y atrajeron el inter\u00e9s de cadenas hoteleras.<\/p>\n<p>Como cada a\u00f1o, la competencia global Hult Prize public\u00f3 un reto, que para la edici\u00f3n 2018 consisti\u00f3 en \u201caprovechar el poder de la energ\u00eda para transformar la vida de 10 millones de personas\u201d, al cual respondieron los j\u00f3venes de la UAEM con este proyecto que tiene como prop\u00f3sito desarrollar energ\u00edas verdes y limpias.<\/p>\n","protected":false},"excerpt":{"rendered":"<p>Con el desarrollo de un generador de energ\u00eda el\u00e9ctrica a base de bacterias, Luz Andrea Vargas Ch\u00e1vez, Luis Manuel Trejo Palacios, Alejandro de Jes\u00fas P\u00e9rez, Brandon Alexis Alvarado Mej\u00eda y Jonathan Jud\u00e1 Mart\u00ednez Rosales, estudiantes de la Universidad Aut\u00f3noma del Estado de M\u00e9xico, fueron finalistas de Hult Prize, certamen mundial de emprendimiento social en el que participaron m\u00e1s de 500 proyectos de 100 universidades p\u00fablicas y privadas de M\u00e9xico.<\/p>\n","protected":false},"author":3,"featured_media":378809,"comment_status":"open","ping_status":"open","sticky":false,"template":"","format":"standard","meta":{"_monsterinsights_skip_tracking":false,"_monsterinsights_sitenote_active":false,"_monsterinsights_sitenote_note":"","_monsterinsights_sitenote_category":0,"footnotes":""},"categories":[5],"tags":[24223,43675,70599,74345,452],"class_list":["post-378726","post","type-post","status-publish","format-standard","has-post-thumbnail","hentry","category-estado-de-mexico","tag-bacteria","tag-estado-de-mexico","tag-finalista","tag-hult-prize","tag-toluca"],"_links":{"self":[{"href":"https:\/\/www.diarioimagen.net\/index.php?rest_route=\/wp\/v2\/posts\/378726","targetHints":{"allow":["GET"]}}],"collection":[{"href":"https:\/\/www.diarioimagen.net\/index.php?rest_route=\/wp\/v2\/posts"}],"about":[{"href":"https:\/\/www.diarioimagen.net\/index.php?rest_route=\/wp\/v2\/types\/post"}],"author":[{"embeddable":true,"href":"https:\/\/www.diarioimagen.net\/index.php?rest_route=\/wp\/v2\/users\/3"}],"replies":[{"embeddable":true,"href":"https:\/\/www.diarioimagen.net\/index.php?rest_route=%2Fwp%2Fv2%2Fcomments&post=378726"}],"version-history":[{"count":0,"href":"https:\/\/www.diarioimagen.net\/index.php?rest_route=\/wp\/v2\/posts\/378726\/revisions"}],"wp:featuredmedia":[{"embeddable":true,"href":"https:\/\/www.diarioimagen.net\/index.php?rest_route=\/wp\/v2\/media\/378809"}],"wp:attachment":[{"href":"https:\/\/www.diarioimagen.net\/index.php?rest_route=%2Fwp%2Fv2%2Fmedia&parent=378726"}],"wp:term":[{"taxonomy":"category","embeddable":true,"href":"https:\/\/www.diarioimagen.net\/index.php?rest_route=%2Fwp%2Fv2%2Fcategories&post=378726"},{"taxonomy":"post_tag","embeddable":true,"href":"https:\/\/www.diarioimagen.net\/index.php?rest_route=%2Fwp%2Fv2%2Ftags&post=378726"}],"curies":[{"name":"wp","href":"https:\/\/api.w.org\/{rel}","templated":true}]}}