{"id":378761,"date":"2018-05-31T00:04:58","date_gmt":"2018-05-31T05:04:58","guid":{"rendered":"http:\/\/www.diarioimagen.net\/?p=378761"},"modified":"2018-05-31T04:37:16","modified_gmt":"2018-05-31T09:37:16","slug":"pequena-de-11-anos-representara-a-tultepec-en-olimpiada-nacional","status":"publish","type":"post","link":"https:\/\/www.diarioimagen.net\/?p=378761","title":{"rendered":"Peque\u00f1a de 11 a\u00f1os representar\u00e1 a Tultepec en Olimpiada Nacional"},"content":{"rendered":"<ul>\n<li><strong><em>Alumna de sexto que ya es campeona<\/em><\/strong><\/li>\n<\/ul>\n<p>&nbsp;<\/p>\n<div id=\"attachment_378878\" style=\"width: 470px\" class=\"wp-caption aligncenter\"><a href=\"http:\/\/www.diarioimagen.net\/?attachment_id=378878\" rel=\"attachment wp-att-378878\"><img loading=\"lazy\" decoding=\"async\" aria-describedby=\"caption-attachment-378878\" class=\"size-large wp-image-378878\" src=\"http:\/\/www.diarioimagen.net\/wp-content\/uploads\/2018\/05\/TULTEPEC-3379-460x259.jpg\" alt=\"\" width=\"460\" height=\"259\" srcset=\"https:\/\/www.diarioimagen.net\/wp-content\/uploads\/2018\/05\/TULTEPEC-3379-460x259.jpg 460w, https:\/\/www.diarioimagen.net\/wp-content\/uploads\/2018\/05\/TULTEPEC-3379-240x135.jpg 240w, https:\/\/www.diarioimagen.net\/wp-content\/uploads\/2018\/05\/TULTEPEC-3379-235x132.jpg 235w, https:\/\/www.diarioimagen.net\/wp-content\/uploads\/2018\/05\/TULTEPEC-3379-202x114.jpg 202w, https:\/\/www.diarioimagen.net\/wp-content\/uploads\/2018\/05\/TULTEPEC-3379-350x196.jpg 350w, https:\/\/www.diarioimagen.net\/wp-content\/uploads\/2018\/05\/TULTEPEC-3379-220x123.jpg 220w, https:\/\/www.diarioimagen.net\/wp-content\/uploads\/2018\/05\/TULTEPEC-3379-237x132.jpg 237w, https:\/\/www.diarioimagen.net\/wp-content\/uploads\/2018\/05\/TULTEPEC-3379.jpg 480w\" sizes=\"auto, (max-width: 460px) 100vw, 460px\" \/><\/a><p id=\"caption-attachment-378878\" class=\"wp-caption-text\">La presidenta, Mar\u00eda de Lourdes Nieto S\u00e1nchez, felicit\u00f3 a Mar\u00eda Teresa Dom\u00ednguez Rogel y expres\u00f3 sentirse orgullosa por sus logros.<\/p><\/div>\n<p>&nbsp;<\/p>\n<p><strong>Tultepec, Estado de M\u00e9xico<\/strong>.- En esta ciudad le apostamos a la educaci\u00f3n, a la cultura, al deporte y al arte entre nuestros ni\u00f1os y j\u00f3venes; y por ello no dudamos en impulsarlo en la medida de nuestras posibilidades, afirm\u00f3 Mar\u00eda de Lourdes Nieto S\u00e1nchez, presidenta municipal por Ministerio de Ley, al entregar un apoyo econ\u00f3mico a Mar\u00eda Teresa Dom\u00ednguez Rogel alumna de 6\u00ba a\u00f1o de primaria.<\/p>\n<p>Con tan s\u00f3lo 11 a\u00f1os ya es campeona estatal escolar de su categor\u00eda en salto de longitud, y representar\u00e1 a Tultepec y al Estado de M\u00e9xico, en la competencia de atletismo a nivel nacional, que se realizar\u00e1 este s\u00e1bado en Bah\u00eda de Banderas, en el estado de Nayarit, del 2 al 7 de junio.<\/p>\n<p>La menor de cuatro hermanos cambi\u00f3 el futbol soccer por el atletismo, en este caso por la disciplina de salto de longitud, gracias al descubrimiento de su talento y cualidades por parte de su profesor Jorge Alc\u00e1ntara Moreno en la primaria Jaime Torres Bodet, de Tultepec, donde cursa el 6\u00ba grado, al rebasar su propia marca en cuatro ocasiones, en menos de cuatro meses.<\/p>\n<p>En su primera competencia celebrada en febrero pasado, impulsada por el coordinador de la SEP en el Valle de M\u00e9xico Antonio M\u00e9ndez Espino y tambi\u00e9n por su entrenadora, Mar\u00eda Teresa Dom\u00ednguez Rogel obtuvo el primer lugar de su categor\u00eda con una marca de 3.37 metros en la prueba de salto de longitud, superando a m\u00e1s de 30 competidoras de los municipios de Cuautitl\u00e1n, Tultitl\u00e1n y Tultepec.<\/p>\n<p>Ese logro le dio la oportunidad de competir a nivel regional en la prueba celebrada en el Deportivo Santa Cecilia en Tlalnepantla, donde participaron 16 atletas en su categor\u00eda de los municipios de Nezahualc\u00f3yotl, Naucalpan, Apaxco y el anfitri\u00f3n; donde a pesar de superar su propia marca con 3.39 metros, obtuvo el tercer lugar.<\/p>\n<p>No obstante, en su siguiente prueba celebrada en el municipio de Metepec, la peque\u00f1a gran atleta de Tultepec, volvi\u00f3 a romper su marca al saltar 3.69 metros, obteniendo as\u00ed el primer lugar de entre 15 competidoras, mismo que le dio el pase al torneo a nivel nacional que se celebrar\u00e1 del 2 al 7 de junio pr\u00f3ximo en Bah\u00eda de Banderas, en el estado de Nayarit.<\/p>\n<p>La menor con talento deportivo especial, junto con sus padres Mar\u00eda Teresa Rogel Olarte y Armando Dom\u00ednguez Alba, visitaron a la alcaldesa en su oficina para recibir personalmente un apoyo econ\u00f3mico, donde la menor se comprometi\u00f3 a \u201crealizar mi mayor esfuerzo para regresar con un triunfo compartido que enorgullezca a todos los tultepequenses\u201d.<\/p>\n<p>La presidenta Mar\u00eda de Lourdes Nieto S\u00e1nchez, la felicit\u00f3 y expres\u00f3 sentirse orgullosa por sus logros, \u201csin duda producto del gran apoyo de tus padres, maestros y entrenadores; lo que hacen de ti no s\u00f3lo atleta con mucho futuro, sino un ejemplo a seguir para ni\u00f1os y j\u00f3venes de todo M\u00e9xico\u201d.<\/p>\n","protected":false},"excerpt":{"rendered":"<p>En esta ciudad le apostamos a la educaci\u00f3n, a la cultura, al deporte y al arte entre nuestros ni\u00f1os y j\u00f3venes; y por ello no dudamos en impulsarlo en la medida de nuestras posibilidades, afirm\u00f3 Mar\u00eda de Lourdes Nieto S\u00e1nchez, presidenta municipal por Ministerio de Ley, al entregar un apoyo econ\u00f3mico a Mar\u00eda Teresa Dom\u00ednguez Rogel alumna de 6\u00ba a\u00f1o de primaria.<\/p>\n","protected":false},"author":3,"featured_media":378878,"comment_status":"open","ping_status":"open","sticky":false,"template":"","format":"standard","meta":{"_monsterinsights_skip_tracking":false,"_monsterinsights_sitenote_active":false,"_monsterinsights_sitenote_note":"","_monsterinsights_sitenote_category":0,"footnotes":""},"categories":[35155],"tags":[43675,16431,3802],"class_list":["post-378761","post","type-post","status-publish","format-standard","has-post-thumbnail","hentry","category-estado-de-mexico-estado-de-mexico","tag-estado-de-mexico","tag-olimpiada-nacional","tag-tultepec"],"_links":{"self":[{"href":"https:\/\/www.diarioimagen.net\/index.php?rest_route=\/wp\/v2\/posts\/378761","targetHints":{"allow":["GET"]}}],"collection":[{"href":"https:\/\/www.diarioimagen.net\/index.php?rest_route=\/wp\/v2\/posts"}],"about":[{"href":"https:\/\/www.diarioimagen.net\/index.php?rest_route=\/wp\/v2\/types\/post"}],"author":[{"embeddable":true,"href":"https:\/\/www.diarioimagen.net\/index.php?rest_route=\/wp\/v2\/users\/3"}],"replies":[{"embeddable":true,"href":"https:\/\/www.diarioimagen.net\/index.php?rest_route=%2Fwp%2Fv2%2Fcomments&post=378761"}],"version-history":[{"count":0,"href":"https:\/\/www.diarioimagen.net\/index.php?rest_route=\/wp\/v2\/posts\/378761\/revisions"}],"wp:featuredmedia":[{"embeddable":true,"href":"https:\/\/www.diarioimagen.net\/index.php?rest_route=\/wp\/v2\/media\/378878"}],"wp:attachment":[{"href":"https:\/\/www.diarioimagen.net\/index.php?rest_route=%2Fwp%2Fv2%2Fmedia&parent=378761"}],"wp:term":[{"taxonomy":"category","embeddable":true,"href":"https:\/\/www.diarioimagen.net\/index.php?rest_route=%2Fwp%2Fv2%2Fcategories&post=378761"},{"taxonomy":"post_tag","embeddable":true,"href":"https:\/\/www.diarioimagen.net\/index.php?rest_route=%2Fwp%2Fv2%2Ftags&post=378761"}],"curies":[{"name":"wp","href":"https:\/\/api.w.org\/{rel}","templated":true}]}}