{"id":378772,"date":"2018-05-31T00:05:57","date_gmt":"2018-05-31T05:05:57","guid":{"rendered":"http:\/\/www.diarioimagen.net\/?p=378772"},"modified":"2018-05-31T04:35:32","modified_gmt":"2018-05-31T09:35:32","slug":"negativa-al-mando-unico-provoco-el-disparo-de-la-delincuencia-geyne","status":"publish","type":"post","link":"https:\/\/www.diarioimagen.net\/?p=378772","title":{"rendered":"Negativa al Mando \u00danico provoc\u00f3 el disparo de la delincuencia: Geyne"},"content":{"rendered":"<ul>\n<li><strong><em>La m\u00e1s sentida demanda de atizapenses<\/em><\/strong><\/li>\n<\/ul>\n<p>&nbsp;<\/p>\n<div id=\"attachment_378875\" style=\"width: 470px\" class=\"wp-caption aligncenter\"><a href=\"http:\/\/www.diarioimagen.net\/?attachment_id=378875\" rel=\"attachment wp-att-378875\"><img loading=\"lazy\" decoding=\"async\" aria-describedby=\"caption-attachment-378875\" class=\"size-large wp-image-378875\" src=\"http:\/\/www.diarioimagen.net\/wp-content\/uploads\/2018\/05\/ATIZAPAN-3379-460x259.jpg\" alt=\"\" width=\"460\" height=\"259\" srcset=\"https:\/\/www.diarioimagen.net\/wp-content\/uploads\/2018\/05\/ATIZAPAN-3379-460x259.jpg 460w, https:\/\/www.diarioimagen.net\/wp-content\/uploads\/2018\/05\/ATIZAPAN-3379-240x135.jpg 240w, https:\/\/www.diarioimagen.net\/wp-content\/uploads\/2018\/05\/ATIZAPAN-3379-235x132.jpg 235w, https:\/\/www.diarioimagen.net\/wp-content\/uploads\/2018\/05\/ATIZAPAN-3379-202x114.jpg 202w, https:\/\/www.diarioimagen.net\/wp-content\/uploads\/2018\/05\/ATIZAPAN-3379-350x196.jpg 350w, https:\/\/www.diarioimagen.net\/wp-content\/uploads\/2018\/05\/ATIZAPAN-3379-220x123.jpg 220w, https:\/\/www.diarioimagen.net\/wp-content\/uploads\/2018\/05\/ATIZAPAN-3379-237x132.jpg 237w, https:\/\/www.diarioimagen.net\/wp-content\/uploads\/2018\/05\/ATIZAPAN-3379.jpg 480w\" sizes=\"auto, (max-width: 460px) 100vw, 460px\" \/><\/a><p id=\"caption-attachment-378875\" class=\"wp-caption-text\">Enrique Geyne se\u00f1al\u00f3 que cuando encabece el gobierno, se establecer\u00e1 una Base de Operaciones Mixtas (BOM) y polic\u00eda municipal cerrar\u00e1 filas.<\/p><\/div>\n<p>&nbsp;<\/p>\n<p><strong>Atizap\u00e1n, Estado de M\u00e9xico<\/strong>.- \u201cEn mi caminar y toque de puertas lo primero que me piden los atizapenses es seguridad\u201d, reconoci\u00f3 el candidato del PRI a la presidencia municipal, Enrique Geyne, al acudir a la colonia San Miguel Xochimanga, dentro de su gira proselitista, en busca del respaldo ciudadano.<\/p>\n<p>Asimismo, el abanderado tricolor reiter\u00f3 que mejorar la seguridad p\u00fablica es la m\u00e1s sentida demanda de la ciudadan\u00eda, como lo ha constatado en cada uno de sus recorridos por las comunidades de la demarcaci\u00f3n, donde los vecinos le expresan a diario su preocupaci\u00f3n por los actos delictivos que se cometen y que arrebatan la tranquilidad a las familias.<\/p>\n<p>En respuesta a estos planteamientos, Enrique Geyne refrend\u00f3 su compromiso en materia de seguridad p\u00fablica y afirm\u00f3 que como presidente municipal, pondr\u00e1 en marcha pol\u00edticas p\u00fablicas transversales, que contribuyan a reducir significativamente el \u00edndice delictivo.<\/p>\n<p>Record\u00f3 que cuando est\u00e9 al frente de la administraci\u00f3n, Atizap\u00e1n se adherir\u00e1 al Mando \u00danico, lo que ayudar\u00e1 a sumar esfuerzos con el gobierno estatal y reforzar la vigilancia.<\/p>\n<p>\u201cSi Atizap\u00e1n hubiera firmado el convenio del Mando \u00danico, no estar\u00eda desbordada la inseguridad en nuestro municipio, pero la reiterada negativa de la alcaldesa Ana Balderas a suscribirlo, ha impedido estrechar v\u00ednculos y estrategias policiales; es por eso que este problema en lugar de disminuir, se ha disparado\u201d, precis\u00f3 el abanderado pri\u00edsta.<\/p>\n<p>Por \u00faltimo, coment\u00f3 que cuando encabece el gobierno municipal, se establecer\u00e1 una Base de Operaciones Mixtas (BOM), con la que la polic\u00eda municipal cerrar\u00e1 filas con la corporaci\u00f3n estatal y las fuerzas armadas, para dar una lucha sin tregua en contra de la delincuencia, entre otras acciones que devolver\u00e1n a los atizapenses los niveles de seguridad que hab\u00eda antes de los malos gobiernos de Acci\u00f3n Nacional.<\/p>\n","protected":false},"excerpt":{"rendered":"<p> \u201cEn mi caminar y toque de puertas lo primero que me piden los atizapenses es seguridad\u201d, reconoci\u00f3 el candidato del PRI a la presidencia municipal, Enrique Geyne, al acudir a la colonia San Miguel Xochimanga, dentro de su gira proselitista, en busca del respaldo ciudadano.<\/p>\n","protected":false},"author":3,"featured_media":378875,"comment_status":"open","ping_status":"open","sticky":false,"template":"","format":"standard","meta":{"_monsterinsights_skip_tracking":false,"_monsterinsights_sitenote_active":false,"_monsterinsights_sitenote_note":"","_monsterinsights_sitenote_category":0,"footnotes":""},"categories":[35155],"tags":[969,8654,43675,15611],"class_list":["post-378772","post","type-post","status-publish","format-standard","has-post-thumbnail","hentry","category-estado-de-mexico-estado-de-mexico","tag-atizapan","tag-delincuencia","tag-estado-de-mexico","tag-mando-unico"],"_links":{"self":[{"href":"https:\/\/www.diarioimagen.net\/index.php?rest_route=\/wp\/v2\/posts\/378772","targetHints":{"allow":["GET"]}}],"collection":[{"href":"https:\/\/www.diarioimagen.net\/index.php?rest_route=\/wp\/v2\/posts"}],"about":[{"href":"https:\/\/www.diarioimagen.net\/index.php?rest_route=\/wp\/v2\/types\/post"}],"author":[{"embeddable":true,"href":"https:\/\/www.diarioimagen.net\/index.php?rest_route=\/wp\/v2\/users\/3"}],"replies":[{"embeddable":true,"href":"https:\/\/www.diarioimagen.net\/index.php?rest_route=%2Fwp%2Fv2%2Fcomments&post=378772"}],"version-history":[{"count":0,"href":"https:\/\/www.diarioimagen.net\/index.php?rest_route=\/wp\/v2\/posts\/378772\/revisions"}],"wp:featuredmedia":[{"embeddable":true,"href":"https:\/\/www.diarioimagen.net\/index.php?rest_route=\/wp\/v2\/media\/378875"}],"wp:attachment":[{"href":"https:\/\/www.diarioimagen.net\/index.php?rest_route=%2Fwp%2Fv2%2Fmedia&parent=378772"}],"wp:term":[{"taxonomy":"category","embeddable":true,"href":"https:\/\/www.diarioimagen.net\/index.php?rest_route=%2Fwp%2Fv2%2Fcategories&post=378772"},{"taxonomy":"post_tag","embeddable":true,"href":"https:\/\/www.diarioimagen.net\/index.php?rest_route=%2Fwp%2Fv2%2Ftags&post=378772"}],"curies":[{"name":"wp","href":"https:\/\/api.w.org\/{rel}","templated":true}]}}