{"id":378776,"date":"2018-05-31T00:02:20","date_gmt":"2018-05-31T05:02:20","guid":{"rendered":"http:\/\/www.diarioimagen.net\/?p=378776"},"modified":"2018-05-31T04:39:32","modified_gmt":"2018-05-31T09:39:32","slug":"cesar-camacho-fue-el-impulsor-y-autor-de-la-reforma-penal-acusatoria-de-2008-layda-negrete","status":"publish","type":"post","link":"https:\/\/www.diarioimagen.net\/?p=378776","title":{"rendered":"C\u00e9sar Camacho fue el impulsor y autor de la reforma penal acusatoria de 2008: Layda Negrete"},"content":{"rendered":"<ul>\n<li><strong><em>Candidato del PRI al\u2008Senado<\/em><\/strong><\/li>\n<\/ul>\n<p>&nbsp;<\/p>\n<div id=\"attachment_378883\" style=\"width: 470px\" class=\"wp-caption aligncenter\"><a href=\"http:\/\/www.diarioimagen.net\/?attachment_id=378883\" rel=\"attachment wp-att-378883\"><img loading=\"lazy\" decoding=\"async\" aria-describedby=\"caption-attachment-378883\" class=\"size-large wp-image-378883\" src=\"http:\/\/www.diarioimagen.net\/wp-content\/uploads\/2018\/05\/VALLE-3379-460x259.jpg\" alt=\"\" width=\"460\" height=\"259\" srcset=\"https:\/\/www.diarioimagen.net\/wp-content\/uploads\/2018\/05\/VALLE-3379-460x259.jpg 460w, https:\/\/www.diarioimagen.net\/wp-content\/uploads\/2018\/05\/VALLE-3379-240x135.jpg 240w, https:\/\/www.diarioimagen.net\/wp-content\/uploads\/2018\/05\/VALLE-3379-235x132.jpg 235w, https:\/\/www.diarioimagen.net\/wp-content\/uploads\/2018\/05\/VALLE-3379-202x114.jpg 202w, https:\/\/www.diarioimagen.net\/wp-content\/uploads\/2018\/05\/VALLE-3379-350x196.jpg 350w, https:\/\/www.diarioimagen.net\/wp-content\/uploads\/2018\/05\/VALLE-3379-220x123.jpg 220w, https:\/\/www.diarioimagen.net\/wp-content\/uploads\/2018\/05\/VALLE-3379-237x132.jpg 237w, https:\/\/www.diarioimagen.net\/wp-content\/uploads\/2018\/05\/VALLE-3379.jpg 480w\" sizes=\"auto, (max-width: 460px) 100vw, 460px\" \/><\/a><p id=\"caption-attachment-378883\" class=\"wp-caption-text\">El candidato pri\u00edsta al Senado, C\u00e9sar CamachoQuiroz, fue reconocido como \u201cimpulsor y un autor determinante\u201d de la reforma penal de 2008.<\/p><\/div>\n<p>&nbsp;<\/p>\n<p><strong>Valle de M\u00e9xico<\/strong>.- Layda Negrete, coordinadora del Proyecto de Calidad de la Justicia de la organizaci\u00f3n \u201cM\u00e9xico Eval\u00faa\u201d, reconoci\u00f3 p\u00fablicamente a C\u00e9sar Camacho como \u201cimpulsor y un autor determinante\u201d de la reforma penal de 2008, al participar de manera conjunta en los trabajos de las mesas de an\u00e1lisis para \u201cConsolidar la Transformaci\u00f3n del Sistema de Justicia Penal\u201d, convocadas por el Centro de Investigaci\u00f3n y Docencia Econ\u00f3mica (CIDE).<\/p>\n<p>En la sede de la instituci\u00f3n, el candidato del PRI al Senado de la Rep\u00fablica por el Estado de M\u00e9xico, asegur\u00f3 que el reto del nuevo Sistema Penal de Justicia Acusatorio, cuya elaboraci\u00f3n impuls\u00f3 como presidente de la Comisi\u00f3n de Justicia del Congreso federal, \u201cno es insistir en el dilema de si se debe privilegiar le eficacia o el respeto a los derechos humanos, sino lograr ambos prop\u00f3sitos\u201d.<\/p>\n<p>Tras de reconocer que este reto es de operaci\u00f3n, \u201cpero tambi\u00e9n de leyes\u201d, Camacho se dijo \u201clisto para continuar mejorando el sistema de justicia desde el Legislativo\u201d, por lo que se pronunci\u00f3 por la migraci\u00f3n a un C\u00f3digo Penal \u00fanico que garantice que el cat\u00e1logo de delitos y penas sea viable, adem\u00e1s de una coordinaci\u00f3n y seguimiento efectivos, \u201cpero al margen de coyunturas de cualquier tipo, sobre todo la electoral\u201d.<\/p>\n<p>De igual forma, el ex gobernador mexiquense propuso la autonom\u00eda t\u00e9cnica de la investigaci\u00f3n en las polic\u00edas \u201cpor la falta de comprensi\u00f3n en el papel que actualmente juegan las fiscal\u00edas\u201d, as\u00ed como el redise\u00f1o de estas figuras \u201cpero de fondo, no s\u00f3lo para cambiarle de nombre, y sin que ello derive en jaloneos pol\u00edticos\u201d.<\/p>\n<p>Sostuvo que es urgente que \u201cun diagn\u00f3stico realista venga pronto\u201d, si se quiere erradicar la corrupci\u00f3n del sistema penal, por lo que hizo un llamado a los jueces \u201cpara que act\u00faen con valent\u00eda, profesionalismo y sentido de responsabilidad\u201d.<\/p>\n<p>Conjuntamente con Layda Negrete y C\u00e9sar Camacho, participaron tambi\u00e9n en esta mesa otros destacados juristas, acad\u00e9micos y especialistas en el tema como Agust\u00edn Acosta, Javier Carrasco y Carlos de la Rosa, quienes respaldaron las posturas del candidato al Senado.<\/p>\n","protected":false},"excerpt":{"rendered":"<p>Layda Negrete, coordinadora del Proyecto de Calidad de la Justicia de la organizaci\u00f3n \u201cM\u00e9xico Eval\u00faa\u201d, reconoci\u00f3 p\u00fablicamente a C\u00e9sar Camacho como \u201cimpulsor y un autor determinante\u201d de la reforma penal de 2008, al participar de manera conjunta en los trabajos de las mesas de an\u00e1lisis para \u201cConsolidar la Transformaci\u00f3n del Sistema de Justicia Penal\u201d, convocadas por el Centro de Investigaci\u00f3n y Docencia Econ\u00f3mica (CIDE).<\/p>\n","protected":false},"author":3,"featured_media":378883,"comment_status":"open","ping_status":"open","sticky":false,"template":"","format":"standard","meta":{"_monsterinsights_skip_tracking":false,"_monsterinsights_sitenote_active":false,"_monsterinsights_sitenote_note":"","_monsterinsights_sitenote_category":0,"footnotes":""},"categories":[35155],"tags":[3184,34],"class_list":["post-378776","post","type-post","status-publish","format-standard","has-post-thumbnail","hentry","category-estado-de-mexico-estado-de-mexico","tag-cesar-camacho-quiroz","tag-valle-de-mexico"],"_links":{"self":[{"href":"https:\/\/www.diarioimagen.net\/index.php?rest_route=\/wp\/v2\/posts\/378776","targetHints":{"allow":["GET"]}}],"collection":[{"href":"https:\/\/www.diarioimagen.net\/index.php?rest_route=\/wp\/v2\/posts"}],"about":[{"href":"https:\/\/www.diarioimagen.net\/index.php?rest_route=\/wp\/v2\/types\/post"}],"author":[{"embeddable":true,"href":"https:\/\/www.diarioimagen.net\/index.php?rest_route=\/wp\/v2\/users\/3"}],"replies":[{"embeddable":true,"href":"https:\/\/www.diarioimagen.net\/index.php?rest_route=%2Fwp%2Fv2%2Fcomments&post=378776"}],"version-history":[{"count":0,"href":"https:\/\/www.diarioimagen.net\/index.php?rest_route=\/wp\/v2\/posts\/378776\/revisions"}],"wp:featuredmedia":[{"embeddable":true,"href":"https:\/\/www.diarioimagen.net\/index.php?rest_route=\/wp\/v2\/media\/378883"}],"wp:attachment":[{"href":"https:\/\/www.diarioimagen.net\/index.php?rest_route=%2Fwp%2Fv2%2Fmedia&parent=378776"}],"wp:term":[{"taxonomy":"category","embeddable":true,"href":"https:\/\/www.diarioimagen.net\/index.php?rest_route=%2Fwp%2Fv2%2Fcategories&post=378776"},{"taxonomy":"post_tag","embeddable":true,"href":"https:\/\/www.diarioimagen.net\/index.php?rest_route=%2Fwp%2Fv2%2Ftags&post=378776"}],"curies":[{"name":"wp","href":"https:\/\/api.w.org\/{rel}","templated":true}]}}