{"id":378795,"date":"2018-05-31T00:00:57","date_gmt":"2018-05-31T05:00:57","guid":{"rendered":"http:\/\/www.diarioimagen.net\/?p=378795"},"modified":"2018-05-31T03:53:25","modified_gmt":"2018-05-31T08:53:25","slug":"las-encuestas-no-votan","status":"publish","type":"post","link":"https:\/\/www.diarioimagen.net\/?p=378795","title":{"rendered":"Las encuestas no votan"},"content":{"rendered":"<h2>La Retaguardia<\/h2>\n<h5>Adriana Moreno Cordero<\/h5>\n<p>&nbsp;<\/p>\n<p><em>\u00a0<\/em><\/p>\n<ul>\n<li><em><strong>Despu\u00e9s de descalificarlas<\/strong><\/em><\/li>\n<li><em><strong>Ahora para AMLO son verdad absoluta<\/strong><\/em><\/li>\n<li><em><strong>Mala jugada de PAN en SLP<\/strong><\/em><\/li>\n<\/ul>\n<p>&nbsp;<\/p>\n<p>Las encuestas no votan, coinciden en se\u00f1alar diversos analistas y argumentan que lo que contestan los encuestados, es su opini\u00f3n en ese momento y que el mero d\u00eda de la elecci\u00f3n, ya en la casilla y con la boleta enfrente, puede pasar otra cosa muy distinta.<\/p>\n<p>Ante esta perspectiva, el candidato presidencial de la coalici\u00f3n \u201cJuntos Haremos Historia\u201d, <strong>Andr\u00e9s Manuel L\u00f3pez Obrador<\/strong> se inquieta y mucho, aunque en sus eventos masivos no lo deja ver. Ah\u00ed, est\u00e1 m\u00e1s que sonriente y complacido.<\/p>\n<p>A lo largo de sus 18 a\u00f1os de campa\u00f1a, el tabasque\u00f1o, como se recordar\u00e1, siempre hab\u00eda descalificado las encuestas. Sol\u00eda decir que estos ejercicios estaban \u201ccuchareados\u201d e incluso, aprovechaba la ocasi\u00f3n para victimizarse y se\u00f1alar que le hab\u00edan robado la elecci\u00f3n, e incluso, \u00e9l mismo aseguraba en el pasado que la hora del voto era la hora de la verdad.<\/p>\n<p>Actualmente, cuando todos los sondeos lo colocan por encima del resto de los candidatos presidenciales, el due\u00f1o de Morena repite la frase que acu\u00f1\u00f3 en su anterior campa\u00f1a: \u201csonr\u00ede, vamos a ganar\u201d y entonces s\u00ed, asegura que las encuestas son algo as\u00ed como la verdad absoluta, esto, en la vieja din\u00e1mica de que como lo favorecen, se trata de un ejercicio democr\u00e1tico.<\/p>\n<p>Y como al parecer, los astros se est\u00e1n alineando a su favor, es el propio AMLO el que revive su enfrentamiento con\u00a0 los empresarios, eso s\u00ed y seg\u00fan \u00e9l, bajo el esquema del \u201camor y paz\u201d.<\/p>\n<p>Hay que recordar que ninguno de los empresarios mencion\u00f3 por su nombre al de Macuspana, pero resulta m\u00e1s que obvio que se refer\u00edan a \u00e9l, especialmente <strong>Germ\u00e1n Larrea<\/strong> por el tema de la candidatura al Senado de la Rep\u00fablica de <strong>Napole\u00f3n G\u00f3mez Urrutia<\/strong>.<\/p>\n<p>Ayer no dej\u00f3 de llamar la atenci\u00f3n que el diario \u201cThe Wall Strett Journal\u201d, hiciera una comparaci\u00f3n entre L\u00f3pez Obrador y el Presidente de Estados Unidos, <strong>Donald Trump<\/strong>, que por cierto tiene p\u00e9sima ortograf\u00eda y peor gram\u00e1tica, lo que demostr\u00f3 en una carta oficial que le escribi\u00f3 a una maestra de ingl\u00e9s, que le marc\u00f3 todos sus errores.<\/p>\n<p>Empieza el referido art\u00edculo se\u00f1alando el diario que, \u201cambos (L\u00f3pez Obrador y Trump), son vendedores altamente dotados y nacionalistas econ\u00f3micos, con un instinto para volcar las convenciones pol\u00edticas\u201d, sin embargo, esos nacionalismos podr\u00edan contrapuntearse. \u00bfSer\u00e1? Eso s\u00ed, de que los dos son obsesionados, tercos y no oyen razones, ni hablar.<\/p>\n<p>De forma paralela y quiz\u00e1s desde el polo opuesto al del presidente norteamericano, contin\u00faa haci\u00e9ndose la comparaci\u00f3n entre L\u00f3pez Obrador y el venezolano <strong>Nicol\u00e1s Maduro<\/strong>, cuesti\u00f3n que el tabasque\u00f1o sigue descartando, as\u00ed como tambi\u00e9n se espera que rechace que lo comparen con el inquilino de la Casa Blanca.<\/p>\n<p>Ayer en Oaxaca, donde por cierto, los \u201cmaestros\u201d de la Coordinadora Nacional de Trabajadores de la Educaci\u00f3n, de sus m\u00e1s fieles seguidores, lo recibieron en su tercer d\u00eda de paros y movilizaciones para echar abajo la Reforma Educativa, -ayer bloquearon el Aeropuerto y la Central Camionera-, AMLO se lanz\u00f3 en contra de los empresarios que llaman a no votar por una opci\u00f3n populista y acus\u00f3 que ni siquiera saben lo que significa el concepto.<\/p>\n<p>En Salina Cruz, espec\u00edficamente se\u00f1al\u00f3: Eso del populismo es un sonsonete que agarran para todo, ni saben qu\u00e9 cosa es lo del populismo, pero lo utilizan para asustar a la gente\u201d. Pues habr\u00e1 que ver cu\u00e1ntos se asustan con la posibilidad de que el tabasque\u00f1o llegue.<\/p>\n<p style=\"text-align: center;\"><strong>Municiones<\/strong><\/p>\n<p>*** Mal sali\u00f3 la jugada pol\u00edtica que protagoniz\u00f3 el PAN en San Luis Potos\u00ed el pasado fin de semana, al pretender \u201cmontarse\u201d en el dolor de una familia que perdi\u00f3 a uno de sus integrantes y que el coordinador de la campa\u00f1a de Ricardo Anaya en ese estado, <strong>Xavier Azuara Z\u00fa\u00f1iga<\/strong> intent\u00f3 aprovechar para decir que el difunto, era brigadista de Acci\u00f3n Nacional y que su deceso tuvo que ver con la campa\u00f1a electoral, situaci\u00f3n que de inmediato desminti\u00f3 la familia, que exigi\u00f3 a los panistas dejar de lucrar con su dolor, porque ellos no trabajan para ning\u00fan candidato. \u00a1Qu\u00e9 tal!<\/p>\n<p>*** Muy activo est\u00e1 el joven candidato de la coalici\u00f3n \u201cPor M\u00e9xico al Frente\u201d,\u00a0 al gobierno de Guanajuato, <strong>Diego Sinhu\u00e9 Rodr\u00edguez<\/strong>. Por cierto, las encuestas lo colocan muy por arriba del abanderado del PRI a esa misma posici\u00f3n, <strong>Gerardo S\u00e1nchez<\/strong>, otro que se lanz\u00f3 a esa contienda, sabedor de que\u00a0 no tiene nada que perder. En caso de obtener el triunfo, Diego Sinhu\u00e9, que proviene de una familia con cuatro d\u00e9cadas militando en Acci\u00f3n Nacional, se convertir\u00eda en el octavo gobernador de Guanajuato, que ahora asegura que trabaja tambi\u00e9n para Ricardo Anaya. Conf\u00eda en que de cara a las elecciones del 1 de julio,\u00a0 hay m\u00e1s gente que no quiere a L\u00f3pez Obrador<\/p>\n<p>*** No la pas\u00f3 tan bien como esperaba en su gira por Chiapas, el candidato presidencial de la coalici\u00f3n \u201cPor M\u00e9xico al Frente\u201d; recibi\u00f3 m\u00e1s reclamos que porras y tuvo que ser escoltado por caminos m\u00e1s largos, por eso, el\u00a0 \u201cJoven Maravilla\u201d cambi\u00f3 de estrategia y desde las Margaritas, asegur\u00f3 que \u00e9l si cumplir\u00e1 con los acuerdos de San Andr\u00e9s Larr\u00e1inzar, y no lo har\u00e1 en tiempo record como lo prometi\u00f3 y nunca cumpli\u00f3 el expresidente <strong>Vicente Fox<\/strong>. Anaya record\u00f3 que Las Margaritas, fue testigo del levantamiento de EZLN, \u201cy me obliga a recordar que este movimiento hizo que M\u00e9xico y todo el mundo pusiera los ojos en Chiapas y fallamos, no estuvimos a la altura de sus demandas y sentimientos\u201d.\u00a0 Para rematar, Anaya salud\u00f3 a <strong>Mar\u00eda de Jes\u00fas Patricio<\/strong>, que intent\u00f3 ser candidata presidencial independiente.<\/p>\n<p>*** Que s\u00ed se presentar\u00eda una queja por la candidatura al Senado de la Rep\u00fablica de <strong>Nestora Salgado<\/strong> y su doble nacionalidad antes del registro porque es un derecho, pero lo que no deja de sorprender, es que en el INE digan que se les fue ese peque\u00f1o detalle, el de la doble nacionalidad de la cuestionada candidata. Se comenta en los corrillos pol\u00edticos que el Instituto que preside Lorenzo C\u00f3rdova \u201ccoquetea\u201d con la izquierda. \u00bfSer\u00e1?<\/p>\n<p><a href=\"mailto:morcora@gmail.com\" target=\"_blank\" rel=\"noopener\"><em>morcora@gmail.com<\/em><\/a><\/p>\n","protected":false},"excerpt":{"rendered":"<p><span style=\"color: #005497;\"><strong>Adriana Moreno Cordero<\/strong><\/span><\/p>\n","protected":false},"author":3,"featured_media":0,"comment_status":"open","ping_status":"open","sticky":false,"template":"","format":"standard","meta":{"_monsterinsights_skip_tracking":false,"_monsterinsights_sitenote_active":false,"_monsterinsights_sitenote_note":"","_monsterinsights_sitenote_category":0,"footnotes":""},"categories":[55237],"tags":[69369,69368,43674],"class_list":["post-378795","post","type-post","status-publish","format-standard","hentry","category-yolanda-montalvo","tag-adriana-moreno-cordero","tag-la-retaguardia","tag-opinion"],"_links":{"self":[{"href":"https:\/\/www.diarioimagen.net\/index.php?rest_route=\/wp\/v2\/posts\/378795","targetHints":{"allow":["GET"]}}],"collection":[{"href":"https:\/\/www.diarioimagen.net\/index.php?rest_route=\/wp\/v2\/posts"}],"about":[{"href":"https:\/\/www.diarioimagen.net\/index.php?rest_route=\/wp\/v2\/types\/post"}],"author":[{"embeddable":true,"href":"https:\/\/www.diarioimagen.net\/index.php?rest_route=\/wp\/v2\/users\/3"}],"replies":[{"embeddable":true,"href":"https:\/\/www.diarioimagen.net\/index.php?rest_route=%2Fwp%2Fv2%2Fcomments&post=378795"}],"version-history":[{"count":0,"href":"https:\/\/www.diarioimagen.net\/index.php?rest_route=\/wp\/v2\/posts\/378795\/revisions"}],"wp:attachment":[{"href":"https:\/\/www.diarioimagen.net\/index.php?rest_route=%2Fwp%2Fv2%2Fmedia&parent=378795"}],"wp:term":[{"taxonomy":"category","embeddable":true,"href":"https:\/\/www.diarioimagen.net\/index.php?rest_route=%2Fwp%2Fv2%2Fcategories&post=378795"},{"taxonomy":"post_tag","embeddable":true,"href":"https:\/\/www.diarioimagen.net\/index.php?rest_route=%2Fwp%2Fv2%2Ftags&post=378795"}],"curies":[{"name":"wp","href":"https:\/\/api.w.org\/{rel}","templated":true}]}}