{"id":378907,"date":"2018-06-01T00:04:04","date_gmt":"2018-06-01T05:04:04","guid":{"rendered":"http:\/\/www.diarioimagen.net\/?p=378907"},"modified":"2018-06-03T22:42:24","modified_gmt":"2018-06-04T03:42:24","slug":"epn-y-trudeau-se-unen-para-defender-libre-comercio","status":"publish","type":"post","link":"https:\/\/www.diarioimagen.net\/?p=378907","title":{"rendered":"EPN y Trudeau se unen para defender libre comercio"},"content":{"rendered":"<ul>\n<li><em><strong>Responden con aranceles a EU<\/strong><\/em><\/li>\n<\/ul>\n<p><strong>\u00a0<\/strong><\/p>\n<p>&nbsp;<\/p>\n<div id=\"attachment_378908\" style=\"width: 470px\" class=\"wp-caption aligncenter\"><img loading=\"lazy\" decoding=\"async\" aria-describedby=\"caption-attachment-378908\" class=\"size-large wp-image-378908\" src=\"http:\/\/www.diarioimagen.net\/wp-content\/uploads\/2018\/05\/TLC1-portal-460x268.jpg\" alt=\"\" width=\"460\" height=\"268\" srcset=\"https:\/\/www.diarioimagen.net\/wp-content\/uploads\/2018\/05\/TLC1-portal-460x268.jpg 460w, https:\/\/www.diarioimagen.net\/wp-content\/uploads\/2018\/05\/TLC1-portal-240x140.jpg 240w, https:\/\/www.diarioimagen.net\/wp-content\/uploads\/2018\/05\/TLC1-portal.jpg 480w\" sizes=\"auto, (max-width: 460px) 100vw, 460px\" \/><p id=\"caption-attachment-378908\" class=\"wp-caption-text\">Enrique Pe\u00f1a Nieto y Justin Trudeau reiteraron su compromiso para defender un comercio internacional libre.<\/p><\/div>\n<p>&nbsp;<\/p>\n<p>&nbsp;<\/p>\n<p>El presidente Enrique Pe\u00f1a Nieto y el primer ministro de Canad\u00e1, Justin Trudeau, expresaron su rechazo a la decisi\u00f3n de Estados Unidos de imponer aranceles a las importaciones de acero y aluminio provenientes de Canad\u00e1, M\u00e9xico y la Uni\u00f3n Europea (UE), a partir del 1 de junio.<\/p>\n<p>Pe\u00f1a Nieto y Trudeau reiteraron su compromiso de continuar en estrecha comunicaci\u00f3n, trabajando de manera coordinada para defender un comercio internacional libre y basado en reglas, incluyendo la exitosa modernizaci\u00f3n del Tratado de Libre Comercio de Am\u00e9rica del Norte (TLCAN).<\/p>\n<p>En una conversaci\u00f3n que sostuvieron v\u00eda telef\u00f3nica, Pe\u00f1a Nieto inform\u00f3 a su hom\u00f3logo canadiense sobre las medidas compensatorias que M\u00e9xico pondr\u00e1 en marcha de manera inmediata, por un monto equiparable al nivel de la afectaci\u00f3n, y que estar\u00e1n vigentes en tanto el gobierno estadounidense no elimine los aranceles impuestos.<\/p>\n<p>A su vez, el primer ministro Trudeau confirm\u00f3 que Canad\u00e1 igualmente establecer\u00e1 medidas compensatorias proporcionales, tras el anuncio de Estados Unidos de imponer aranceles, inform\u00f3 la Presidencia de M\u00e9xico en un comunicado.<\/p>\n","protected":false},"excerpt":{"rendered":"<p>El presidente Enrique Pe\u00f1a Nieto y el primer ministro de Canad\u00e1, Justin Trudeau, expresaron su rechazo a la decisi\u00f3n de Estados Unidos de imponer aranceles a las importaciones de acero y aluminio provenientes de Canad\u00e1, M\u00e9xico y la Uni\u00f3n Europea (UE), a partir del 1 de junio.<\/p>\n","protected":false},"author":5,"featured_media":378908,"comment_status":"open","ping_status":"open","sticky":false,"template":"","format":"standard","meta":{"_monsterinsights_skip_tracking":false,"_monsterinsights_sitenote_active":false,"_monsterinsights_sitenote_note":"","_monsterinsights_sitenote_category":0,"footnotes":""},"categories":[8],"tags":[74361,431,74360,18,43678,46297,74362],"class_list":["post-378907","post","type-post","status-publish","format-standard","has-post-thumbnail","hentry","category-finanzas","tag-aranceles-a-eu","tag-canada","tag-defender-libre-comercio","tag-enrique-pena-nieto","tag-finanzas","tag-justin-trudeau","tag-libre-comercio-de-america-del-norte"],"_links":{"self":[{"href":"https:\/\/www.diarioimagen.net\/index.php?rest_route=\/wp\/v2\/posts\/378907","targetHints":{"allow":["GET"]}}],"collection":[{"href":"https:\/\/www.diarioimagen.net\/index.php?rest_route=\/wp\/v2\/posts"}],"about":[{"href":"https:\/\/www.diarioimagen.net\/index.php?rest_route=\/wp\/v2\/types\/post"}],"author":[{"embeddable":true,"href":"https:\/\/www.diarioimagen.net\/index.php?rest_route=\/wp\/v2\/users\/5"}],"replies":[{"embeddable":true,"href":"https:\/\/www.diarioimagen.net\/index.php?rest_route=%2Fwp%2Fv2%2Fcomments&post=378907"}],"version-history":[{"count":0,"href":"https:\/\/www.diarioimagen.net\/index.php?rest_route=\/wp\/v2\/posts\/378907\/revisions"}],"wp:featuredmedia":[{"embeddable":true,"href":"https:\/\/www.diarioimagen.net\/index.php?rest_route=\/wp\/v2\/media\/378908"}],"wp:attachment":[{"href":"https:\/\/www.diarioimagen.net\/index.php?rest_route=%2Fwp%2Fv2%2Fmedia&parent=378907"}],"wp:term":[{"taxonomy":"category","embeddable":true,"href":"https:\/\/www.diarioimagen.net\/index.php?rest_route=%2Fwp%2Fv2%2Fcategories&post=378907"},{"taxonomy":"post_tag","embeddable":true,"href":"https:\/\/www.diarioimagen.net\/index.php?rest_route=%2Fwp%2Fv2%2Ftags&post=378907"}],"curies":[{"name":"wp","href":"https:\/\/api.w.org\/{rel}","templated":true}]}}