{"id":378910,"date":"2018-06-01T00:03:52","date_gmt":"2018-06-01T05:03:52","guid":{"rendered":"http:\/\/www.diarioimagen.net\/?p=378910"},"modified":"2018-06-03T22:42:19","modified_gmt":"2018-06-04T03:42:19","slug":"mexico-continuara-con-renegociacion-del-tlcan-presidencia","status":"publish","type":"post","link":"https:\/\/www.diarioimagen.net\/?p=378910","title":{"rendered":"M\u00e9xico continuar\u00e1 con renegociaci\u00f3n del TLCAN: Presidencia"},"content":{"rendered":"<ul>\n<li><em><strong>Pese a las medidas proteccionistas anunciadas<\/strong><\/em><\/li>\n<\/ul>\n<p>&nbsp;<\/p>\n<p>&nbsp;<\/p>\n<div id=\"attachment_378911\" style=\"width: 470px\" class=\"wp-caption aligncenter\"><img loading=\"lazy\" decoding=\"async\" aria-describedby=\"caption-attachment-378911\" class=\"size-large wp-image-378911\" src=\"http:\/\/www.diarioimagen.net\/wp-content\/uploads\/2018\/05\/TLCAN1-portal-460x268.jpg\" alt=\"\" width=\"460\" height=\"268\" srcset=\"https:\/\/www.diarioimagen.net\/wp-content\/uploads\/2018\/05\/TLCAN1-portal-460x268.jpg 460w, https:\/\/www.diarioimagen.net\/wp-content\/uploads\/2018\/05\/TLCAN1-portal-240x140.jpg 240w, https:\/\/www.diarioimagen.net\/wp-content\/uploads\/2018\/05\/TLCAN1-portal.jpg 480w\" sizes=\"auto, (max-width: 460px) 100vw, 460px\" \/><p id=\"caption-attachment-378911\" class=\"wp-caption-text\">Eduardo S\u00e1nchez, vocero de la Presidencia de la Rep\u00fablica, dej\u00f3 claro que M\u00e9xico continuar\u00e1 con el di\u00e1logo en la renegociaci\u00f3n del TLCAN<\/p><\/div>\n<p>&nbsp;<\/p>\n<p>&nbsp;<\/p>\n<p>El vocero de la Presidencia de la Rep\u00fablica, Eduardo S\u00e1nchez, dej\u00f3 claro que M\u00e9xico continuar\u00e1 con el di\u00e1logo en la renegociaci\u00f3n del Tratado de Libre Comercio de Am\u00e9rica del Norte (TLCAN), pese a las medidas proteccionistas anunciadas por Estados Unidos.<\/p>\n<p>\u201cVamos a continuar con nuestro equipo de negociadores, que ha sido reconocido mundialmente como un equipo s\u00f3lido, bien preparado y con experiencia\u201d, afirm\u00f3 en conferencia de prensa conjunta con el secretario de Educaci\u00f3n P\u00fablica, Otto Granados.<\/p>\n<p>En la residencia oficial de Los Pinos, Eduardo S\u00e1nchez record\u00f3 las medidas equivalentes que adopt\u00f3 M\u00e9xico ante la postura de Estados Unidos, y dijo que \u201clas negociaciones son as\u00ed, hay negociaciones m\u00e1s complicadas que otras\u201d, y ante ello la obligaci\u00f3n de un gobierno es continuar con el dialogo.<\/p>\n<p>Por otra parte reiter\u00f3 que la ley electoral es clara, por lo que todos \u201cdebemos ser respetuosos\u201d ya que el voto es libre y secreto, nadie, bajo ninguna circunstancia, puede cohesionarlo, ni inducirlo\u201d y todas las autoridades deben vigilar que se respete lo establecido.<\/p>\n","protected":false},"excerpt":{"rendered":"<p>El vocero de la Presidencia de la Rep\u00fablica, Eduardo S\u00e1nchez, dej\u00f3 claro que M\u00e9xico continuar\u00e1 con el di\u00e1logo en la renegociaci\u00f3n del Tratado de Libre Comercio de Am\u00e9rica del Norte (TLCAN), pese a las medidas proteccionistas anunciadas por Estados Unidos.<\/p>\n","protected":false},"author":5,"featured_media":378911,"comment_status":"open","ping_status":"open","sticky":false,"template":"","format":"standard","meta":{"_monsterinsights_skip_tracking":false,"_monsterinsights_sitenote_active":false,"_monsterinsights_sitenote_note":"","_monsterinsights_sitenote_category":0,"footnotes":""},"categories":[8],"tags":[52236,43678,10062,74363,2167,2170],"class_list":["post-378910","post","type-post","status-publish","format-standard","has-post-thumbnail","hentry","category-finanzas","tag-eduardo-sanchez","tag-finanzas","tag-presidencia","tag-proteccionistas-anunciadas","tag-tlcan","tag-tratado-de-libre-comercio"],"_links":{"self":[{"href":"https:\/\/www.diarioimagen.net\/index.php?rest_route=\/wp\/v2\/posts\/378910","targetHints":{"allow":["GET"]}}],"collection":[{"href":"https:\/\/www.diarioimagen.net\/index.php?rest_route=\/wp\/v2\/posts"}],"about":[{"href":"https:\/\/www.diarioimagen.net\/index.php?rest_route=\/wp\/v2\/types\/post"}],"author":[{"embeddable":true,"href":"https:\/\/www.diarioimagen.net\/index.php?rest_route=\/wp\/v2\/users\/5"}],"replies":[{"embeddable":true,"href":"https:\/\/www.diarioimagen.net\/index.php?rest_route=%2Fwp%2Fv2%2Fcomments&post=378910"}],"version-history":[{"count":0,"href":"https:\/\/www.diarioimagen.net\/index.php?rest_route=\/wp\/v2\/posts\/378910\/revisions"}],"wp:featuredmedia":[{"embeddable":true,"href":"https:\/\/www.diarioimagen.net\/index.php?rest_route=\/wp\/v2\/media\/378911"}],"wp:attachment":[{"href":"https:\/\/www.diarioimagen.net\/index.php?rest_route=%2Fwp%2Fv2%2Fmedia&parent=378910"}],"wp:term":[{"taxonomy":"category","embeddable":true,"href":"https:\/\/www.diarioimagen.net\/index.php?rest_route=%2Fwp%2Fv2%2Fcategories&post=378910"},{"taxonomy":"post_tag","embeddable":true,"href":"https:\/\/www.diarioimagen.net\/index.php?rest_route=%2Fwp%2Fv2%2Ftags&post=378910"}],"curies":[{"name":"wp","href":"https:\/\/api.w.org\/{rel}","templated":true}]}}