{"id":378952,"date":"2018-06-01T00:08:25","date_gmt":"2018-06-01T05:08:25","guid":{"rendered":"http:\/\/www.diarioimagen.net\/?p=378952"},"modified":"2018-06-03T22:42:48","modified_gmt":"2018-06-04T03:42:48","slug":"atiende-del-mazo-inquietudes-de-productores-forestales","status":"publish","type":"post","link":"https:\/\/www.diarioimagen.net\/?p=378952","title":{"rendered":"Atiende Del Mazo inquietudes de productores forestales"},"content":{"rendered":"<ul>\n<li><em><strong>Visita aserradero de Santiago Tlazala, en Isidro Fabela<\/strong><\/em><\/li>\n<li><em><strong>Le solicitan cr\u00e9ditos y ampliar el horario para transportar madera<\/strong><\/em><\/li>\n<\/ul>\n<p>&nbsp;<\/p>\n<div id=\"attachment_379060\" style=\"width: 470px\" class=\"wp-caption aligncenter\"><a href=\"http:\/\/www.diarioimagen.net\/?attachment_id=379060\" rel=\"attachment wp-att-379060\"><img loading=\"lazy\" decoding=\"async\" aria-describedby=\"caption-attachment-379060\" class=\"size-large wp-image-379060\" src=\"http:\/\/www.diarioimagen.net\/wp-content\/uploads\/2018\/06\/del-mazo-3380-460x259.jpg\" alt=\"\" width=\"460\" height=\"259\" srcset=\"https:\/\/www.diarioimagen.net\/wp-content\/uploads\/2018\/06\/del-mazo-3380-460x259.jpg 460w, https:\/\/www.diarioimagen.net\/wp-content\/uploads\/2018\/06\/del-mazo-3380-240x135.jpg 240w, https:\/\/www.diarioimagen.net\/wp-content\/uploads\/2018\/06\/del-mazo-3380-235x132.jpg 235w, https:\/\/www.diarioimagen.net\/wp-content\/uploads\/2018\/06\/del-mazo-3380-202x114.jpg 202w, https:\/\/www.diarioimagen.net\/wp-content\/uploads\/2018\/06\/del-mazo-3380-350x196.jpg 350w, https:\/\/www.diarioimagen.net\/wp-content\/uploads\/2018\/06\/del-mazo-3380-220x123.jpg 220w, https:\/\/www.diarioimagen.net\/wp-content\/uploads\/2018\/06\/del-mazo-3380-237x132.jpg 237w, https:\/\/www.diarioimagen.net\/wp-content\/uploads\/2018\/06\/del-mazo-3380.jpg 480w\" sizes=\"auto, (max-width: 460px) 100vw, 460px\" \/><\/a><p id=\"caption-attachment-379060\" class=\"wp-caption-text\">Alfredo Del Mazo realiz\u00f3 una gira de trabajo en los municipios de Jilotzingo e Isidro Fabela, para conocer el proceso de producci\u00f3n forestal.<\/p><\/div>\n<p>&nbsp;<\/p>\n<p><strong>Jilotzingo, Estado de M\u00e9xico<\/strong>.- El gobernador del Estado de M\u00e9xico, Alfredo Del Mazo, llev\u00f3 a cabo una gira de trabajo en los municipios de Jilotzingo e Isidro Fabela, para conocer el proceso de producci\u00f3n forestal de esta regi\u00f3n, donde se\u00f1al\u00f3 que el gobierno estatal reforzar\u00e1 la seguridad para erradicar la tala clandestina.<\/p>\n<p>En su visita al aserradero de los Bienes Comunales de Santiago Tlazala, en el municipio de Isidro Fabela, sostuvo un encuentro con l\u00edderes del sector forestal y con productores.<\/p>\n<p>Ah\u00ed, el mandatario indic\u00f3 que debido a la importancia de los bosques en la conservaci\u00f3n del medio ambiente y en la econom\u00eda de quienes realizan actividades vinculadas con su aprovechamiento, el Gobierno del Estado de M\u00e9xico redoblar\u00e1 el trabajo para evitar la extracci\u00f3n ilegal de \u00e1rboles.<\/p>\n<p>\u201cQuiero ofrecerles una comunicaci\u00f3n muy directa con la Secretar\u00eda de Seguridad del Gobierno del estado para que ustedes mismos nos puedan apoyar a identificar en qu\u00e9 rutas, en qu\u00e9 lugares, en qu\u00e9 comunidades estamos teniendo problem\u00e1ticas en particular y las podamos atender\u201d, se\u00f1al\u00f3.<\/p>\n<p>Para lograr este prop\u00f3sito, explic\u00f3, la administraci\u00f3n mexiquense trabaja en coordinaci\u00f3n con las fuerzas federales, y agreg\u00f3 que con la participaci\u00f3n de los comuneros, los operativos ser\u00e1n m\u00e1s certeros.<\/p>\n<p>En su recorrido, el Gobernador oper\u00f3 la sierra industrial de este aserradero, con la cual cort\u00f3 una docena de tablas, adem\u00e1s conoci\u00f3 los diversos procesos que se desarrollan en este lugar, desde el afilado de sierras, hasta el corte de tablones y polines o el ensamblado de tarimas.<\/p>\n<p>Acompa\u00f1ado por el Presidente del Comisariado de los Bienes Comunales de Santiago Tlazala, Jos\u00e9 Guadalupe Arg\u00fcelles Rojas, el titular del Ejecutivo estatal escuch\u00f3 inquietudes y propuestas de dirigentes del sector forestal, quienes solicitaron apertura de cr\u00e9ditos, ampliar el horario para transporte de madera y maquinaria, entre otras peticiones.<\/p>\n<p>Asimismo, instruy\u00f3 al Secretario de Medio Ambiente a impulsar la creaci\u00f3n de m\u00e1s aserraderos tecnificados en la entidad, de los cuales existen 15 en el estado, y permiten un mejor aprovechamiento de la madera, a la par de generar mayores ganancias a quienes se dedican a esta actividad.<\/p>\n<p>\u201cLa idea es que podamos hacer m\u00e1s de \u00e9stos, que requiere una inversi\u00f3n importante, ustedes lo han visto, por parte de los productores y un acompa\u00f1amiento por parte del Gobierno estatal y Gobierno federal\u201d, manifest\u00f3.<\/p>\n<p>Antes, el mandatario estatal supervis\u00f3 la producci\u00f3n del vivero de San Miguel Tecpan, en Jilotzingo, donde se inform\u00f3 que hay en existencia, en los 19 centros de producci\u00f3n de Protectora de Bosques (Probosque) de la entidad, 17 millones 316 mil 652 plantas para la conservaci\u00f3n de la masa forestal\u00a0 mexiquense.<\/p>\n<p>Acompa\u00f1ado del Secretario del Medio Ambiente, el Jefe del Ejecutivo estatal conoci\u00f3 que en este vivero se tiene una capacidad instalada para producir 500 mil \u00e1rboles anuales, y que actualmente hay 400 mil ejemplares, de los cuales, 70 mil est\u00e1n destinados a la pr\u00f3xima temporada navide\u00f1a.<\/p>\n<p>El Jefe del vivero mencion\u00f3 que las principales especies que ah\u00ed se producen son oyamel, cedro y cinco variedades de pino, incluyendo el pino navide\u00f1o, mientras que en el conjunto de los viveros a cargo del Gobierno estatal se producen plantas de 38 especies de \u00e1rboles diferentes.<\/p>\n<p>Asimismo, se se\u00f1al\u00f3 que para reforestar durante 2018 se dispone de 8 millones 491 mil 815 plantas que se destinar\u00e1n a la repoblaci\u00f3n silv\u00edcola en las ocho regiones forestales del Estado de M\u00e9xico.<\/p>\n<p>Previo al recorrido, el mandatario estatal conoci\u00f3 el proceso de recolecci\u00f3n y selecci\u00f3n de semilla para producci\u00f3n de planta y felicit\u00f3 a los trabajadores por la importante labor que desarrollan para preservar el inventario silv\u00edcola del Estado de M\u00e9xico y contribuir as\u00ed a la preservaci\u00f3n del ambiente.<\/p>\n","protected":false},"excerpt":{"rendered":"<p>El gobernador del Estado de M\u00e9xico, Alfredo Del Mazo, llev\u00f3 a cabo una gira de trabajo en los municipios de Jilotzingo e Isidro Fabela, para conocer el proceso de producci\u00f3n forestal de esta regi\u00f3n, donde se\u00f1al\u00f3 que el gobierno estatal reforzar\u00e1 la seguridad para erradicar la tala clandestina.<\/p>\n","protected":false},"author":3,"featured_media":379060,"comment_status":"open","ping_status":"open","sticky":false,"template":"","format":"standard","meta":{"_monsterinsights_skip_tracking":false,"_monsterinsights_sitenote_active":false,"_monsterinsights_sitenote_note":"","_monsterinsights_sitenote_category":0,"footnotes":""},"categories":[5],"tags":[2505,43675,64250,4650,20824],"class_list":["post-378952","post","type-post","status-publish","format-standard","has-post-thumbnail","hentry","category-estado-de-mexico","tag-alfredo-del-mazo-maza","tag-estado-de-mexico","tag-forestales","tag-jilotzingo","tag-productores"],"_links":{"self":[{"href":"https:\/\/www.diarioimagen.net\/index.php?rest_route=\/wp\/v2\/posts\/378952","targetHints":{"allow":["GET"]}}],"collection":[{"href":"https:\/\/www.diarioimagen.net\/index.php?rest_route=\/wp\/v2\/posts"}],"about":[{"href":"https:\/\/www.diarioimagen.net\/index.php?rest_route=\/wp\/v2\/types\/post"}],"author":[{"embeddable":true,"href":"https:\/\/www.diarioimagen.net\/index.php?rest_route=\/wp\/v2\/users\/3"}],"replies":[{"embeddable":true,"href":"https:\/\/www.diarioimagen.net\/index.php?rest_route=%2Fwp%2Fv2%2Fcomments&post=378952"}],"version-history":[{"count":0,"href":"https:\/\/www.diarioimagen.net\/index.php?rest_route=\/wp\/v2\/posts\/378952\/revisions"}],"wp:featuredmedia":[{"embeddable":true,"href":"https:\/\/www.diarioimagen.net\/index.php?rest_route=\/wp\/v2\/media\/379060"}],"wp:attachment":[{"href":"https:\/\/www.diarioimagen.net\/index.php?rest_route=%2Fwp%2Fv2%2Fmedia&parent=378952"}],"wp:term":[{"taxonomy":"category","embeddable":true,"href":"https:\/\/www.diarioimagen.net\/index.php?rest_route=%2Fwp%2Fv2%2Fcategories&post=378952"},{"taxonomy":"post_tag","embeddable":true,"href":"https:\/\/www.diarioimagen.net\/index.php?rest_route=%2Fwp%2Fv2%2Ftags&post=378952"}],"curies":[{"name":"wp","href":"https:\/\/api.w.org\/{rel}","templated":true}]}}