{"id":378954,"date":"2018-06-01T00:11:35","date_gmt":"2018-06-01T05:11:35","guid":{"rendered":"http:\/\/www.diarioimagen.net\/?p=378954"},"modified":"2018-06-01T05:36:07","modified_gmt":"2018-06-01T10:36:07","slug":"dialogo-sustento-del-quehacer-universitario-barrera-baca","status":"publish","type":"post","link":"https:\/\/www.diarioimagen.net\/?p=378954","title":{"rendered":"Di\u00e1logo, sustento del quehacer universitario: Barrera Baca"},"content":{"rendered":"<ul>\n<li><strong><em>Atenci\u00f3n a temas como la seguridad<\/em><\/strong><\/li>\n<\/ul>\n<p>&nbsp;<\/p>\n<div id=\"attachment_379063\" style=\"width: 470px\" class=\"wp-caption aligncenter\"><a href=\"http:\/\/www.diarioimagen.net\/?attachment_id=379063\" rel=\"attachment wp-att-379063\"><img loading=\"lazy\" decoding=\"async\" aria-describedby=\"caption-attachment-379063\" class=\"size-large wp-image-379063\" src=\"http:\/\/www.diarioimagen.net\/wp-content\/uploads\/2018\/06\/UAEM-3380-460x259.jpg\" alt=\"\" width=\"460\" height=\"259\" srcset=\"https:\/\/www.diarioimagen.net\/wp-content\/uploads\/2018\/06\/UAEM-3380-460x259.jpg 460w, https:\/\/www.diarioimagen.net\/wp-content\/uploads\/2018\/06\/UAEM-3380-240x135.jpg 240w, https:\/\/www.diarioimagen.net\/wp-content\/uploads\/2018\/06\/UAEM-3380-235x132.jpg 235w, https:\/\/www.diarioimagen.net\/wp-content\/uploads\/2018\/06\/UAEM-3380-202x114.jpg 202w, https:\/\/www.diarioimagen.net\/wp-content\/uploads\/2018\/06\/UAEM-3380-350x196.jpg 350w, https:\/\/www.diarioimagen.net\/wp-content\/uploads\/2018\/06\/UAEM-3380-220x123.jpg 220w, https:\/\/www.diarioimagen.net\/wp-content\/uploads\/2018\/06\/UAEM-3380-237x132.jpg 237w, https:\/\/www.diarioimagen.net\/wp-content\/uploads\/2018\/06\/UAEM-3380.jpg 480w\" sizes=\"auto, (max-width: 460px) 100vw, 460px\" \/><\/a><p id=\"caption-attachment-379063\" class=\"wp-caption-text\">El rector Alfredo Barrera Baca presidi\u00f3 la sesi\u00f3n ordinaria del H. Consejo Universitario correspondiente al mes de mayo.<\/p><\/div>\n<p>&nbsp;<\/p>\n<p><strong>Toluca, Estado de M\u00e9xico<\/strong>.\u2013 Con base en el di\u00e1logo, la administraci\u00f3n 2017-2021 de la Universidad Aut\u00f3noma del Estado de M\u00e9xico acord\u00f3 con estudiantes y acad\u00e9micos del Centro Universitario UAEM Texcoco y atender\u00e1 sus solicitudes, sostuvo el rector Alfredo Barrera Baca.<\/p>\n<p>Al presidir la sesi\u00f3n ordinaria del H. Consejo Universitario correspondiente al mes de mayo, Barrera Baca detall\u00f3 que, a trav\u00e9s de las secretar\u00edas de Administraci\u00f3n y T\u00e9cnica de la UAEM, se acord\u00f3 sobre temas como la seguridad del campus, instalaci\u00f3n de luminarias y entrega de material bibliogr\u00e1fico, apoyo para transporte y la gesti\u00f3n de recursos federales para mejorar la infraestructura. Ante el pleno del m\u00e1ximo \u00f3rgano de gobierno de la instituci\u00f3n, Alfredo Barrera Baca indic\u00f3 que tambi\u00e9n fueron atendidas las peticiones del personal docente del Centro referentes a la optimizaci\u00f3n de procesos administrativos.<\/p>\n<p>En el marco de esta sesi\u00f3n fue designada como directora de la Facultad de Ciencias de la Conducta, para el periodo 2018-2022, la Doctora en Alta Direcci\u00f3n Mar\u00eda Teresa Garc\u00eda Rodea, quien se ha desempe\u00f1ado como profesora de este espacio universitario y destaca por su contribuci\u00f3n al dise\u00f1o de programa educativos.<\/p>\n<p>Asimismo, fue designado como director del plantel \u201cIsidro Fabela Alfaro\u201d de la Escuela Preparatoria, para el periodo 2018-2022, el aestro en Administraci\u00f3n de Instituciones Educativa Francisco Octavio Col\u00edn Plata, quien desde el a\u00f1o 2000 se desempe\u00f1a como docente de este espacio universitario y del Centro Universitario UAEM Atlacomulco.<\/p>\n","protected":false},"excerpt":{"rendered":"<p>Con base en el di\u00e1logo, la administraci\u00f3n 2017-2021 de la Universidad Aut\u00f3noma del Estado de M\u00e9xico acord\u00f3 con estudiantes y acad\u00e9micos del Centro Universitario UAEM Texcoco y atender\u00e1 sus solicitudes, sostuvo el rector Alfredo Barrera Baca.<\/p>\n","protected":false},"author":3,"featured_media":379063,"comment_status":"open","ping_status":"open","sticky":false,"template":"","format":"standard","meta":{"_monsterinsights_skip_tracking":false,"_monsterinsights_sitenote_active":false,"_monsterinsights_sitenote_note":"","_monsterinsights_sitenote_category":0,"footnotes":""},"categories":[5],"tags":[43675,452],"class_list":["post-378954","post","type-post","status-publish","format-standard","has-post-thumbnail","hentry","category-estado-de-mexico","tag-estado-de-mexico","tag-toluca"],"_links":{"self":[{"href":"https:\/\/www.diarioimagen.net\/index.php?rest_route=\/wp\/v2\/posts\/378954","targetHints":{"allow":["GET"]}}],"collection":[{"href":"https:\/\/www.diarioimagen.net\/index.php?rest_route=\/wp\/v2\/posts"}],"about":[{"href":"https:\/\/www.diarioimagen.net\/index.php?rest_route=\/wp\/v2\/types\/post"}],"author":[{"embeddable":true,"href":"https:\/\/www.diarioimagen.net\/index.php?rest_route=\/wp\/v2\/users\/3"}],"replies":[{"embeddable":true,"href":"https:\/\/www.diarioimagen.net\/index.php?rest_route=%2Fwp%2Fv2%2Fcomments&post=378954"}],"version-history":[{"count":0,"href":"https:\/\/www.diarioimagen.net\/index.php?rest_route=\/wp\/v2\/posts\/378954\/revisions"}],"wp:featuredmedia":[{"embeddable":true,"href":"https:\/\/www.diarioimagen.net\/index.php?rest_route=\/wp\/v2\/media\/379063"}],"wp:attachment":[{"href":"https:\/\/www.diarioimagen.net\/index.php?rest_route=%2Fwp%2Fv2%2Fmedia&parent=378954"}],"wp:term":[{"taxonomy":"category","embeddable":true,"href":"https:\/\/www.diarioimagen.net\/index.php?rest_route=%2Fwp%2Fv2%2Fcategories&post=378954"},{"taxonomy":"post_tag","embeddable":true,"href":"https:\/\/www.diarioimagen.net\/index.php?rest_route=%2Fwp%2Fv2%2Ftags&post=378954"}],"curies":[{"name":"wp","href":"https:\/\/api.w.org\/{rel}","templated":true}]}}