{"id":378958,"date":"2018-06-01T00:09:37","date_gmt":"2018-06-01T05:09:37","guid":{"rendered":"http:\/\/www.diarioimagen.net\/?p=378958"},"modified":"2018-06-03T22:42:56","modified_gmt":"2018-06-04T03:42:56","slug":"hay-que-medir-a-eu-con-la-misma-vara-candidatos","status":"publish","type":"post","link":"https:\/\/www.diarioimagen.net\/?p=378958","title":{"rendered":"Hay que medir a EU con la misma vara: candidatos"},"content":{"rendered":"<ul>\n<li><em><strong>Ante la imposici\u00f3n de aranceles al acero y aluminio<\/strong><\/em><\/li>\n<li><em><strong>Respalda Meade guerra comercial; AMLO plantea responder sin romper relaciones; Anaya propone diversificar exportaciones<\/strong><\/em><\/li>\n<\/ul>\n<h6>Jos\u00e9 Luis Monta\u00f1ez<\/h6>\n<p>&nbsp;<\/p>\n<div id=\"attachment_379066\" style=\"width: 470px\" class=\"wp-caption aligncenter\"><a href=\"http:\/\/www.diarioimagen.net\/?attachment_id=379066\" rel=\"attachment wp-att-379066\"><img loading=\"lazy\" decoding=\"async\" aria-describedby=\"caption-attachment-379066\" class=\"size-large wp-image-379066\" src=\"http:\/\/www.diarioimagen.net\/wp-content\/uploads\/2018\/06\/candidatos-3380-460x259.jpg\" alt=\"\" width=\"460\" height=\"259\" srcset=\"https:\/\/www.diarioimagen.net\/wp-content\/uploads\/2018\/06\/candidatos-3380-460x259.jpg 460w, https:\/\/www.diarioimagen.net\/wp-content\/uploads\/2018\/06\/candidatos-3380-240x135.jpg 240w, https:\/\/www.diarioimagen.net\/wp-content\/uploads\/2018\/06\/candidatos-3380-235x132.jpg 235w, https:\/\/www.diarioimagen.net\/wp-content\/uploads\/2018\/06\/candidatos-3380-202x114.jpg 202w, https:\/\/www.diarioimagen.net\/wp-content\/uploads\/2018\/06\/candidatos-3380-350x196.jpg 350w, https:\/\/www.diarioimagen.net\/wp-content\/uploads\/2018\/06\/candidatos-3380-220x123.jpg 220w, https:\/\/www.diarioimagen.net\/wp-content\/uploads\/2018\/06\/candidatos-3380-237x132.jpg 237w, https:\/\/www.diarioimagen.net\/wp-content\/uploads\/2018\/06\/candidatos-3380.jpg 480w\" sizes=\"auto, (max-width: 460px) 100vw, 460px\" \/><\/a><p id=\"caption-attachment-379066\" class=\"wp-caption-text\">Andr\u00e9s Manuel L\u00f3pez Obrador, Jos\u00e9 Antonio Meade Kuribre\u00f1a y Ricardo Anaya Cort\u00e9s.<\/p><\/div>\n<p>&nbsp;<\/p>\n<p>Luego de que el presidente de Estados Unidos, Donald Trump, determin\u00f3 imponer aranceles de 10% al aluminio y 25% al acero a M\u00e9xico, Canad\u00e1 y UE, los candidatos presidenciales se pronunciaron en contra de las medidas e indicaron que M\u00e9xico debe responder de igual manera.<\/p>\n<p>Jos\u00e9 Antonio Meade Kuribre\u00f1a, candidato del PRI, PVEM y Panal, indic\u00f3 que respalda la guerra comercial emprendida en contra de Estados Unidos, a quien le impusieron aranceles a las importaciones de bienes y servicios.<\/p>\n<p>Andr\u00e9s Manuel L\u00f3pez Obrador, abanderado de Juntos Haremos Historia\u201d pidi\u00f3 al gobierno mexicano que responda a los aumentos arancelarios del acero, pero sin romper las relaciones ni caer en la trampa de una guerra comercial.<\/p>\n<p>Por su parte, Ricardo Anaya Cort\u00e9s, de la coalici\u00f3n Por M\u00e9xico al Frente, se\u00f1al\u00f3 que el pa\u00eds debe diversificar sus exportaciones.<\/p>\n","protected":false},"excerpt":{"rendered":"<p><span style=\"color: #005497;\">Jos\u00e9 Luis Monta\u00f1ez<\/span><br \/>\n<br \/>\nLuego de que el presidente de Estados Unidos, Donald Trump, determin\u00f3 imponer aranceles de 10% al aluminio y 25% al acero a M\u00e9xico, Canad\u00e1 y UE, los candidatos presidenciales se pronunciaron en contra de las medidas e indicaron que M\u00e9xico debe responder de igual manera.<\/p>\n","protected":false},"author":3,"featured_media":379066,"comment_status":"open","ping_status":"open","sticky":false,"template":"","format":"standard","meta":{"_monsterinsights_skip_tracking":false,"_monsterinsights_sitenote_active":false,"_monsterinsights_sitenote_note":"","_monsterinsights_sitenote_category":0,"footnotes":""},"categories":[8],"tags":[71460,177,43678,43673],"class_list":["post-378958","post","type-post","status-publish","format-standard","has-post-thumbnail","hentry","category-finanzas","tag-aranceles","tag-estados-unidos","tag-finanzas","tag-nacional"],"_links":{"self":[{"href":"https:\/\/www.diarioimagen.net\/index.php?rest_route=\/wp\/v2\/posts\/378958","targetHints":{"allow":["GET"]}}],"collection":[{"href":"https:\/\/www.diarioimagen.net\/index.php?rest_route=\/wp\/v2\/posts"}],"about":[{"href":"https:\/\/www.diarioimagen.net\/index.php?rest_route=\/wp\/v2\/types\/post"}],"author":[{"embeddable":true,"href":"https:\/\/www.diarioimagen.net\/index.php?rest_route=\/wp\/v2\/users\/3"}],"replies":[{"embeddable":true,"href":"https:\/\/www.diarioimagen.net\/index.php?rest_route=%2Fwp%2Fv2%2Fcomments&post=378958"}],"version-history":[{"count":0,"href":"https:\/\/www.diarioimagen.net\/index.php?rest_route=\/wp\/v2\/posts\/378958\/revisions"}],"wp:featuredmedia":[{"embeddable":true,"href":"https:\/\/www.diarioimagen.net\/index.php?rest_route=\/wp\/v2\/media\/379066"}],"wp:attachment":[{"href":"https:\/\/www.diarioimagen.net\/index.php?rest_route=%2Fwp%2Fv2%2Fmedia&parent=378958"}],"wp:term":[{"taxonomy":"category","embeddable":true,"href":"https:\/\/www.diarioimagen.net\/index.php?rest_route=%2Fwp%2Fv2%2Fcategories&post=378958"},{"taxonomy":"post_tag","embeddable":true,"href":"https:\/\/www.diarioimagen.net\/index.php?rest_route=%2Fwp%2Fv2%2Ftags&post=378958"}],"curies":[{"name":"wp","href":"https:\/\/api.w.org\/{rel}","templated":true}]}}