{"id":378985,"date":"2018-06-01T00:07:21","date_gmt":"2018-06-01T05:07:21","guid":{"rendered":"http:\/\/www.diarioimagen.net\/?p=378985"},"modified":"2018-06-01T06:08:09","modified_gmt":"2018-06-01T11:08:09","slug":"tlalnepantla-cuenta-con-jueces-calificadores-bien-capacitados","status":"publish","type":"post","link":"https:\/\/www.diarioimagen.net\/?p=378985","title":{"rendered":"Tlalnepantla cuenta con jueces calificadores bien capacitados"},"content":{"rendered":"<ul>\n<li><strong><em>Calidad humana en la impartici\u00f3n de justicia<\/em><\/strong><\/li>\n<\/ul>\n<p>&nbsp;<\/p>\n<div id=\"attachment_379098\" style=\"width: 470px\" class=\"wp-caption aligncenter\"><a href=\"http:\/\/www.diarioimagen.net\/?attachment_id=379098\" rel=\"attachment wp-att-379098\"><img loading=\"lazy\" decoding=\"async\" aria-describedby=\"caption-attachment-379098\" class=\"size-large wp-image-379098\" src=\"http:\/\/www.diarioimagen.net\/wp-content\/uploads\/2018\/06\/jueces-3380-460x259.jpg\" alt=\"\" width=\"460\" height=\"259\" srcset=\"https:\/\/www.diarioimagen.net\/wp-content\/uploads\/2018\/06\/jueces-3380-460x259.jpg 460w, https:\/\/www.diarioimagen.net\/wp-content\/uploads\/2018\/06\/jueces-3380-240x135.jpg 240w, https:\/\/www.diarioimagen.net\/wp-content\/uploads\/2018\/06\/jueces-3380-235x132.jpg 235w, https:\/\/www.diarioimagen.net\/wp-content\/uploads\/2018\/06\/jueces-3380-202x114.jpg 202w, https:\/\/www.diarioimagen.net\/wp-content\/uploads\/2018\/06\/jueces-3380-350x196.jpg 350w, https:\/\/www.diarioimagen.net\/wp-content\/uploads\/2018\/06\/jueces-3380-220x123.jpg 220w, https:\/\/www.diarioimagen.net\/wp-content\/uploads\/2018\/06\/jueces-3380-237x132.jpg 237w, https:\/\/www.diarioimagen.net\/wp-content\/uploads\/2018\/06\/jueces-3380.jpg 480w\" sizes=\"auto, (max-width: 460px) 100vw, 460px\" \/><\/a><p id=\"caption-attachment-379098\" class=\"wp-caption-text\">Los jueces calificadores deben buscar el lado humano de la sanci\u00f3n, por lo que a los acusados no se les trata como delincuentes.<\/p><\/div>\n<p>&nbsp;<\/p>\n<p><strong>Tlalnepantla, Estado de M\u00e9xico<\/strong>.- Para brindar un servicio basado en la calidad humana y la impartici\u00f3n de justicia, el gobierno de Tlalnepantla cuenta con 13 jueces calificadores acreditados en materia de faltas administrativas y percances automovil\u00edsticos.<\/p>\n<p>El titular de la coordinaci\u00f3n de Justicia Municipal puntualiz\u00f3 que de los 13 oficiales calificadores, seis atienden temas relacionados a las faltas administrativas, seis m\u00e1s los percances automovil\u00edsticos y uno de ellos se encarga del programa \u201cConduce por la vida, conduce por la paz, conduce sin alcohol\u201d.<\/p>\n<p>Resalt\u00f3 que a todos se les capacit\u00f3 conforme al C\u00f3digo de Conducta de la Administraci\u00f3n P\u00fablica Municipal, el C\u00f3digo de Conducta Interno de la Coordinaci\u00f3n de Justicia Municipal y los ejes rectores de la administraci\u00f3n, adem\u00e1s de que se les exhort\u00f3 a desenvolverse son absoluta transparencia y honestidad.<\/p>\n<p>Refiri\u00f3 que por instrucciones de la presidenta municipal, al recibir a una persona que cometi\u00f3 alguna falta administrativa, los jueces calificadores deben buscar el lado humano de la sanci\u00f3n, por lo que a los acusados no se les trata como delincuentes.<\/p>\n<p>El coordinador de Justicia Municipal asegur\u00f3 que en el tema de percances automovil\u00edsticos, Tlalnepantla est\u00e1 a la vanguardia, toda vez que se ha logrado reducir los tiempos para emitir los dict\u00e1menes correspondientes al momento de un accidente vial.<\/p>\n<p>\u201cSi un percance sucede antes de las 4:00 de la tarde, no hay muchos veh\u00edculos involucrados, no hay volcaduras y ninguna otra situaci\u00f3n complica el accidente, ese mismo d\u00eda citamos a los involucrados para que conozcan el resultado del peritaje y determinar qui\u00e9n fue el responsable del percance, tema que en otros municipios tardan de 15 a 45 d\u00edas en resolver\u201d, refiri\u00f3 el funcionario.<\/p>\n<p>Destac\u00f3 que Tlalnepantla es el \u00fanico municipio que resuelve los percances de esta manera, pues se cuenta con oficiales calificadores, cada uno con su secretario operativo, un m\u00e9dico certificado para evaluar lesiones de manera inmediata y peritos en materia de tr\u00e1nsito terrestre y evaluaci\u00f3n de da\u00f1os<\/p>\n<p>Refiri\u00f3 que en las oficial\u00edas calificadoras se realizan encuestas de salida, en donde la mayor\u00eda de los ciudadanos han manifestado no tener ninguna queja u observaci\u00f3n en lo que respecta a faltas administrativas y percances automovil\u00edsticos.<\/p>\n<p>Asegur\u00f3 que estas acciones han contribuido a abatir el tema de la corrupci\u00f3n y eso se ha visto reflejado en el incremento de ingresos hasta en un 600 por ciento.<\/p>\n","protected":false},"excerpt":{"rendered":"<p>Para brindar un servicio basado en la calidad humana y la impartici\u00f3n de justicia, el gobierno de Tlalnepantla cuenta con 13 jueces calificadores acreditados en materia de faltas administrativas y percances automovil\u00edsticos.<\/p>\n","protected":false},"author":3,"featured_media":379098,"comment_status":"open","ping_status":"open","sticky":false,"template":"","format":"standard","meta":{"_monsterinsights_skip_tracking":false,"_monsterinsights_sitenote_active":false,"_monsterinsights_sitenote_note":"","_monsterinsights_sitenote_category":0,"footnotes":""},"categories":[35155],"tags":[74402,43675,15549,169],"class_list":["post-378985","post","type-post","status-publish","format-standard","has-post-thumbnail","hentry","category-estado-de-mexico-estado-de-mexico","tag-capacitados","tag-estado-de-mexico","tag-jueces","tag-tlalnepantla"],"_links":{"self":[{"href":"https:\/\/www.diarioimagen.net\/index.php?rest_route=\/wp\/v2\/posts\/378985","targetHints":{"allow":["GET"]}}],"collection":[{"href":"https:\/\/www.diarioimagen.net\/index.php?rest_route=\/wp\/v2\/posts"}],"about":[{"href":"https:\/\/www.diarioimagen.net\/index.php?rest_route=\/wp\/v2\/types\/post"}],"author":[{"embeddable":true,"href":"https:\/\/www.diarioimagen.net\/index.php?rest_route=\/wp\/v2\/users\/3"}],"replies":[{"embeddable":true,"href":"https:\/\/www.diarioimagen.net\/index.php?rest_route=%2Fwp%2Fv2%2Fcomments&post=378985"}],"version-history":[{"count":0,"href":"https:\/\/www.diarioimagen.net\/index.php?rest_route=\/wp\/v2\/posts\/378985\/revisions"}],"wp:featuredmedia":[{"embeddable":true,"href":"https:\/\/www.diarioimagen.net\/index.php?rest_route=\/wp\/v2\/media\/379098"}],"wp:attachment":[{"href":"https:\/\/www.diarioimagen.net\/index.php?rest_route=%2Fwp%2Fv2%2Fmedia&parent=378985"}],"wp:term":[{"taxonomy":"category","embeddable":true,"href":"https:\/\/www.diarioimagen.net\/index.php?rest_route=%2Fwp%2Fv2%2Fcategories&post=378985"},{"taxonomy":"post_tag","embeddable":true,"href":"https:\/\/www.diarioimagen.net\/index.php?rest_route=%2Fwp%2Fv2%2Ftags&post=378985"}],"curies":[{"name":"wp","href":"https:\/\/api.w.org\/{rel}","templated":true}]}}