{"id":378987,"date":"2018-06-01T00:04:29","date_gmt":"2018-06-01T05:04:29","guid":{"rendered":"http:\/\/www.diarioimagen.net\/?p=378987"},"modified":"2018-06-01T06:15:22","modified_gmt":"2018-06-01T11:15:22","slug":"ana-balderas-ofrece-nuevas-propuestas-para-mejor-calidad-de-vida-de-atizapenses","status":"publish","type":"post","link":"https:\/\/www.diarioimagen.net\/?p=378987","title":{"rendered":"Ana Balderas ofrece nuevas propuestas para mejor calidad de vida de atizapenses"},"content":{"rendered":"<ul>\n<li><strong><em>Recorre calles y avenidas de las diferentes colonias<\/em><\/strong><\/li>\n<\/ul>\n<p>&nbsp;<\/p>\n<div id=\"attachment_379106\" style=\"width: 470px\" class=\"wp-caption aligncenter\"><a href=\"http:\/\/www.diarioimagen.net\/?attachment_id=379106\" rel=\"attachment wp-att-379106\"><img loading=\"lazy\" decoding=\"async\" aria-describedby=\"caption-attachment-379106\" class=\"size-large wp-image-379106\" src=\"http:\/\/www.diarioimagen.net\/wp-content\/uploads\/2018\/06\/ATIZAPAN-3380-460x259.jpg\" alt=\"\" width=\"460\" height=\"259\" srcset=\"https:\/\/www.diarioimagen.net\/wp-content\/uploads\/2018\/06\/ATIZAPAN-3380-460x259.jpg 460w, https:\/\/www.diarioimagen.net\/wp-content\/uploads\/2018\/06\/ATIZAPAN-3380-240x135.jpg 240w, https:\/\/www.diarioimagen.net\/wp-content\/uploads\/2018\/06\/ATIZAPAN-3380-235x132.jpg 235w, https:\/\/www.diarioimagen.net\/wp-content\/uploads\/2018\/06\/ATIZAPAN-3380-202x114.jpg 202w, https:\/\/www.diarioimagen.net\/wp-content\/uploads\/2018\/06\/ATIZAPAN-3380-350x196.jpg 350w, https:\/\/www.diarioimagen.net\/wp-content\/uploads\/2018\/06\/ATIZAPAN-3380-220x123.jpg 220w, https:\/\/www.diarioimagen.net\/wp-content\/uploads\/2018\/06\/ATIZAPAN-3380-237x132.jpg 237w, https:\/\/www.diarioimagen.net\/wp-content\/uploads\/2018\/06\/ATIZAPAN-3380.jpg 480w\" sizes=\"auto, (max-width: 460px) 100vw, 460px\" \/><\/a><p id=\"caption-attachment-379106\" class=\"wp-caption-text\">Ana Balderas, candidata de la coalici\u00f3n Por el Estado de M\u00e9xico al Frente, contin\u00faa recorriendo calles y avenidas de las diferentes colonias de Atizap\u00e1n.<\/p><\/div>\n<p>&nbsp;<\/p>\n<p><strong>Atizap\u00e1n, Estado de M\u00e9xico<\/strong>.- Ana Balderas, candidata a la presidencia municipal de Atizap\u00e1n por la coalici\u00f3n Por el Estado de M\u00e9xico al Frente, contin\u00faa recorriendo calles y avenidas de las diferentes colonias para dar a conocer sus propuestas en materia de seguridad, educaci\u00f3n, obra p\u00fablica, deporte y apoyo a jefas de familia, principalmente.<\/p>\n<p>\u201cTres a\u00f1os son poco tiempo para poder cristalizar los proyectos que nos hemos planteado, por eso, hoy nuevamente salgo a las calles para dar a conocer mis nuevas propuestas de gobierno.<\/p>\n<p>M\u00e1s seguridad, empleo, puentes vehiculares, colectores pluviales, guarder\u00edas de tiempo completo, becas escolares, espacios deportivos y atenci\u00f3n m\u00e9dica geri\u00e1trica es lo que necesitan los atizapenses\u201d.<\/p>\n<p>En este sentido, Ana Balderas ha recorrido las colonias Real de Atizap\u00e1n, Ahuehuetes, San Mateo Tecoloapan, Tepalcapa, Las Colonias, Nueva Era, San Juan Ixtacala Plano Sur, Emiliano Zapata, Ampliaci\u00f3n Emiliano Zapata, por citar algunas, en las que se comprometi\u00f3 a fortalecer la seguridad p\u00fablica mediante la creaci\u00f3n de una Sub Comisar\u00eda en la zona norte.<\/p>\n<p>\u201cYo estoy convencida que las campa\u00f1as se ganan con buenas propuestas, con salir a las calles y tocar puertas para llegar a los ciudadanos.\u00a0Seguir\u00e9 trabajando en la misma postura de hacer de Atizap\u00e1n un mejor lugar para vivir, un municipio incluyente que ofrezca mejores oportunidades para todos\u201d, concluy\u00f3 Balderas Trejo.<\/p>\n","protected":false},"excerpt":{"rendered":"<p>Ana Balderas, candidata a la presidencia municipal de Atizap\u00e1n por la coalici\u00f3n Por el Estado de M\u00e9xico al Frente, contin\u00faa recorriendo calles y avenidas de las diferentes colonias para dar a conocer sus propuestas en materia de seguridad, educaci\u00f3n, obra p\u00fablica, deporte y apoyo a jefas de familia, principalmente.<\/p>\n","protected":false},"author":3,"featured_media":379106,"comment_status":"open","ping_status":"open","sticky":false,"template":"","format":"standard","meta":{"_monsterinsights_skip_tracking":false,"_monsterinsights_sitenote_active":false,"_monsterinsights_sitenote_note":"","_monsterinsights_sitenote_category":0,"footnotes":""},"categories":[35155],"tags":[47643,969,43675],"class_list":["post-378987","post","type-post","status-publish","format-standard","has-post-thumbnail","hentry","category-estado-de-mexico-estado-de-mexico","tag-ana-balderas-trejo","tag-atizapan","tag-estado-de-mexico"],"_links":{"self":[{"href":"https:\/\/www.diarioimagen.net\/index.php?rest_route=\/wp\/v2\/posts\/378987","targetHints":{"allow":["GET"]}}],"collection":[{"href":"https:\/\/www.diarioimagen.net\/index.php?rest_route=\/wp\/v2\/posts"}],"about":[{"href":"https:\/\/www.diarioimagen.net\/index.php?rest_route=\/wp\/v2\/types\/post"}],"author":[{"embeddable":true,"href":"https:\/\/www.diarioimagen.net\/index.php?rest_route=\/wp\/v2\/users\/3"}],"replies":[{"embeddable":true,"href":"https:\/\/www.diarioimagen.net\/index.php?rest_route=%2Fwp%2Fv2%2Fcomments&post=378987"}],"version-history":[{"count":0,"href":"https:\/\/www.diarioimagen.net\/index.php?rest_route=\/wp\/v2\/posts\/378987\/revisions"}],"wp:featuredmedia":[{"embeddable":true,"href":"https:\/\/www.diarioimagen.net\/index.php?rest_route=\/wp\/v2\/media\/379106"}],"wp:attachment":[{"href":"https:\/\/www.diarioimagen.net\/index.php?rest_route=%2Fwp%2Fv2%2Fmedia&parent=378987"}],"wp:term":[{"taxonomy":"category","embeddable":true,"href":"https:\/\/www.diarioimagen.net\/index.php?rest_route=%2Fwp%2Fv2%2Fcategories&post=378987"},{"taxonomy":"post_tag","embeddable":true,"href":"https:\/\/www.diarioimagen.net\/index.php?rest_route=%2Fwp%2Fv2%2Ftags&post=378987"}],"curies":[{"name":"wp","href":"https:\/\/api.w.org\/{rel}","templated":true}]}}