{"id":378992,"date":"2018-06-01T00:03:45","date_gmt":"2018-06-01T05:03:45","guid":{"rendered":"http:\/\/www.diarioimagen.net\/?p=378992"},"modified":"2018-06-01T06:16:20","modified_gmt":"2018-06-01T11:16:20","slug":"se-regularizara-lomas-de-los-remedios-afirma-el-candidato-alfredo-oropeza","status":"publish","type":"post","link":"https:\/\/www.diarioimagen.net\/?p=378992","title":{"rendered":"Se regularizar\u00e1 Lomas de Los Remedios, afirma el candidato Alfredo Oropeza"},"content":{"rendered":"<ul>\n<li><strong><em>Aspirante panista a la alcaldia de\u00a0 Naucalpan<\/em><\/strong><\/li>\n<\/ul>\n<p>&nbsp;<\/p>\n<div id=\"attachment_379109\" style=\"width: 470px\" class=\"wp-caption aligncenter\"><a href=\"http:\/\/www.diarioimagen.net\/?attachment_id=379109\" rel=\"attachment wp-att-379109\"><img loading=\"lazy\" decoding=\"async\" aria-describedby=\"caption-attachment-379109\" class=\"size-large wp-image-379109\" src=\"http:\/\/www.diarioimagen.net\/wp-content\/uploads\/2018\/06\/candidato-3380-460x259.jpg\" alt=\"\" width=\"460\" height=\"259\" srcset=\"https:\/\/www.diarioimagen.net\/wp-content\/uploads\/2018\/06\/candidato-3380-460x259.jpg 460w, https:\/\/www.diarioimagen.net\/wp-content\/uploads\/2018\/06\/candidato-3380-240x135.jpg 240w, https:\/\/www.diarioimagen.net\/wp-content\/uploads\/2018\/06\/candidato-3380-235x132.jpg 235w, https:\/\/www.diarioimagen.net\/wp-content\/uploads\/2018\/06\/candidato-3380-202x114.jpg 202w, https:\/\/www.diarioimagen.net\/wp-content\/uploads\/2018\/06\/candidato-3380-350x196.jpg 350w, https:\/\/www.diarioimagen.net\/wp-content\/uploads\/2018\/06\/candidato-3380-220x123.jpg 220w, https:\/\/www.diarioimagen.net\/wp-content\/uploads\/2018\/06\/candidato-3380-237x132.jpg 237w, https:\/\/www.diarioimagen.net\/wp-content\/uploads\/2018\/06\/candidato-3380.jpg 480w\" sizes=\"auto, (max-width: 460px) 100vw, 460px\" \/><\/a><p id=\"caption-attachment-379109\" class=\"wp-caption-text\">El candidato Alfredo Oropeza propone continuar con\u00a0la regularizaci\u00f3n de la comunidad Lomas de Los Remedios.<\/p><\/div>\n<p>&nbsp;<\/p>\n<p><strong>Naucalpan, Estado de M\u00e9xico<\/strong> .-El candidato a la presidencia municipal de Naucalpan, por la coalici\u00f3n Por el Estado de M\u00e9xico al Frente, Alfredo Oropeza, propone continuar con la regularizaci\u00f3n de la comunidad Lomas de Los Remedios, para as\u00ed incorporarla como la n\u00famero 130 en el Bando Municipal, lo que permitir\u00e1 llevar los\u00a0\u00a0\u00a0servicios de drenaje y realizar trabajos de\u00a0\u00a0pavimentaci\u00f3n en\u00a0\u00a0esta comunidad.<\/p>\n<p>Durante un recorrido que realiz\u00f3 con habitantes de este lugar, Alfredo Oropeza,\u00a0\u00a0explic\u00f3 que\u00a0\u00a0el programa de\u00a0\u00a0escrituraci\u00f3n que realiza la actual administraci\u00f3n municipal en esta comunidad, tendr\u00e1 continuidad en\u00a0\u00a0su gobierno, de ganar la elecci\u00f3n del 1 de julio, ya que\u00a0\u00a0seguir\u00e1 con el proceso de regularizaci\u00f3n y\u00a0\u00a0\u00a0de la mano de sus habitantes,\u00a0\u00a0trabajar para elevar su calidad de vida.\u00a0 El candidato del Frente reconoci\u00f3 que \u00e9sta\u00a0\u00a0es una de las demandas m\u00e1s sentidas de los habitantes de Lomas de Los Remedios, por lo que\u00a0\u00a0al quedar regularizada, su gobierno programar\u00e1 presupuesto participativo para obra comunitaria como\u00a0\u00a0el drenaje y la\u00a0\u00a0pavimentaci\u00f3n de calles, incluso en aquellas\u00a0\u00a0que son\u00a0\u00a0de dif\u00edcil acceso.<\/p>\n<p>Alfredo Oropeza, dijo que el gobierno municipal no ha podido invertir en estas obras por ser una zona irregular, pero despu\u00e9s de que la administraci\u00f3n de\u00a0\u00a0Edgar Olvera inici\u00f3 el programa de escrituraci\u00f3n, se podr\u00e1 incorporar como la colonia n\u00famero 130 en el Bando Municipal e iniciar su urbanizaci\u00f3n.<\/p>\n","protected":false},"excerpt":{"rendered":"<p>El candidato a la presidencia municipal de Naucalpan, por la coalici\u00f3n Por el Estado de M\u00e9xico al Frente, Alfredo Oropeza, propone continuar con la regularizaci\u00f3n de la comunidad Lomas de Los Remedios, para as\u00ed incorporarla como la n\u00famero 130 en el Bando Municipal, lo que permitir\u00e1 llevar los   servicios de drenaje y realizar trabajos de  pavimentaci\u00f3n en  esta comunidad.<\/p>\n","protected":false},"author":3,"featured_media":379109,"comment_status":"open","ping_status":"open","sticky":false,"template":"","format":"standard","meta":{"_monsterinsights_skip_tracking":false,"_monsterinsights_sitenote_active":false,"_monsterinsights_sitenote_note":"","_monsterinsights_sitenote_category":0,"footnotes":""},"categories":[35155],"tags":[74403,43675,970],"class_list":["post-378992","post","type-post","status-publish","format-standard","has-post-thumbnail","hentry","category-estado-de-mexico-estado-de-mexico","tag-alfredo-oropeza","tag-estado-de-mexico","tag-naucalpan"],"_links":{"self":[{"href":"https:\/\/www.diarioimagen.net\/index.php?rest_route=\/wp\/v2\/posts\/378992","targetHints":{"allow":["GET"]}}],"collection":[{"href":"https:\/\/www.diarioimagen.net\/index.php?rest_route=\/wp\/v2\/posts"}],"about":[{"href":"https:\/\/www.diarioimagen.net\/index.php?rest_route=\/wp\/v2\/types\/post"}],"author":[{"embeddable":true,"href":"https:\/\/www.diarioimagen.net\/index.php?rest_route=\/wp\/v2\/users\/3"}],"replies":[{"embeddable":true,"href":"https:\/\/www.diarioimagen.net\/index.php?rest_route=%2Fwp%2Fv2%2Fcomments&post=378992"}],"version-history":[{"count":0,"href":"https:\/\/www.diarioimagen.net\/index.php?rest_route=\/wp\/v2\/posts\/378992\/revisions"}],"wp:featuredmedia":[{"embeddable":true,"href":"https:\/\/www.diarioimagen.net\/index.php?rest_route=\/wp\/v2\/media\/379109"}],"wp:attachment":[{"href":"https:\/\/www.diarioimagen.net\/index.php?rest_route=%2Fwp%2Fv2%2Fmedia&parent=378992"}],"wp:term":[{"taxonomy":"category","embeddable":true,"href":"https:\/\/www.diarioimagen.net\/index.php?rest_route=%2Fwp%2Fv2%2Fcategories&post=378992"},{"taxonomy":"post_tag","embeddable":true,"href":"https:\/\/www.diarioimagen.net\/index.php?rest_route=%2Fwp%2Fv2%2Ftags&post=378992"}],"curies":[{"name":"wp","href":"https:\/\/api.w.org\/{rel}","templated":true}]}}