{"id":379184,"date":"2018-06-04T00:08:12","date_gmt":"2018-06-04T05:08:12","guid":{"rendered":"http:\/\/www.diarioimagen.net\/?p=379184"},"modified":"2018-06-04T23:26:50","modified_gmt":"2018-06-05T04:26:50","slug":"buscan-secretaria-de-movilidad-y-anpact-apoyar-a-transportistas","status":"publish","type":"post","link":"https:\/\/www.diarioimagen.net\/?p=379184","title":{"rendered":"Buscan Secretar\u00eda de Movilidad y ANPACT apoyar a transportistas"},"content":{"rendered":"<ul>\n<li><em><strong>En renovaci\u00f3n de unidades<\/strong><\/em><\/li>\n<li><em><strong>Soluciones t\u00e9cnicas y financieras en apoyo a la renovaci\u00f3n del parque vehicular<\/strong><\/em><\/li>\n<\/ul>\n<p>&nbsp;<\/p>\n<p><a href=\"http:\/\/www.diarioimagen.net\/?attachment_id=379281\" rel=\"attachment wp-att-379281\"><img loading=\"lazy\" decoding=\"async\" class=\"aligncenter size-large wp-image-379281\" src=\"http:\/\/www.diarioimagen.net\/wp-content\/uploads\/2018\/06\/TRANSPORTE-3381-460x259.jpg\" alt=\"\" width=\"460\" height=\"259\" srcset=\"https:\/\/www.diarioimagen.net\/wp-content\/uploads\/2018\/06\/TRANSPORTE-3381-460x259.jpg 460w, https:\/\/www.diarioimagen.net\/wp-content\/uploads\/2018\/06\/TRANSPORTE-3381-240x135.jpg 240w, https:\/\/www.diarioimagen.net\/wp-content\/uploads\/2018\/06\/TRANSPORTE-3381-235x132.jpg 235w, https:\/\/www.diarioimagen.net\/wp-content\/uploads\/2018\/06\/TRANSPORTE-3381-202x114.jpg 202w, https:\/\/www.diarioimagen.net\/wp-content\/uploads\/2018\/06\/TRANSPORTE-3381-350x196.jpg 350w, https:\/\/www.diarioimagen.net\/wp-content\/uploads\/2018\/06\/TRANSPORTE-3381-220x123.jpg 220w, https:\/\/www.diarioimagen.net\/wp-content\/uploads\/2018\/06\/TRANSPORTE-3381-237x132.jpg 237w, https:\/\/www.diarioimagen.net\/wp-content\/uploads\/2018\/06\/TRANSPORTE-3381.jpg 480w\" sizes=\"auto, (max-width: 460px) 100vw, 460px\" \/><\/a><\/p>\n<p>&nbsp;<\/p>\n<p><strong>Ciudad de M\u00e9xico<\/strong>.- La Secretar\u00eda de Movilidad estatal y la Asociaci\u00f3n Nacional de Productores de Autobuses, Camiones y Tractocamiones (ANPACT), iniciaron un plan de trabajo coordinado para dar soluciones personalizadas a los transportistas del Estado de M\u00e9xico, en la tarea de modernizar y hacer m\u00e1s seguras sus unidades.<\/p>\n<p>La nueva pol\u00edtica de ordenamiento y modernizaci\u00f3n del sistema de transporte p\u00fablico, que actualmente implementa el gobierno del Estado de M\u00e9xico, se alinea con los objetivos de sostenibilidad de la Agenda 2030 de la ONU, y pone como centro de la misma al ciudadano, buscando un transporte \u00e1gil y seguro.<\/p>\n<p>De modo similar, ANPACT trabaja para que en M\u00e9xico existan veh\u00edculos comerciales competitivos, seguros y amigables con el medio ambiente.<\/p>\n<p>Con la suma de los esfuerzos emprendidos por ambas organizaciones, se obtendr\u00e1n beneficios en materia de seguridad, salud y medio ambiente para la ciudadan\u00eda.<\/p>\n<p>Para conseguir este prop\u00f3sito, la Secretar\u00eda de Movilidad y ANPACT trabajar\u00e1n de la mano, con la finalidad de acercar a los transportistas las mejores soluciones t\u00e9cnicas y financieras, que los apoyen en la renovaci\u00f3n del parque vehicular.<\/p>\n","protected":false},"excerpt":{"rendered":"<p>La Secretar\u00eda de Movilidad estatal y la Asociaci\u00f3n Nacional de Productores de Autobuses, Camiones y Tractocamiones (ANPACT), iniciaron un plan de trabajo coordinado para dar soluciones personalizadas a los transportistas del Estado de M\u00e9xico, en la tarea de modernizar y hacer m\u00e1s seguras sus unidades.<\/p>\n","protected":false},"author":3,"featured_media":379281,"comment_status":"open","ping_status":"open","sticky":false,"template":"","format":"standard","meta":{"_monsterinsights_skip_tracking":false,"_monsterinsights_sitenote_active":false,"_monsterinsights_sitenote_note":"","_monsterinsights_sitenote_category":0,"footnotes":""},"categories":[5],"tags":[74456,204,12963],"class_list":["post-379184","post","type-post","status-publish","format-standard","has-post-thumbnail","hentry","category-estado-de-mexico","tag-anpact","tag-ciudad-de-mexico","tag-transportistas"],"_links":{"self":[{"href":"https:\/\/www.diarioimagen.net\/index.php?rest_route=\/wp\/v2\/posts\/379184","targetHints":{"allow":["GET"]}}],"collection":[{"href":"https:\/\/www.diarioimagen.net\/index.php?rest_route=\/wp\/v2\/posts"}],"about":[{"href":"https:\/\/www.diarioimagen.net\/index.php?rest_route=\/wp\/v2\/types\/post"}],"author":[{"embeddable":true,"href":"https:\/\/www.diarioimagen.net\/index.php?rest_route=\/wp\/v2\/users\/3"}],"replies":[{"embeddable":true,"href":"https:\/\/www.diarioimagen.net\/index.php?rest_route=%2Fwp%2Fv2%2Fcomments&post=379184"}],"version-history":[{"count":0,"href":"https:\/\/www.diarioimagen.net\/index.php?rest_route=\/wp\/v2\/posts\/379184\/revisions"}],"wp:featuredmedia":[{"embeddable":true,"href":"https:\/\/www.diarioimagen.net\/index.php?rest_route=\/wp\/v2\/media\/379281"}],"wp:attachment":[{"href":"https:\/\/www.diarioimagen.net\/index.php?rest_route=%2Fwp%2Fv2%2Fmedia&parent=379184"}],"wp:term":[{"taxonomy":"category","embeddable":true,"href":"https:\/\/www.diarioimagen.net\/index.php?rest_route=%2Fwp%2Fv2%2Fcategories&post=379184"},{"taxonomy":"post_tag","embeddable":true,"href":"https:\/\/www.diarioimagen.net\/index.php?rest_route=%2Fwp%2Fv2%2Ftags&post=379184"}],"curies":[{"name":"wp","href":"https:\/\/api.w.org\/{rel}","templated":true}]}}