{"id":379214,"date":"2018-06-04T00:09:41","date_gmt":"2018-06-04T05:09:41","guid":{"rendered":"http:\/\/www.diarioimagen.net\/?p=379214"},"modified":"2018-06-04T07:44:35","modified_gmt":"2018-06-04T12:44:35","slug":"transportistas-de-la-ruta-7-se-suman-a-la-campana-de-alfredo-oropeza-mendez","status":"publish","type":"post","link":"https:\/\/www.diarioimagen.net\/?p=379214","title":{"rendered":"Transportistas de la Ruta 7 se suman a la campa\u00f1a de Alfredo Oropeza M\u00e9ndez"},"content":{"rendered":"<ul>\n<li><strong><em>Por el Estado de M\u00e9xico al Frente<\/em><\/strong><\/li>\n<\/ul>\n<p>&nbsp;<\/p>\n<div id=\"attachment_379309\" style=\"width: 470px\" class=\"wp-caption aligncenter\"><a href=\"http:\/\/www.diarioimagen.net\/?attachment_id=379309\" rel=\"attachment wp-att-379309\"><img loading=\"lazy\" decoding=\"async\" aria-describedby=\"caption-attachment-379309\" class=\"size-large wp-image-379309\" src=\"http:\/\/www.diarioimagen.net\/wp-content\/uploads\/2018\/06\/NAUCALPAN-3381-460x259.jpg\" alt=\"\" width=\"460\" height=\"259\" srcset=\"https:\/\/www.diarioimagen.net\/wp-content\/uploads\/2018\/06\/NAUCALPAN-3381-460x259.jpg 460w, https:\/\/www.diarioimagen.net\/wp-content\/uploads\/2018\/06\/NAUCALPAN-3381-240x135.jpg 240w, https:\/\/www.diarioimagen.net\/wp-content\/uploads\/2018\/06\/NAUCALPAN-3381-235x132.jpg 235w, https:\/\/www.diarioimagen.net\/wp-content\/uploads\/2018\/06\/NAUCALPAN-3381-202x114.jpg 202w, https:\/\/www.diarioimagen.net\/wp-content\/uploads\/2018\/06\/NAUCALPAN-3381-350x196.jpg 350w, https:\/\/www.diarioimagen.net\/wp-content\/uploads\/2018\/06\/NAUCALPAN-3381-220x123.jpg 220w, https:\/\/www.diarioimagen.net\/wp-content\/uploads\/2018\/06\/NAUCALPAN-3381-237x132.jpg 237w, https:\/\/www.diarioimagen.net\/wp-content\/uploads\/2018\/06\/NAUCALPAN-3381.jpg 480w\" sizes=\"auto, (max-width: 460px) 100vw, 460px\" \/><\/a><p id=\"caption-attachment-379309\" class=\"wp-caption-text\">Transportistas de la Ruta 7 y de la empresa de taxis Semesa Excelencia, se sumaron a la campa\u00f1a de Alfredo Oropeza M\u00e9ndez.<\/p><\/div>\n<p>&nbsp;<\/p>\n<p><strong>Naucalpan, Estado de M\u00e9xico<\/strong>.- M\u00e1s 700 transportistas de la Ruta 7 y de la empresa de taxis Semesa Excelencia, se sumaron a la campa\u00f1a del candidato a la presidencia municipal de Naucalpan, por la coalici\u00f3n Por el Estado de M\u00e9xico al Frente, Alfredo Oropeza M\u00e9ndez.<\/p>\n<p>Reunidos en las colonias Izcalli Chamapa y Ampliaci\u00f3n Loma Linda, los transportistas manifestaron su apoyo al candidato del Frente, y pegaron calcoman\u00edas a las unidades que brindan\u00a0\u00a0servicio en este municipio.<\/p>\n<p>Oropeza M\u00e9ndez se\u00f1al\u00f3 que el servicio que prestan estos transportistas, es la principal opci\u00f3n de movilidad que utilizan los naucalpenses, por lo que subray\u00f3\u00a0\u00a0lo\u00a0\u00a0importante que es que reciban un trato digno y excelente servicio.<\/p>\n<p>La Ruta 7 agremia a m\u00e1s de 650 unidades, entre camionetas y taxis, y presta sus servicios por\u00a0\u00a0varios derroteros en el municipio, mientras la empresa de taxis Semesa Excelencia cuenta con 65 unidades que brindan servicio en toda la demarcaci\u00f3n.<\/p>\n<p>M\u00e1s 700 transportistas de la Ruta 7,encabezados por sur su l\u00edder,\u00a0 Sergio Correa y de la empresa de taxis Semesa Excelencia, se sumaron a la campa\u00f1a del candidato a la presidencia municipal de Naucalpan, por la coalici\u00f3n Por el Estado de M\u00e9xico al Frente, Alfredo Oropeza M\u00e9ndez.<\/p>\n<p>Reunidos en las colonias Izcalli Chamapa y Ampliaci\u00f3n Loma Linda, los transportistas manifestaron su apoyo al candidato del Frente, y pegaron calcoman\u00edas a las unidades que brindan\u00a0\u00a0servicio en este municipio.<\/p>\n","protected":false},"excerpt":{"rendered":"<p>M\u00e1s 700 transportistas de la Ruta 7 y de la empresa de taxis Semesa Excelencia, se sumaron a la campa\u00f1a del candidato a la presidencia municipal de Naucalpan, por la coalici\u00f3n Por el Estado de M\u00e9xico al Frente, Alfredo Oropeza M\u00e9ndez.<\/p>\n","protected":false},"author":3,"featured_media":379309,"comment_status":"open","ping_status":"open","sticky":false,"template":"","format":"standard","meta":{"_monsterinsights_skip_tracking":false,"_monsterinsights_sitenote_active":false,"_monsterinsights_sitenote_note":"","_monsterinsights_sitenote_category":0,"footnotes":""},"categories":[35155],"tags":[63804,43675,970],"class_list":["post-379214","post","type-post","status-publish","format-standard","has-post-thumbnail","hentry","category-estado-de-mexico-estado-de-mexico","tag-alfredo-oropeza-mendez","tag-estado-de-mexico","tag-naucalpan"],"_links":{"self":[{"href":"https:\/\/www.diarioimagen.net\/index.php?rest_route=\/wp\/v2\/posts\/379214","targetHints":{"allow":["GET"]}}],"collection":[{"href":"https:\/\/www.diarioimagen.net\/index.php?rest_route=\/wp\/v2\/posts"}],"about":[{"href":"https:\/\/www.diarioimagen.net\/index.php?rest_route=\/wp\/v2\/types\/post"}],"author":[{"embeddable":true,"href":"https:\/\/www.diarioimagen.net\/index.php?rest_route=\/wp\/v2\/users\/3"}],"replies":[{"embeddable":true,"href":"https:\/\/www.diarioimagen.net\/index.php?rest_route=%2Fwp%2Fv2%2Fcomments&post=379214"}],"version-history":[{"count":0,"href":"https:\/\/www.diarioimagen.net\/index.php?rest_route=\/wp\/v2\/posts\/379214\/revisions"}],"wp:featuredmedia":[{"embeddable":true,"href":"https:\/\/www.diarioimagen.net\/index.php?rest_route=\/wp\/v2\/media\/379309"}],"wp:attachment":[{"href":"https:\/\/www.diarioimagen.net\/index.php?rest_route=%2Fwp%2Fv2%2Fmedia&parent=379214"}],"wp:term":[{"taxonomy":"category","embeddable":true,"href":"https:\/\/www.diarioimagen.net\/index.php?rest_route=%2Fwp%2Fv2%2Fcategories&post=379214"},{"taxonomy":"post_tag","embeddable":true,"href":"https:\/\/www.diarioimagen.net\/index.php?rest_route=%2Fwp%2Fv2%2Ftags&post=379214"}],"curies":[{"name":"wp","href":"https:\/\/api.w.org\/{rel}","templated":true}]}}