{"id":379216,"date":"2018-06-04T00:08:37","date_gmt":"2018-06-04T05:08:37","guid":{"rendered":"http:\/\/www.diarioimagen.net\/?p=379216"},"modified":"2018-06-04T07:45:57","modified_gmt":"2018-06-04T12:45:57","slug":"la-maternidad-asunto-de-salud-publica-fernanda-rivera","status":"publish","type":"post","link":"https:\/\/www.diarioimagen.net\/?p=379216","title":{"rendered":"La maternidad, asunto de salud p\u00fablica: Fernanda Rivera"},"content":{"rendered":"<p><a href=\"http:\/\/www.diarioimagen.net\/?attachment_id=379311\" rel=\"attachment wp-att-379311\"><img loading=\"lazy\" decoding=\"async\" class=\"aligncenter size-large wp-image-379311\" src=\"http:\/\/www.diarioimagen.net\/wp-content\/uploads\/2018\/06\/salud-3381-460x259.jpg\" alt=\"\" width=\"460\" height=\"259\" srcset=\"https:\/\/www.diarioimagen.net\/wp-content\/uploads\/2018\/06\/salud-3381-460x259.jpg 460w, https:\/\/www.diarioimagen.net\/wp-content\/uploads\/2018\/06\/salud-3381-240x135.jpg 240w, https:\/\/www.diarioimagen.net\/wp-content\/uploads\/2018\/06\/salud-3381-235x132.jpg 235w, https:\/\/www.diarioimagen.net\/wp-content\/uploads\/2018\/06\/salud-3381-202x114.jpg 202w, https:\/\/www.diarioimagen.net\/wp-content\/uploads\/2018\/06\/salud-3381-350x196.jpg 350w, https:\/\/www.diarioimagen.net\/wp-content\/uploads\/2018\/06\/salud-3381-220x123.jpg 220w, https:\/\/www.diarioimagen.net\/wp-content\/uploads\/2018\/06\/salud-3381-237x132.jpg 237w, https:\/\/www.diarioimagen.net\/wp-content\/uploads\/2018\/06\/salud-3381.jpg 480w\" sizes=\"auto, (max-width: 460px) 100vw, 460px\" \/><\/a><\/p>\n<p>&nbsp;<\/p>\n<p><strong>Naucalpan, Estado de M\u00e9xico.- <\/strong>A un mes de las elecciones, la candidata panista al Senado, Fernanda Rivera, anunci\u00f3\u00a0 que de llegar a la C\u00e1mara alta, impulsar\u00e1 a nivel federal un nuevo marco legal para proteger los derechos de las madres y facilitar el acceso a salud, as\u00ed como apoyos espec\u00edficos durante el embarazo y primeros meses de vida de sus hijos.<\/p>\n<p>Al reconocer que muchas mujeres mexicanas y de forma particular, las mexiquenses, se encuentran en situaci\u00f3n vulnerable frente al embarazo, la aspirante por el Estado de M\u00e9xico asegur\u00f3 que trabajar\u00e1 intensamente para proteger la maternidad.<\/p>\n","protected":false},"excerpt":{"rendered":"<p>A un mes de las elecciones, la candidata panista al Senado, Fernanda Rivera, anunci\u00f3  que de llegar a la C\u00e1mara alta, impulsar\u00e1 a nivel federal un nuevo marco legal para proteger los derechos de las madres y facilitar el acceso a salud, as\u00ed como apoyos espec\u00edficos durante el embarazo y primeros meses de vida de sus hijos.<\/p>\n","protected":false},"author":3,"featured_media":379311,"comment_status":"open","ping_status":"open","sticky":false,"template":"","format":"standard","meta":{"_monsterinsights_skip_tracking":false,"_monsterinsights_sitenote_active":false,"_monsterinsights_sitenote_note":"","_monsterinsights_sitenote_category":0,"footnotes":""},"categories":[35155],"tags":[74462,43675,970],"class_list":["post-379216","post","type-post","status-publish","format-standard","has-post-thumbnail","hentry","category-estado-de-mexico-estado-de-mexico","tag-camara-alta","tag-estado-de-mexico","tag-naucalpan"],"_links":{"self":[{"href":"https:\/\/www.diarioimagen.net\/index.php?rest_route=\/wp\/v2\/posts\/379216","targetHints":{"allow":["GET"]}}],"collection":[{"href":"https:\/\/www.diarioimagen.net\/index.php?rest_route=\/wp\/v2\/posts"}],"about":[{"href":"https:\/\/www.diarioimagen.net\/index.php?rest_route=\/wp\/v2\/types\/post"}],"author":[{"embeddable":true,"href":"https:\/\/www.diarioimagen.net\/index.php?rest_route=\/wp\/v2\/users\/3"}],"replies":[{"embeddable":true,"href":"https:\/\/www.diarioimagen.net\/index.php?rest_route=%2Fwp%2Fv2%2Fcomments&post=379216"}],"version-history":[{"count":0,"href":"https:\/\/www.diarioimagen.net\/index.php?rest_route=\/wp\/v2\/posts\/379216\/revisions"}],"wp:featuredmedia":[{"embeddable":true,"href":"https:\/\/www.diarioimagen.net\/index.php?rest_route=\/wp\/v2\/media\/379311"}],"wp:attachment":[{"href":"https:\/\/www.diarioimagen.net\/index.php?rest_route=%2Fwp%2Fv2%2Fmedia&parent=379216"}],"wp:term":[{"taxonomy":"category","embeddable":true,"href":"https:\/\/www.diarioimagen.net\/index.php?rest_route=%2Fwp%2Fv2%2Fcategories&post=379216"},{"taxonomy":"post_tag","embeddable":true,"href":"https:\/\/www.diarioimagen.net\/index.php?rest_route=%2Fwp%2Fv2%2Ftags&post=379216"}],"curies":[{"name":"wp","href":"https:\/\/api.w.org\/{rel}","templated":true}]}}