{"id":379218,"date":"2018-06-04T00:07:01","date_gmt":"2018-06-04T05:07:01","guid":{"rendered":"http:\/\/www.diarioimagen.net\/?p=379218"},"modified":"2018-06-04T04:55:57","modified_gmt":"2018-06-04T09:55:57","slug":"sandra-mendez-trabajara-para-que-no-falte-el-agua-en-tultitlan","status":"publish","type":"post","link":"https:\/\/www.diarioimagen.net\/?p=379218","title":{"rendered":"Sandra M\u00e9ndez trabajar\u00e1 para que no falte el agua en Tultitl\u00e1n"},"content":{"rendered":"<ul>\n<li><strong><em>Compromete 10 pozos en Sierra de Guadalupe<\/em><\/strong><\/li>\n<\/ul>\n<p>&nbsp;<\/p>\n<div id=\"attachment_379275\" style=\"width: 470px\" class=\"wp-caption aligncenter\"><a href=\"http:\/\/www.diarioimagen.net\/?attachment_id=379275\" rel=\"attachment wp-att-379275\"><img loading=\"lazy\" decoding=\"async\" aria-describedby=\"caption-attachment-379275\" class=\"size-large wp-image-379275\" src=\"http:\/\/www.diarioimagen.net\/wp-content\/uploads\/2018\/06\/TULTITLAN-3381-460x259.jpg\" alt=\"\" width=\"460\" height=\"259\" srcset=\"https:\/\/www.diarioimagen.net\/wp-content\/uploads\/2018\/06\/TULTITLAN-3381-460x259.jpg 460w, https:\/\/www.diarioimagen.net\/wp-content\/uploads\/2018\/06\/TULTITLAN-3381-240x135.jpg 240w, https:\/\/www.diarioimagen.net\/wp-content\/uploads\/2018\/06\/TULTITLAN-3381-768x432.jpg 768w, https:\/\/www.diarioimagen.net\/wp-content\/uploads\/2018\/06\/TULTITLAN-3381-480x270.jpg 480w, https:\/\/www.diarioimagen.net\/wp-content\/uploads\/2018\/06\/TULTITLAN-3381-235x132.jpg 235w, https:\/\/www.diarioimagen.net\/wp-content\/uploads\/2018\/06\/TULTITLAN-3381-202x114.jpg 202w, https:\/\/www.diarioimagen.net\/wp-content\/uploads\/2018\/06\/TULTITLAN-3381-350x196.jpg 350w, https:\/\/www.diarioimagen.net\/wp-content\/uploads\/2018\/06\/TULTITLAN-3381-220x123.jpg 220w, https:\/\/www.diarioimagen.net\/wp-content\/uploads\/2018\/06\/TULTITLAN-3381-237x132.jpg 237w, https:\/\/www.diarioimagen.net\/wp-content\/uploads\/2018\/06\/TULTITLAN-3381.jpg 1080w\" sizes=\"auto, (max-width: 460px) 100vw, 460px\" \/><\/a><p id=\"caption-attachment-379275\" class=\"wp-caption-text\">En su visita en la colonia Benito Ju\u00e1rez y en Sierra de Guadalupe, Sandra M\u00e9ndez reiter\u00f3 que trabajar\u00e1 para que nunca falte el agua en Tultitl\u00e1n.<\/p><\/div>\n<p>&nbsp;<\/p>\n<p><strong>Tultitl\u00e1n, Estado de M\u00e9xico<\/strong>.- Sandra M\u00e9ndez Hern\u00e1ndez, candidata a la presidencia municipal de Tultitl\u00e1n por el Partido Revolucionario Institucional, se comprometi\u00f3 con habitantes de la zona sur de este municipio a trabajar para que no falte agua potable en las casas.<\/p>\n<p>Con la construcci\u00f3n de 10 pozos de agua, la candidata a la alcald\u00eda, dijo \u201dya no tendr\u00e1n \u00a0problemas del servicio de abasto de agua en las colonias de la zona sur\u201d.<\/p>\n<p>Durante su visita en la colonia Benito Ju\u00e1rez y en Sierra de Guadalupe, Sandra M\u00e9ndez reiter\u00f3 que trabajar\u00e1 para que nunca falte el agua en Tultitl\u00e1n.<\/p>\n<p>\u201cEl problema del agua es un tema que ustedes demandan y lo atender\u00e9 con la construcci\u00f3n de pozos, ya tenemos identificados 7 colonias donde se har\u00e1n, y ya se trabaja en un estudio para analizar donde construirlos, para que ya no tengan problemas de agua\u201d expres\u00f3 la candidata pri\u00edsta.<\/p>\n<p>Entre las colonias que se tienen contempladas para la construcci\u00f3n de estos 10 pozos destacan: Solidaridad, Buenavista, Benito Ju\u00e1rez, Cartagena, El Tesoro, dos m\u00e1s en la zona centro, y en las colonias donde sea necesario.\u00a0 Sandra M\u00e9ndez Hern\u00e1ndez, pidi\u00f3 a las vecinas y vecinos su voto de confianza \u201cJuntos con Sandra, vamos a construir un nuevo proyecto para que en Tultitl\u00e1n existan m\u00e1s oportunidades para hacer nuestros sue\u00f1os realidad. En este nuevo proyecto, Sandra se compromete con ustedes, a atender y resolver los retos pendientes de Tultitl\u00e1n\u201d.<\/p>\n","protected":false},"excerpt":{"rendered":"<p>Sandra M\u00e9ndez Hern\u00e1ndez, candidata a la presidencia municipal de Tultitl\u00e1n por el Partido Revolucionario Institucional, se comprometi\u00f3 con habitantes de la zona sur de este municipio a trabajar para que no falte agua potable en las casas. <\/p>\n","protected":false},"author":3,"featured_media":379275,"comment_status":"open","ping_status":"open","sticky":false,"template":"","format":"standard","meta":{"_monsterinsights_skip_tracking":false,"_monsterinsights_sitenote_active":false,"_monsterinsights_sitenote_note":"","_monsterinsights_sitenote_category":0,"footnotes":""},"categories":[35155],"tags":[162,43675,74463,578],"class_list":["post-379218","post","type-post","status-publish","format-standard","has-post-thumbnail","hentry","category-estado-de-mexico-estado-de-mexico","tag-agua","tag-estado-de-mexico","tag-falta","tag-tultitlan"],"_links":{"self":[{"href":"https:\/\/www.diarioimagen.net\/index.php?rest_route=\/wp\/v2\/posts\/379218","targetHints":{"allow":["GET"]}}],"collection":[{"href":"https:\/\/www.diarioimagen.net\/index.php?rest_route=\/wp\/v2\/posts"}],"about":[{"href":"https:\/\/www.diarioimagen.net\/index.php?rest_route=\/wp\/v2\/types\/post"}],"author":[{"embeddable":true,"href":"https:\/\/www.diarioimagen.net\/index.php?rest_route=\/wp\/v2\/users\/3"}],"replies":[{"embeddable":true,"href":"https:\/\/www.diarioimagen.net\/index.php?rest_route=%2Fwp%2Fv2%2Fcomments&post=379218"}],"version-history":[{"count":0,"href":"https:\/\/www.diarioimagen.net\/index.php?rest_route=\/wp\/v2\/posts\/379218\/revisions"}],"wp:featuredmedia":[{"embeddable":true,"href":"https:\/\/www.diarioimagen.net\/index.php?rest_route=\/wp\/v2\/media\/379275"}],"wp:attachment":[{"href":"https:\/\/www.diarioimagen.net\/index.php?rest_route=%2Fwp%2Fv2%2Fmedia&parent=379218"}],"wp:term":[{"taxonomy":"category","embeddable":true,"href":"https:\/\/www.diarioimagen.net\/index.php?rest_route=%2Fwp%2Fv2%2Fcategories&post=379218"},{"taxonomy":"post_tag","embeddable":true,"href":"https:\/\/www.diarioimagen.net\/index.php?rest_route=%2Fwp%2Fv2%2Ftags&post=379218"}],"curies":[{"name":"wp","href":"https:\/\/api.w.org\/{rel}","templated":true}]}}