{"id":379260,"date":"2018-06-04T00:10:34","date_gmt":"2018-06-04T05:10:34","guid":{"rendered":"http:\/\/www.diarioimagen.net\/?p=379260"},"modified":"2018-06-04T07:53:26","modified_gmt":"2018-06-04T12:53:26","slug":"pese-a-descalificaciones-de-amlo-los-mas-ricos-insisten-en-hablar-con-el","status":"publish","type":"post","link":"https:\/\/www.diarioimagen.net\/?p=379260","title":{"rendered":"Pese a descalificaciones de AMLO, los m\u00e1s ricos insisten en hablar con \u00e9l\u2026"},"content":{"rendered":"<h2>Tras la puerta del poder<\/h2>\n<h5>Roberto Vizca\u00edno<\/h5>\n<p>&nbsp;<\/p>\n<div id=\"attachment_379317\" style=\"width: 470px\" class=\"wp-caption aligncenter\"><a href=\"http:\/\/www.diarioimagen.net\/?attachment_id=379317\" rel=\"attachment wp-att-379317\"><img loading=\"lazy\" decoding=\"async\" aria-describedby=\"caption-attachment-379317\" class=\"size-large wp-image-379317\" src=\"http:\/\/www.diarioimagen.net\/wp-content\/uploads\/2018\/06\/que-siempre-no-LUIS-XAVIER-3381-460x356.jpg\" alt=\"\" width=\"460\" height=\"356\" srcset=\"https:\/\/www.diarioimagen.net\/wp-content\/uploads\/2018\/06\/que-siempre-no-LUIS-XAVIER-3381-460x356.jpg 460w, https:\/\/www.diarioimagen.net\/wp-content\/uploads\/2018\/06\/que-siempre-no-LUIS-XAVIER-3381-240x186.jpg 240w, https:\/\/www.diarioimagen.net\/wp-content\/uploads\/2018\/06\/que-siempre-no-LUIS-XAVIER-3381-768x594.jpg 768w, https:\/\/www.diarioimagen.net\/wp-content\/uploads\/2018\/06\/que-siempre-no-LUIS-XAVIER-3381.jpg 1200w\" sizes=\"auto, (max-width: 460px) 100vw, 460px\" \/><\/a><p id=\"caption-attachment-379317\" class=\"wp-caption-text\">&#8230;que siempre no&#8230; | Luis Xavier<\/p><\/div>\n<p>&nbsp;<\/p>\n<p>Luego de ya dos meses de encontronazos, amenazas y descalificaciones entre <strong>Andr\u00e9s Manuel L\u00f3pez Obrador<\/strong> y las c\u00fapulas de la poderosa clase empresarial, los integrantes del Consejo Mexicano (de Hombres) de Negocios, que re\u00fane a los personajes m\u00e1s ricos del pa\u00eds, anunciaron que tendr\u00e1n encuentros privados con los 4 candidatos presidenciales.<\/p>\n<p>El anuncio causa expectaci\u00f3n sin embargo no por la confirmada asistencia de <strong>Jos\u00e9 Antonio Meade<\/strong>, <strong>Ricardo Anaya<\/strong> o de <em>El Bronco<\/em>, sino del puntero de todas las encuestas, <strong>L\u00f3pez Obrador.<\/strong><\/p>\n<p>Realmente este encuentro, donde el CMN dice \u201cplantear\u00e1 sus inquietudes e ideas a los cuatro candidatos a la Presidencia de la Rep\u00fablica para generar una conversaci\u00f3n llamada <em>#Di\u00e1logosPorM\u00e9xico<\/em>, adem\u00e1s de que escuchar\u00e1n sus distintas propuestas y visiones de gobierno\u201d, ser\u00e1 importante porque ah\u00ed AMLO y ellos, o llegan a un arreglo previo a las elecciones, o de plano se declaran la guerra a muerte.<\/p>\n<p>No creo que haya m\u00e1s.<\/p>\n<p><strong>AMLO <\/strong>llegar\u00e1 a ese encuentro tras haber calificado a los miembros del Consejo como \u201cminor\u00eda rapaz que tiene secuestradas a las instituciones del gobierno federal.<\/p>\n<p>\u201c(Una minor\u00eda que) No quieren que haya un cambio de r\u00e9gimen y para ser claros no quieren dejar de robar, y no quieren perder el privilegio de mandar porque no solo es hacer negocios al amparo del poder p\u00fablico, sino es que se sienten los due\u00f1os de M\u00e9xico [\u2026] Ellos tienen confiscadas las instituciones, tienen secuestrado al gobierno, el gobierno no representa a todos los mexicanos, est\u00e1 al servicio de esta minor\u00eda rapaz\u201d<strong>.<\/strong><\/p>\n<p>Como ejemplo de su dicho el tabasque\u00f1o mencion\u00f3 directamente a 5 grandes empresarios a quienes acus\u00f3 de encabezar un complot para hacer que el candidato del PRI, PVEM y Panal <strong>Jos\u00e9 Antonio Meade<\/strong> decline en favor del candidato del PAN, PRD y MC <strong>Ricardo Anaya<\/strong> para impedir que AMLO llegue a la Presidencia.<\/p>\n<p>Estas 80 palabras del candidato presidencial puntero provocaron la inmediata publicaci\u00f3n de una carta abierta del Consejo Mexicano de Negocios en la que le advierten que \u201cAs\u00ed No\u201d le aceptar\u00e1n injurias ni agresiones.<\/p>\n<p>Entonces los m\u00e1s ricos de M\u00e9xico le indicaron que \u201ces preocupante que alguien que aspira a ser Presidente de M\u00e9xico denueste a quienes no comparten sus ideas\u201d y le indicaron que su agrupaci\u00f3n \u201crechaza categ\u00f3ricamente las expresiones injuriosas y calumniosas con las que el candidato de la coalici\u00f3n \u201cJuntos Haremos Historia\u201d, <strong>Andr\u00e9s Manuel L\u00f3pez Obrador,<\/strong> agravi\u00f3 a varios de nuestros miembros el 1 de mayo en <strong>Zongolica, Veracruz\u201d.<\/strong><\/p>\n<p>Y en un comentario que no tuvo otro fin que advertirle a AMLO del da\u00f1o que ellos le podr\u00edan hacer a su posible administraci\u00f3n, le indicaron:<\/p>\n<p>\u201cLas empresas de este Consejo emplean de manera directa a m\u00e1s de un mill\u00f3n y medio de jefes de familias mexicanas e invierten cada a\u00f1o miles de millones de d\u00f3lares en nuestro pa\u00eds, lo cual contribuye al crecimiento de la econom\u00eda, de la competitividad y del empleo. En conjunto, todas las empresas privadas de M\u00e9xico generan 9 de cada 10 empleos formales\u201d.<\/p>\n<p>Pero desde entonces tambi\u00e9n le dejaron en claro que saben que \u00e9l podr\u00eda ser el siguiente Presidente de M\u00e9xico y por lo tanto le extend\u00edan la mano, y estar \u201cabiertos al di\u00e1logo\u2026 para buscar soluciones a los m\u00faltiples problemas que enfrentamos y aprovechar las oportunidades que tiene nuestro pa\u00eds. Pero exigimos respeto. No es denigrando ni calumniando como se establece y fortalece una relaci\u00f3n constructiva y de confianza con el sector productivo y empresarial de M\u00e9xico\u201d<strong>.<\/strong><\/p>\n<p>A lo largo del mes de mayo fluyeron informes de encuentros del empresario regio <strong>Alfonso Romo<\/strong> con diversos l\u00edderes empresariales en busca de disminuir la confrontaci\u00f3n entre los ricos y <strong>AMLO<\/strong>.<\/p>\n<p>Como desde hace decenios que no lo hac\u00edan, estos ricos salieron a dar la cara a los medios de informaci\u00f3n para informar de videos y cartas a sus empleados y al resto de los mexicanos, donde advirtieron de los peligros y riesgos de que llegara un gobierno populista.<\/p>\n<p>La mayor\u00eda no nombr\u00f3 a <strong>Andr\u00e9s Manuel L\u00f3pez Obrador <\/strong>en esos textos y videos, s\u00f3lo uno se atrevi\u00f3 a hacerlo, este fue <strong>Alberto Bailleres.<\/strong><\/p>\n<p>Bueno, hoy la mayor\u00eda de ellos \u2013 a saber: <strong>Alejandro Ram\u00edrez Maga\u00f1a<\/strong>, director general de Cin\u00e9polis; <strong>Germ\u00e1n Larrea,<\/strong> de Grupo M\u00e9xico; <strong>Claudio X. Gonzalez Laporte<\/strong> de Kimberly-Clark de M\u00e9xico; <strong>Emilio Azc\u00e1rraga Jean<\/strong> de Televisa; <strong>Gast\u00f3n Azc\u00e1rraga Andrade<\/strong> de Grupo Posadas; <strong>Alberto Bailleres<\/strong> de Grupo Balp e Industrias Pe\u00f1oles y Palacio de Hierro; <strong>Antonio del Valle Ruiz<\/strong> de Mexichem; <strong>Jos\u00e9 Antonio Fern\u00e1ndez Carvajal <\/strong>de FEMSA; <strong>Dionisio Garza Medina<\/strong> de Grupo Alfa; E<strong>nrique Robinson Bours <\/strong>de Bachoco; <strong>Roberto Hern\u00e1ndez <\/strong>de Banamex-Accival; <strong>Juan S\u00e1nchez-Navarro<\/strong> o sus herederos de Grupo Modelo; <strong>Adri\u00e1n Sada Gonz\u00e1lez <\/strong>de Vitro; <strong>Carlos Slim Hel\u00fa <\/strong>o sus herederos, Grupo Carso; <strong>Roberto Servitje Sendra <\/strong>de Bimbo; <strong>Federico Terrazas<\/strong> de Cementos de Chihuahua; <strong>Agust\u00edn Franco Mac\u00edas<\/strong> de Grupo Infra;<strong> Ricardo Martin Bringas<\/strong> de Soriana y <strong>Blanca Trevi\u00f1o <\/strong>de Softtek-\u00a0 se sentar\u00e1n a dialogar con <strong>AMLO<\/strong>\u2026 y los otros 3 candidatos.<\/p>\n<p>Este grupo forma a su vez la punta de las c\u00fapulas de la Coparmex; del Consejo Coordinador Empresarial, el CCE; de CONCAMIN; CONCANACO; Asociaci\u00f3n de Bancos de M\u00e9xico; Asociaci\u00f3n Mexicana de Instituciones de Seguros y Consejo Nacional Agropecuario.<\/p>\n<p>De acuerdo a la bit\u00e1cora del Consejo, esta no ser\u00e1 la primera vez que AMLO dialogue con ellos. Eso ocurri\u00f3 en 1997 cuando acudi\u00f3 a un encuentro con los m\u00e1s ricos como presidente del PRD.<\/p>\n<p>Sin fecha conocida a\u00fan, este encuentro de <strong>L\u00f3pez Obrador<\/strong> con los ricos que hacen campa\u00f1a en su contra, no hay duda, tendr\u00e1 consecuencias gane o pierda la Presidencia.<\/p>\n<p style=\"text-align: center;\"><strong>Gamboa y el PRI a salvar Yucat\u00e1n<\/strong><\/p>\n<p>El senador con licencia y l\u00edder nacional del PRI, el ex gobernador guerrerense <strong>Arturo Zamora<\/strong> record\u00f3 el fin de semana desde Yucat\u00e1n a aquel narrador de juegos de b\u00e9isbol que hizo famosa la frase de \u201cesto no se acaba\u2026 hasta que se acaba\u201d.<\/p>\n<p>Y, acompa\u00f1ado por el senador Emilio Gamboa y la mayor\u00eda de la dirigencia del tricolor en ese estado y el pa\u00eds, advirti\u00f3 que nadie debe dar por concluida la actual campa\u00f1a electoral hasta que no caiga el \u00faltimo voto en las urnas.<\/p>\n<p>\u00abVamos a ganar por cuando menos tres razones: tenemos el mejor partido, a los mejores candidatos y las mejores propuestas\u00bb, afirm\u00f3.<\/p>\n<p>Zamora estaba adem\u00e1s con <strong>Mauricio Sahu\u00ed <\/strong>aspirante a Gobernador; <strong>Pablo Gamboa y Jorge Carlos Ram\u00edrez Mar\u00edn candidatos al Senado; Carlos Sobrino<\/strong>, l\u00edder estatal del PRI; <strong>Pedro Oxt\u00e9,<\/strong> de la CROC; la ex gobernadora y ex senadora <strong>Dulce Maria Sauri.<\/strong><\/p>\n<p style=\"text-align: center;\"><strong>La senadora Martha Tagle vs la violencia<\/strong><\/p>\n<p>En medio de una de las m\u00e1s persistentes escaladas de violencia contra pol\u00edticos, la senadora independiente <strong>Martha Tagle<\/strong> pidi\u00f3 al gobierno del presidente Enrique Pe\u00f1a Nieto mayor contundencia en contra de la inseguridad.<\/p>\n<p>\u201cEn menos de veinticuatro horas, fueron asesinadas <strong>Pamela Ter\u00e1n,<\/strong> regidora con licencia y candidata a segunda concejal en Juchit\u00e1n, Oaxaca junto con <strong>Mar\u00eda del Sol Cruz Jarqu\u00edn<\/strong>, quien presuntamente hab\u00eda sido obligada a estar comisionada como fot\u00f3grafa; mientras que en Jolapa, Puebla, fueron asesinadas la candidata a diputada local <strong>Juany Maldonado<\/strong> y la regidora <strong>Erika C\u00e1zares<\/strong>; hechos que develan la grave situaci\u00f3n por la que atraviesan las mujeres que han decidido incursionar en pol\u00edtica\u201d, se\u00f1al\u00f3..<\/p>\n<p style=\"text-align: center;\"><strong>Zepeda acusa a AMLO de propiciar el golpismo<\/strong><\/p>\n<p>El l\u00edder de Acci\u00f3n Nacional, <strong>Dami\u00e1n Zepeda,<\/strong> advirti\u00f3 que entre cercanos a AMLO existen pretensiones golpistas.<\/p>\n<p>Y record\u00f3 que el ex perredista y ex secretario de Turismo con <strong>Marcelo Ebrard, Alejandro Rojas D\u00edaz Dur\u00e1n<\/strong>, hoy vicecoordinador y enlace nacional de Morena, afirm\u00f3 que una vez que <strong>AMLO <\/strong>gane, \u201ctumbar\u00e1n\u201d al ex senador y actual gobernador de Tamaulipas <strong>Francisco Garc\u00eda Cabeza de Vaca.<\/strong><\/p>\n<p>\u201cSi ahora que carecen de poder ya proponen expropiar empresas de quienes se opongan a la opini\u00f3n de <strong>L\u00f3pez Obrador<\/strong> y tumbar gobernadores de oposici\u00f3n, \u00bfde qu\u00e9 ser\u00edan capaces si llegan al poder?\u201d, pregunt\u00f3.<\/p>\n<p>El dirigente del PAN consider\u00f3 que \u201cexpresiones como las de <strong>Rojas D\u00edaz Dur\u00e1n <\/strong>revelan el pensamiento desp\u00f3tico, propio de una tiran\u00eda que prevalece entre los cercanos a <strong>L\u00f3pez Obrador\u201d.<\/strong><\/p>\n<p>Por eso, dijo, \u201cvamos a ganar, porque somos much\u00edsimo m\u00e1s los que queremos paz, los que queremos uni\u00f3n, no divisi\u00f3n, los que queremos un gobierno de respeto, no autoritario\u201d.<\/p>\n<p><em><a href=\"mailto:rvizcainoa@gmail.com\" target=\"_blank\" rel=\"noopener\">vizcainoa@gmail.com<\/a><\/em><br \/>\n<em><a href=\"http:\/\/www.endirecto.com.mx\/\" target=\"_blank\" rel=\"noopener\">www.endirecto.com.mx<\/a><\/em><br \/>\n<em><a href=\"https:\/\/twitter.com\/_rvizcaino\" target=\"_blank\" rel=\"noopener\">@_RVizcaino<\/a><\/em><br \/>\n<a href=\"https:\/\/www.facebook.com\/rvizcainoa\" target=\"_blank\" rel=\"noopener\">f<em>acebook.com\/rvizcainoa<\/em><\/a><\/p>\n","protected":false},"excerpt":{"rendered":"<p><span style=\"color: #005497;\"><strong>Roberto Vizca\u00edno<\/strong><\/span><br \/>\n<br \/>\nLuego de ya dos meses de encontronazos, amenazas y descalificaciones entre Andr\u00e9s Manuel L\u00f3pez Obrador y las c\u00fapulas de la poderosa clase empresarial, los integrantes del Consejo Mexicano (de Hombres) de Negocios, que re\u00fane a los personajes m\u00e1s ricos del pa\u00eds, anunciaron que tendr\u00e1n encuentros privados con los 4 candidatos presidenciales.<\/p>\n","protected":false},"author":3,"featured_media":379317,"comment_status":"open","ping_status":"open","sticky":false,"template":"","format":"standard","meta":{"_monsterinsights_skip_tracking":false,"_monsterinsights_sitenote_active":false,"_monsterinsights_sitenote_note":"","_monsterinsights_sitenote_category":0,"footnotes":""},"categories":[136],"tags":[43674,93,94],"class_list":["post-379260","post","type-post","status-publish","format-standard","has-post-thumbnail","hentry","category-roberto-vizcaino-opinion","tag-opinion","tag-roberto-vizcaino","tag-tras-la-puerta-del-poder"],"_links":{"self":[{"href":"https:\/\/www.diarioimagen.net\/index.php?rest_route=\/wp\/v2\/posts\/379260","targetHints":{"allow":["GET"]}}],"collection":[{"href":"https:\/\/www.diarioimagen.net\/index.php?rest_route=\/wp\/v2\/posts"}],"about":[{"href":"https:\/\/www.diarioimagen.net\/index.php?rest_route=\/wp\/v2\/types\/post"}],"author":[{"embeddable":true,"href":"https:\/\/www.diarioimagen.net\/index.php?rest_route=\/wp\/v2\/users\/3"}],"replies":[{"embeddable":true,"href":"https:\/\/www.diarioimagen.net\/index.php?rest_route=%2Fwp%2Fv2%2Fcomments&post=379260"}],"version-history":[{"count":0,"href":"https:\/\/www.diarioimagen.net\/index.php?rest_route=\/wp\/v2\/posts\/379260\/revisions"}],"wp:featuredmedia":[{"embeddable":true,"href":"https:\/\/www.diarioimagen.net\/index.php?rest_route=\/wp\/v2\/media\/379317"}],"wp:attachment":[{"href":"https:\/\/www.diarioimagen.net\/index.php?rest_route=%2Fwp%2Fv2%2Fmedia&parent=379260"}],"wp:term":[{"taxonomy":"category","embeddable":true,"href":"https:\/\/www.diarioimagen.net\/index.php?rest_route=%2Fwp%2Fv2%2Fcategories&post=379260"},{"taxonomy":"post_tag","embeddable":true,"href":"https:\/\/www.diarioimagen.net\/index.php?rest_route=%2Fwp%2Fv2%2Ftags&post=379260"}],"curies":[{"name":"wp","href":"https:\/\/api.w.org\/{rel}","templated":true}]}}