{"id":379376,"date":"2018-06-05T00:08:38","date_gmt":"2018-06-05T05:08:38","guid":{"rendered":"http:\/\/www.diarioimagen.net\/?p=379376"},"modified":"2018-06-05T23:20:32","modified_gmt":"2018-06-06T04:20:32","slug":"edomex-listo-para-hacer-frente-a-epoca-de-lluvias","status":"publish","type":"post","link":"https:\/\/www.diarioimagen.net\/?p=379376","title":{"rendered":"Edomex, listo para hacer frente a \u00e9poca de lluvias"},"content":{"rendered":"<ul>\n<li><em><strong>Capacidad de respuesta inmediata<\/strong><\/em><\/li>\n<li><em><strong>Expresa Del Mazo su solidaridad con el pueblo guatemalteco<\/strong><\/em><\/li>\n<\/ul>\n<p>&nbsp;<\/p>\n<div id=\"attachment_379461\" style=\"width: 470px\" class=\"wp-caption aligncenter\"><a href=\"http:\/\/www.diarioimagen.net\/?attachment_id=379461\" rel=\"attachment wp-att-379461\"><img loading=\"lazy\" decoding=\"async\" aria-describedby=\"caption-attachment-379461\" class=\"size-large wp-image-379461\" src=\"http:\/\/www.diarioimagen.net\/wp-content\/uploads\/2018\/06\/del-mazo-3382-460x259.jpg\" alt=\"\" width=\"460\" height=\"259\" srcset=\"https:\/\/www.diarioimagen.net\/wp-content\/uploads\/2018\/06\/del-mazo-3382-460x259.jpg 460w, https:\/\/www.diarioimagen.net\/wp-content\/uploads\/2018\/06\/del-mazo-3382-240x135.jpg 240w, https:\/\/www.diarioimagen.net\/wp-content\/uploads\/2018\/06\/del-mazo-3382-235x132.jpg 235w, https:\/\/www.diarioimagen.net\/wp-content\/uploads\/2018\/06\/del-mazo-3382-202x114.jpg 202w, https:\/\/www.diarioimagen.net\/wp-content\/uploads\/2018\/06\/del-mazo-3382-350x196.jpg 350w, https:\/\/www.diarioimagen.net\/wp-content\/uploads\/2018\/06\/del-mazo-3382-220x123.jpg 220w, https:\/\/www.diarioimagen.net\/wp-content\/uploads\/2018\/06\/del-mazo-3382-237x132.jpg 237w, https:\/\/www.diarioimagen.net\/wp-content\/uploads\/2018\/06\/del-mazo-3382.jpg 480w\" sizes=\"auto, (max-width: 460px) 100vw, 460px\" \/><\/a><p id=\"caption-attachment-379461\" class=\"wp-caption-text\">Alfredo Del Mazo salud\u00f3 y platic\u00f3 con integrantes del Grupo Tl\u00e1loc, en la Unidad\u00a0 Deportiva San Crist\u00f3bal, en el municipio de Atenco.<\/p><\/div>\n<p>&nbsp;<\/p>\n<p><strong>Atenco, Estado de M\u00e9xico<\/strong>.- El gobernador Alfredo del Mazo asegur\u00f3 que el Estado de M\u00e9xico se encuentra listo para atender cualquier contingencia relacionada con la temporada de lluvias, e invit\u00f3 a la ciudadan\u00eda a evitar tirar basura en la v\u00eda p\u00fablica, pues ello aumenta la posibilidad de sufrir inundaciones en esta \u00e9poca.<\/p>\n<p>\u201cEstamos listos para atender las contingencias que puedan darse en el estado y algo muy importante que hay que resaltar es esta concientizaci\u00f3n que debemos hacer en la ciudadan\u00eda, en prevenir, en no tirar basura, mantener limpias nuestras calles, nuestro drenaje, las alcantarillas, porque la mayor\u00eda de los casos cuando tenemos inundaciones, se dan a causa de la falta de tener muy limpias nuestras calles o nuestros drenajes o de la basura que tira nuestra gente\u201d.<\/p>\n<p>Asimismo, para garantizar que las familias mexiquenses tengan a su alcance atenci\u00f3n oportuna ante posibles contingencias por las lluvias, el mandatario estatal supervis\u00f3 el equipo y parque vehicular del Grupo Tl\u00e1loc, con el cual desarrollan acciones para evitar inundaciones en esta \u00e9poca del a\u00f1o.<\/p>\n<p>En la Unidad\u00a0 Deportiva San Crist\u00f3bal, en el municipio de Atenco, tambi\u00e9n salud\u00f3 y platic\u00f3 con integrantes del Grupo Tl\u00e1loc, a quienes reconoci\u00f3 por el trabajo que desempe\u00f1an desde hace 10 a\u00f1os para proteger a las\u00a0 familias mexiquenses y procurar su patrimonio, al ser los primeros en atender a los afectados por las lluvias.<\/p>\n<p>Acompa\u00f1ado por el secretario de Obra P\u00fablica, el gobernador destac\u00f3 que cuando empieza la temporada, este equipo instala 26 campamentos que sirven como base para las tareas de supervisi\u00f3n y atenci\u00f3n que realizan m\u00e1s de mil personas, las 24 horas del d\u00eda, entre ellas, 40 motociclistas que se trasladan antes que nadie a los sitios donde se registra una inundaci\u00f3n, a efecto de evaluar la situaci\u00f3n e implementar la mejor estrategia para dar una soluci\u00f3n oportuna.<\/p>\n<p>\u201cQuiero reconocer a ustedes y a todos los que forman parte de este gran equipo por el trabajo que han venido haciendo a lo largo de muchos a\u00f1os, y decirle a la ciudadan\u00eda, a todos los mexiquenses, que el Grupo Tl\u00e1loc est\u00e1 listo para atender esta temporada de lluvias\u201d, recalc\u00f3.<\/p>\n<p>El titular del Ejecutivo mexiquense tambi\u00e9n expres\u00f3 la solidaridad de la administraci\u00f3n estatal con las personas que resultaron afectadas por la erupci\u00f3n del Volc\u00e1n de Fuego, en Guatemala, a quienes les dijo que el Estado de M\u00e9xico est\u00e1 atento para apoyar a los damnificados.<\/p>\n<p>\u201cEnviamos un saludo muy respetuoso y nuestra disposici\u00f3n de estar atentos a lo que se pueda apoyar desde ac\u00e1 al pa\u00eds hermano de Guatemala, por las afectaciones que est\u00e1n teniendo por la erupci\u00f3n de este volc\u00e1n, que son causas de la naturaleza, que no son causas que corresponden a nadie, sino simplemente es una afectaci\u00f3n de la naturaleza.<\/p>\n<p>\u201cY que tenemos que estar todos atentos a poder reaccionar de manera oportuna, de manera inmediata cuando suceden este tipo de cosas, en el caso del Estado de M\u00e9xico estaremos haci\u00e9ndolo para atender lo que suceda en esta temporada de lluvias\u201d.<\/p>\n<p>Por otro lado, en su visita de supervisi\u00f3n, el mandatario mexiquense escuch\u00f3 la explicaci\u00f3n de c\u00f3mo funcionan los equipos de atenci\u00f3n de inundaciones, al momento de limpiar redes de drenaje, de atender contingencias, as\u00ed como el estado en el que se encuentran y la capacidad de los mismos para apoyar a quienes lo necesiten.<\/p>\n","protected":false},"excerpt":{"rendered":"<p>El gobernador Alfredo del Mazo asegur\u00f3 que el Estado de M\u00e9xico se encuentra listo para atender cualquier contingencia relacionada con la temporada de lluvias, e invit\u00f3 a la ciudadan\u00eda a evitar tirar basura en la v\u00eda p\u00fablica, pues ello aumenta la posibilidad de sufrir inundaciones en esta \u00e9poca.<\/p>\n","protected":false},"author":3,"featured_media":379461,"comment_status":"open","ping_status":"open","sticky":false,"template":"","format":"standard","meta":{"_monsterinsights_skip_tracking":false,"_monsterinsights_sitenote_active":false,"_monsterinsights_sitenote_note":"","_monsterinsights_sitenote_category":0,"footnotes":""},"categories":[5],"tags":[7484,70068,43675,65770,1849],"class_list":["post-379376","post","type-post","status-publish","format-standard","has-post-thumbnail","hentry","category-estado-de-mexico","tag-atenco","tag-epoca","tag-estado-de-mexico","tag-listo","tag-lluvias"],"_links":{"self":[{"href":"https:\/\/www.diarioimagen.net\/index.php?rest_route=\/wp\/v2\/posts\/379376","targetHints":{"allow":["GET"]}}],"collection":[{"href":"https:\/\/www.diarioimagen.net\/index.php?rest_route=\/wp\/v2\/posts"}],"about":[{"href":"https:\/\/www.diarioimagen.net\/index.php?rest_route=\/wp\/v2\/types\/post"}],"author":[{"embeddable":true,"href":"https:\/\/www.diarioimagen.net\/index.php?rest_route=\/wp\/v2\/users\/3"}],"replies":[{"embeddable":true,"href":"https:\/\/www.diarioimagen.net\/index.php?rest_route=%2Fwp%2Fv2%2Fcomments&post=379376"}],"version-history":[{"count":0,"href":"https:\/\/www.diarioimagen.net\/index.php?rest_route=\/wp\/v2\/posts\/379376\/revisions"}],"wp:featuredmedia":[{"embeddable":true,"href":"https:\/\/www.diarioimagen.net\/index.php?rest_route=\/wp\/v2\/media\/379461"}],"wp:attachment":[{"href":"https:\/\/www.diarioimagen.net\/index.php?rest_route=%2Fwp%2Fv2%2Fmedia&parent=379376"}],"wp:term":[{"taxonomy":"category","embeddable":true,"href":"https:\/\/www.diarioimagen.net\/index.php?rest_route=%2Fwp%2Fv2%2Fcategories&post=379376"},{"taxonomy":"post_tag","embeddable":true,"href":"https:\/\/www.diarioimagen.net\/index.php?rest_route=%2Fwp%2Fv2%2Ftags&post=379376"}],"curies":[{"name":"wp","href":"https:\/\/api.w.org\/{rel}","templated":true}]}}