{"id":379398,"date":"2018-06-05T00:07:29","date_gmt":"2018-06-05T05:07:29","guid":{"rendered":"http:\/\/www.diarioimagen.net\/?p=379398"},"modified":"2018-06-05T23:20:26","modified_gmt":"2018-06-06T04:20:26","slug":"va-mexico-ante-omc-por-los-aranceles-de-eu","status":"publish","type":"post","link":"https:\/\/www.diarioimagen.net\/?p=379398","title":{"rendered":"Va M\u00e9xico ante OMC por los aranceles de EU"},"content":{"rendered":"<ul>\n<li><strong><em>Proceso de soluci\u00f3n de controversias<\/em><\/strong><\/li>\n<\/ul>\n<p>&nbsp;<\/p>\n<div id=\"attachment_379518\" style=\"width: 470px\" class=\"wp-caption aligncenter\"><a href=\"http:\/\/www.diarioimagen.net\/?attachment_id=379518\" rel=\"attachment wp-att-379518\"><img loading=\"lazy\" decoding=\"async\" aria-describedby=\"caption-attachment-379518\" class=\"size-large wp-image-379518\" src=\"http:\/\/www.diarioimagen.net\/wp-content\/uploads\/2018\/06\/ARANCELES-3382-460x259.jpg\" alt=\"\" width=\"460\" height=\"259\" srcset=\"https:\/\/www.diarioimagen.net\/wp-content\/uploads\/2018\/06\/ARANCELES-3382-460x259.jpg 460w, https:\/\/www.diarioimagen.net\/wp-content\/uploads\/2018\/06\/ARANCELES-3382-240x135.jpg 240w, https:\/\/www.diarioimagen.net\/wp-content\/uploads\/2018\/06\/ARANCELES-3382-235x132.jpg 235w, https:\/\/www.diarioimagen.net\/wp-content\/uploads\/2018\/06\/ARANCELES-3382-202x114.jpg 202w, https:\/\/www.diarioimagen.net\/wp-content\/uploads\/2018\/06\/ARANCELES-3382-350x196.jpg 350w, https:\/\/www.diarioimagen.net\/wp-content\/uploads\/2018\/06\/ARANCELES-3382-220x123.jpg 220w, https:\/\/www.diarioimagen.net\/wp-content\/uploads\/2018\/06\/ARANCELES-3382-237x132.jpg 237w, https:\/\/www.diarioimagen.net\/wp-content\/uploads\/2018\/06\/ARANCELES-3382.jpg 480w\" sizes=\"auto, (max-width: 460px) 100vw, 460px\" \/><\/a><p id=\"caption-attachment-379518\" class=\"wp-caption-text\">El gobierno de M\u00e9xico inici\u00f3 proceso de soluci\u00f3n de controversias en la OMC por las medidas que Estados Unidos aplic\u00f3 a las exportaciones de acero y aluminio mexicanas.<\/p><\/div>\n<p>&nbsp;<\/p>\n<p>M\u00e9xico iniciar\u00e1 un proceso de soluci\u00f3n de controversias en la Organizaci\u00f3n Mundial de Comercio (OMC) por las medidas que Estados Unidos aplic\u00f3 a las exportaciones de acero y aluminio mexicanas, inform\u00f3 la Secretar\u00eda de Econom\u00eda (SE).<\/p>\n<p>Para el pa\u00eds, las medidas impuestas por Estados Unidos violan el Acuerdo sobre Salvaguardias de la OMC, al no haberse adoptado conforme a los procedimientos ah\u00ed previstos, se\u00f1al\u00f3 la dependencia en un comunicado.<\/p>\n<p>\u201cM\u00e9xico considera que las medidas impuestas por Estados Unidos al amparo de la Secci\u00f3n 232 de su legislaci\u00f3n, argumentando amenazas a su seguridad nacional, violan el Acuerdo sobre Salvaguardias de la OMC al no haberse adoptado conforme a los procedimientos ah\u00ed previstos, adem\u00e1s de que violan el Acuerdo General sobre Aranceles Aduaneros y Comercio de 1994\u201d.<\/p>\n<p>El jueves pasado, la administraci\u00f3n de Donald Trump anunci\u00f3 la imposici\u00f3n de aranceles del 25 por ciento para las importaciones de acero mexicano y de 10 por ciento para las de aluminio.<\/p>\n<p>La medida aplica tambi\u00e9n para Canad\u00e1 y la Uni\u00f3n Europea, los cuales tambi\u00e9n han acudido ante la OMC.<\/p>\n<p>\u201cEl gobierno de M\u00e9xico refrenda que sus acciones continuar\u00e1n apeg\u00e1ndose al estado de Derecho comercial internacional y ser\u00e1n proporcionales al da\u00f1o que M\u00e9xico lamentablemente reciba\u201d, abund\u00f3 la SE.<\/p>\n<p style=\"text-align: center;\"><strong>EU descarta que aranceles <\/strong><strong>da\u00f1en relaci\u00f3n con M\u00e9xico<\/strong><\/p>\n<p>La Casa Blanca defendi\u00f3 a decisi\u00f3n del presidente Donald Trump de imponer aranceles a las importaciones de acero y aluminio de Canad\u00e1, M\u00e9xico y la Uni\u00f3n Europea (UE) y descart\u00f3 que la relaci\u00f3n afecte las relaciones con sus socios comerciales.<\/p>\n<p>\u201cTenemos fuertes relaciones con M\u00e9xico, Canad\u00e1 y la Uni\u00f3n Europea y continuar\u00e1n a\u00fan cuando est\u00e9n los aranceles\u201d, se\u00f1al\u00f3 la portavoz presidencial Sarah Huckabee Sanders.<\/p>\n<p>La administraci\u00f3n Trump impuso aranceles del 25 por ciento a las importaciones de acero y de 10 por ciento a las importaciones de aluminio procedentes de Canad\u00e1, M\u00e9xico y de la Uni\u00f3n Europea, lo que deton\u00f3 acciones de represalia comerciales de sus tres socios comerciales.<\/p>\n<p>Las sanciones desataron cr\u00edticas de los aliados republicanos del presidente en el Senado y la C\u00e1mara de Representantes, as\u00ed como de la c\u00fapula empresarial representada por la C\u00e1mara de Comercio de Estados Unidos, as\u00ed como de organizaciones sindicales.<\/p>\n<p>Cuestionada por el hecho de que republicanos deploraron la decisi\u00f3n presidencial, su vocera defendi\u00f3 los aranceles bajo el argumento de que son apropiados y \u201ccr\u00edticos\u201d para la seguridad nacional de Estados Unidos.<\/p>\n<p>\u201cDurante meses, Estados Unidos ha tenido discusiones con Canad\u00e1, M\u00e9xico y la Uni\u00f3n Europea para encontrar una alternativa. Sin una soluci\u00f3n alternativa, los aranceles son las \u00fanicas medidas apropiadas para salvaguardar al pa\u00eds\u201d, asegur\u00f3 la portavoz.<\/p>\n<p>La perspectiva de la Casa Blanca surge despu\u00e9s que tres organizaciones financiadas por los billonarios republicanos Charles y David Koch anunciaron una campa\u00f1a medi\u00e1tica para denunciar los aranceles de Trump como lesivos a la econom\u00eda estadunidense.<\/p>\n<p>Los grupos Americans for Prosperity, Freedom Party y la hispana The Libre Initiative defendieron la importancia del libre comercio y el impacto perjudicial que tienen las barreras comerciales sobre los consumidores, la creaci\u00f3n de empleos y la econom\u00eda en general.<\/p>\n<p>M\u00e9xico anunci\u00f3 por su parte que iniciar\u00e1 un proceso de soluci\u00f3n de controversias contra Estados Unidos, ante la Organizaci\u00f3n Mundial de Comercio (OMC), por las medidas aplicadas a las exportaciones de acero y aluminio mexicano.<\/p>\n<p>La Secretar\u00eda de Econom\u00eda (SE) inform\u00f3 que M\u00e9xico considera que las medidas impuestas por el vecino pa\u00eds del norte, al amparo de la Secci\u00f3n 232 de su legislaci\u00f3n, violan el Acuerdo sobre Salvaguardias de la OMC.<\/p>\n","protected":false},"excerpt":{"rendered":"<p>M\u00e9xico iniciar\u00e1 un proceso de soluci\u00f3n de controversias en la Organizaci\u00f3n Mundial de Comercio (OMC) por las medidas que Estados Unidos aplic\u00f3 a las exportaciones de acero y aluminio mexicanas, inform\u00f3 la Secretar\u00eda de Econom\u00eda (SE).<\/p>\n","protected":false},"author":3,"featured_media":379518,"comment_status":"open","ping_status":"open","sticky":false,"template":"","format":"standard","meta":{"_monsterinsights_skip_tracking":false,"_monsterinsights_sitenote_active":false,"_monsterinsights_sitenote_note":"","_monsterinsights_sitenote_category":0,"footnotes":""},"categories":[8],"tags":[71460,177,74512,778],"class_list":["post-379398","post","type-post","status-publish","format-standard","has-post-thumbnail","hentry","category-finanzas","tag-aranceles","tag-estados-unidos","tag-omc","tag-secretaria-de-economia"],"_links":{"self":[{"href":"https:\/\/www.diarioimagen.net\/index.php?rest_route=\/wp\/v2\/posts\/379398","targetHints":{"allow":["GET"]}}],"collection":[{"href":"https:\/\/www.diarioimagen.net\/index.php?rest_route=\/wp\/v2\/posts"}],"about":[{"href":"https:\/\/www.diarioimagen.net\/index.php?rest_route=\/wp\/v2\/types\/post"}],"author":[{"embeddable":true,"href":"https:\/\/www.diarioimagen.net\/index.php?rest_route=\/wp\/v2\/users\/3"}],"replies":[{"embeddable":true,"href":"https:\/\/www.diarioimagen.net\/index.php?rest_route=%2Fwp%2Fv2%2Fcomments&post=379398"}],"version-history":[{"count":0,"href":"https:\/\/www.diarioimagen.net\/index.php?rest_route=\/wp\/v2\/posts\/379398\/revisions"}],"wp:featuredmedia":[{"embeddable":true,"href":"https:\/\/www.diarioimagen.net\/index.php?rest_route=\/wp\/v2\/media\/379518"}],"wp:attachment":[{"href":"https:\/\/www.diarioimagen.net\/index.php?rest_route=%2Fwp%2Fv2%2Fmedia&parent=379398"}],"wp:term":[{"taxonomy":"category","embeddable":true,"href":"https:\/\/www.diarioimagen.net\/index.php?rest_route=%2Fwp%2Fv2%2Fcategories&post=379398"},{"taxonomy":"post_tag","embeddable":true,"href":"https:\/\/www.diarioimagen.net\/index.php?rest_route=%2Fwp%2Fv2%2Ftags&post=379398"}],"curies":[{"name":"wp","href":"https:\/\/api.w.org\/{rel}","templated":true}]}}