{"id":379410,"date":"2018-06-05T00:04:26","date_gmt":"2018-06-05T05:04:26","guid":{"rendered":"http:\/\/www.diarioimagen.net\/?p=379410"},"modified":"2018-06-05T01:56:19","modified_gmt":"2018-06-05T06:56:19","slug":"se-compromete-cesar-camacho-quiroz-a-apoyar-ampliacion-del-metro-a-chalco","status":"publish","type":"post","link":"https:\/\/www.diarioimagen.net\/?p=379410","title":{"rendered":"Se compromete C\u00e9sar Camacho Quiroz a apoyar ampliaci\u00f3n del Metro a Chalco"},"content":{"rendered":"<ul>\n<li><strong><em>Los pri\u00edstas mexiquenses trabajan en equipo<\/em><\/strong><\/li>\n<\/ul>\n<p>&nbsp;<\/p>\n<div id=\"attachment_379503\" style=\"width: 470px\" class=\"wp-caption aligncenter\"><a href=\"http:\/\/www.diarioimagen.net\/?attachment_id=379503\" rel=\"attachment wp-att-379503\"><img loading=\"lazy\" decoding=\"async\" aria-describedby=\"caption-attachment-379503\" class=\"size-large wp-image-379503\" src=\"http:\/\/www.diarioimagen.net\/wp-content\/uploads\/2018\/06\/IXTAPALUCA-3382-460x259.jpg\" alt=\"\" width=\"460\" height=\"259\" srcset=\"https:\/\/www.diarioimagen.net\/wp-content\/uploads\/2018\/06\/IXTAPALUCA-3382-460x259.jpg 460w, https:\/\/www.diarioimagen.net\/wp-content\/uploads\/2018\/06\/IXTAPALUCA-3382-240x135.jpg 240w, https:\/\/www.diarioimagen.net\/wp-content\/uploads\/2018\/06\/IXTAPALUCA-3382-235x132.jpg 235w, https:\/\/www.diarioimagen.net\/wp-content\/uploads\/2018\/06\/IXTAPALUCA-3382-202x114.jpg 202w, https:\/\/www.diarioimagen.net\/wp-content\/uploads\/2018\/06\/IXTAPALUCA-3382-350x196.jpg 350w, https:\/\/www.diarioimagen.net\/wp-content\/uploads\/2018\/06\/IXTAPALUCA-3382-220x123.jpg 220w, https:\/\/www.diarioimagen.net\/wp-content\/uploads\/2018\/06\/IXTAPALUCA-3382-237x132.jpg 237w, https:\/\/www.diarioimagen.net\/wp-content\/uploads\/2018\/06\/IXTAPALUCA-3382.jpg 480w\" sizes=\"auto, (max-width: 460px) 100vw, 460px\" \/><\/a><p id=\"caption-attachment-379503\" class=\"wp-caption-text\">El ex gobernador mexiquense puso \u00e9nfasis en que no descansar\u00e1 \u201chasta que el progreso y la justicia se queden a vivir en nuestra casa\u201d.<\/p><\/div>\n<p>&nbsp;<\/p>\n<p><strong>Ixtapaluca, Estado de M\u00e9xico<\/strong>.- C\u00e9sar Camacho, candidato del PRI al Senado por el Estado de M\u00e9xico, se comprometi\u00f3 en Ixtapaluca a apoyar los compromisos que Jos\u00e9 Antonio Meade hizo en su reciente visita a la zona oriente de la entidad, de ampliar la red del Metro hasta Chalco y construir un puerto log\u00edstico para facilitar la movilidad y la generaci\u00f3n de empleos en beneficio de millones de mexiquenses.<\/p>\n<p>\u201cLa sociedad se construye en la cotidianidad, desde lo local, con constancia, perseverancia, inclusi\u00f3n y compromiso; y para no detener el progreso de nuestros municipios, debemos votar el 1 de julio por Pepe Meade para que sea nuestro pr\u00f3ximo presidente\u201d, subray\u00f3 en la colonia Margarita Mor\u00e1n.<\/p>\n<p>El abanderado tricolor llam\u00f3 a los centenares de vecinos que se congregaron en la cancha deportiva de ese lugar a \u201ccompartir un proyecto de naci\u00f3n y de vida que, con paso firme y trabajo incansable, consolidar\u00e1 el progreso de todos\u201d.<\/p>\n<p>Dijo que, desde el Senado, su prioridad ser\u00e1n las mujeres y los j\u00f3venes, por quienes legislar\u00e1 para que tengan salarios iguales, cr\u00e9ditos a la palabra y una vida sin violencia, as\u00ed como becas, empleo, recreaci\u00f3n y cultura.<\/p>\n<p>El ex gobernador mexiquense puso \u00e9nfasis en que no descansar\u00e1 \u201chasta que el progreso y la justicia se queden a vivir en nuestra casa\u201d, lo que de inmediato desbord\u00f3 en j\u00fabilo a la concurrencia.<\/p>\n<p>Reconoci\u00f3 que, pese a que \u201cfalta tramo por recorrer, lo haremos juntos\u201d, por lo que llam\u00f3 a votar \u201cpor la mejor organizaci\u00f3n, las mejores propuestas y las mejores personas, por los candidatos del Revolucionario Institucional.<\/p>\n<p>C\u00e9sar Camacho estuvo acompa\u00f1ado en este acto\u00a0 proselitista por los candidatos a presidenta municipal de Ixtapaluca, Maricela Serrano Hern\u00e1ndez; a diputada local por el distrito XXVIII, Ivette Topete Garc\u00eda y federal por el distrito XXI, Fidel Contreras Mart\u00ednez.<\/p>\n","protected":false},"excerpt":{"rendered":"<p>C\u00e9sar Camacho, candidato del PRI al Senado por el Estado de M\u00e9xico, se comprometi\u00f3 en Ixtapaluca a apoyar los compromisos que Jos\u00e9 Antonio Meade hizo en su reciente visita a la zona oriente de la entidad, de ampliar la red del Metro hasta Chalco y construir un puerto log\u00edstico para facilitar la movilidad y la generaci\u00f3n de empleos en beneficio de millones de mexiquenses.<\/p>\n","protected":false},"author":3,"featured_media":379503,"comment_status":"open","ping_status":"open","sticky":false,"template":"","format":"standard","meta":{"_monsterinsights_skip_tracking":false,"_monsterinsights_sitenote_active":false,"_monsterinsights_sitenote_note":"","_monsterinsights_sitenote_category":0,"footnotes":""},"categories":[35155],"tags":[3184,43675,447,163],"class_list":["post-379410","post","type-post","status-publish","format-standard","has-post-thumbnail","hentry","category-estado-de-mexico-estado-de-mexico","tag-cesar-camacho-quiroz","tag-estado-de-mexico","tag-ixtapaluca","tag-metro"],"_links":{"self":[{"href":"https:\/\/www.diarioimagen.net\/index.php?rest_route=\/wp\/v2\/posts\/379410","targetHints":{"allow":["GET"]}}],"collection":[{"href":"https:\/\/www.diarioimagen.net\/index.php?rest_route=\/wp\/v2\/posts"}],"about":[{"href":"https:\/\/www.diarioimagen.net\/index.php?rest_route=\/wp\/v2\/types\/post"}],"author":[{"embeddable":true,"href":"https:\/\/www.diarioimagen.net\/index.php?rest_route=\/wp\/v2\/users\/3"}],"replies":[{"embeddable":true,"href":"https:\/\/www.diarioimagen.net\/index.php?rest_route=%2Fwp%2Fv2%2Fcomments&post=379410"}],"version-history":[{"count":0,"href":"https:\/\/www.diarioimagen.net\/index.php?rest_route=\/wp\/v2\/posts\/379410\/revisions"}],"wp:featuredmedia":[{"embeddable":true,"href":"https:\/\/www.diarioimagen.net\/index.php?rest_route=\/wp\/v2\/media\/379503"}],"wp:attachment":[{"href":"https:\/\/www.diarioimagen.net\/index.php?rest_route=%2Fwp%2Fv2%2Fmedia&parent=379410"}],"wp:term":[{"taxonomy":"category","embeddable":true,"href":"https:\/\/www.diarioimagen.net\/index.php?rest_route=%2Fwp%2Fv2%2Fcategories&post=379410"},{"taxonomy":"post_tag","embeddable":true,"href":"https:\/\/www.diarioimagen.net\/index.php?rest_route=%2Fwp%2Fv2%2Ftags&post=379410"}],"curies":[{"name":"wp","href":"https:\/\/api.w.org\/{rel}","templated":true}]}}