{"id":379412,"date":"2018-06-05T00:07:11","date_gmt":"2018-06-05T05:07:11","guid":{"rendered":"http:\/\/www.diarioimagen.net\/?p=379412"},"modified":"2018-06-05T01:51:01","modified_gmt":"2018-06-05T06:51:01","slug":"impulsan-prevencion-y-proteccion-civil-entre-la-ciudadania-en-tultepec","status":"publish","type":"post","link":"https:\/\/www.diarioimagen.net\/?p=379412","title":{"rendered":"Impulsan prevenci\u00f3n y protecci\u00f3n civil entre la ciudadan\u00eda, en Tultepec"},"content":{"rendered":"<ul>\n<li><strong><em>Campa\u00f1a de capacitaci\u00f3n abierta<\/em><\/strong><\/li>\n<\/ul>\n<p>&nbsp;<\/p>\n<div id=\"attachment_379494\" style=\"width: 470px\" class=\"wp-caption aligncenter\"><a href=\"http:\/\/www.diarioimagen.net\/?attachment_id=379494\" rel=\"attachment wp-att-379494\"><img loading=\"lazy\" decoding=\"async\" aria-describedby=\"caption-attachment-379494\" class=\"size-large wp-image-379494\" src=\"http:\/\/www.diarioimagen.net\/wp-content\/uploads\/2018\/06\/TULTEPEC-3382-460x305.jpg\" alt=\"\" width=\"460\" height=\"305\" srcset=\"https:\/\/www.diarioimagen.net\/wp-content\/uploads\/2018\/06\/TULTEPEC-3382-460x305.jpg 460w, https:\/\/www.diarioimagen.net\/wp-content\/uploads\/2018\/06\/TULTEPEC-3382-240x159.jpg 240w, https:\/\/www.diarioimagen.net\/wp-content\/uploads\/2018\/06\/TULTEPEC-3382.jpg 700w\" sizes=\"auto, (max-width: 460px) 100vw, 460px\" \/><\/a><p id=\"caption-attachment-379494\" class=\"wp-caption-text\">V\u00edctor Carrillo, de la Direcci\u00f3n de Protecci\u00f3n Civil y Bomberos, asegur\u00f3 que tiene la instrucci\u00f3n de ofrecer capacitaci\u00f3n a los diversos sectores.<\/p><\/div>\n<p>&nbsp;<\/p>\n<p><strong>Tultepec, Estado de M\u00e9xico<\/strong> .- Para generar una cultura de prevenci\u00f3n en materia de protecci\u00f3n civil, la direcci\u00f3n de la materia y bomberos, realizan una campa\u00f1a de capacitaci\u00f3n abierta a toda la ciudadan\u00eda en la que participa personal de empresas, planteles educativos y comunidad en general.<\/p>\n<p>As\u00ed lo inform\u00f3 V\u00edctor Carrillo, bombero y jefe de turno de la Direcci\u00f3n de Protecci\u00f3n Civil y Bomberos, quien asegur\u00f3 que la dependencia tiene la instrucci\u00f3n de la presidenta municipal por Ministerio de Ley, Mar\u00eda de Lourdes Nieto S\u00e1nchez, de ofrecer capacitaci\u00f3n a los diversos sectores de la poblaci\u00f3n en todo el municipio, a fin de salvaguardar su integridad f\u00edsica y la de sus bienes ante una situaci\u00f3n de riesgo.<\/p>\n<p>Durante la ceremonia c\u00edvica de ayer lunes, la presidenta municipal entreg\u00f3 reconocimientos de manera simb\u00f3lica a titulares de las guarder\u00edas infantiles que opera el DIF local y a representantes de empresas, quienes recibieron diversas capacitaciones.<\/p>\n<p>\u201cEl objetivo es generar una cultura de la prevenci\u00f3n que nos permitir\u00e1 disminuir la tasa de accidentes, y aminorar lesiones que pudieran repercutir f\u00edsicamente por una atenci\u00f3n tard\u00eda\u201d, asegur\u00f3.<\/p>\n<p>El bombero e instructor, en coordinaci\u00f3n con personal de esta dependencia, capacitaron a m\u00e1s de120 ciudadanos de la comunidad en general de diferentes edades, en cursos de Primeros Auxilios, Evacuaci\u00f3n, B\u00fasqueda y Rescate, Simulacros y Prevenci\u00f3n y Control de Incendios.<\/p>\n<p>Explic\u00f3 que los\u00a0cursos est\u00e1n dise\u00f1ados para personas de 14 a 60 a\u00f1os, \u201cde manera que puedan atender cualquiera de estas emergencias, empaquetando, inmovilizando o estabilizando al paciente mientras llegan los servicios m\u00e9dicos de emergencia, atenci\u00f3n que en ocasiones resulta vital para las v\u00edctimas\u201d.<\/p>\n<p>Precis\u00f3\u00a0que adem\u00e1s de supervisar el cumplimiento a la obligaci\u00f3n de normas y lineamientos de seguridad dentro de las instalaciones en empresas o comercios, a trav\u00e9s de capacitaci\u00f3n se genera una cultura de prevenci\u00f3n, partiendo de generadores de riesgo tanto en empresas, escuelas y comunidades en general.<\/p>\n<p>Entre los cursos que se ofrecen est\u00e1n: Prevenci\u00f3n y Combate de Incendios, que tiene una duraci\u00f3n de ocho horas en las que se abordan Teor\u00eda del Fuego, Qu\u00edmica y F\u00edsica del Fuego, M\u00e9todos de Propagaci\u00f3n, M\u00e9todos de Extinci\u00f3n, Agentes Extinguidores, Uso y Manejo de Extinguidores y Extintores, as\u00ed como el Uso y Manejo de L\u00edneas y Escalas.<\/p>\n<p>El de Primeros Auxilios que tiene una duraci\u00f3n de 10 horas, los temas son: Activaci\u00f3n de Servicio M\u00e9dico de Urgencias, Evaluaci\u00f3n del Paciente, Reanimaci\u00f3n Cardiovascular (RCP), Desobstrucci\u00f3n de V\u00edas A\u00e9reas, Vendajes, Heridas y Hemorragias y Quemaduras.<\/p>\n<p>En cuanto al curso de B\u00fasqueda y Rescate que dura ocho horas, el temario es: Definici\u00f3n de Conceptos, Tipos de Evacuaci\u00f3n, Tipos de Se\u00f1alamientos, Tipos de Alertamiento, Tipos de B\u00fasqueda, M\u00e9todos de B\u00fasqueda, Tipos de Rescate, Movilizaci\u00f3n e Inmovilizaci\u00f3n de Paciente.<\/p>\n","protected":false},"excerpt":{"rendered":"<p>Para generar una cultura de prevenci\u00f3n en materia de protecci\u00f3n civil, la direcci\u00f3n de la materia y bomberos, realizan una campa\u00f1a de capacitaci\u00f3n abierta a toda la ciudadan\u00eda en la que participa personal de empresas, planteles educativos y comunidad en general.<\/p>\n","protected":false},"author":3,"featured_media":379494,"comment_status":"open","ping_status":"open","sticky":false,"template":"","format":"standard","meta":{"_monsterinsights_skip_tracking":false,"_monsterinsights_sitenote_active":false,"_monsterinsights_sitenote_note":"","_monsterinsights_sitenote_category":0,"footnotes":""},"categories":[35155],"tags":[43675,57,3802],"class_list":["post-379412","post","type-post","status-publish","format-standard","has-post-thumbnail","hentry","category-estado-de-mexico-estado-de-mexico","tag-estado-de-mexico","tag-proteccion-civil","tag-tultepec"],"_links":{"self":[{"href":"https:\/\/www.diarioimagen.net\/index.php?rest_route=\/wp\/v2\/posts\/379412","targetHints":{"allow":["GET"]}}],"collection":[{"href":"https:\/\/www.diarioimagen.net\/index.php?rest_route=\/wp\/v2\/posts"}],"about":[{"href":"https:\/\/www.diarioimagen.net\/index.php?rest_route=\/wp\/v2\/types\/post"}],"author":[{"embeddable":true,"href":"https:\/\/www.diarioimagen.net\/index.php?rest_route=\/wp\/v2\/users\/3"}],"replies":[{"embeddable":true,"href":"https:\/\/www.diarioimagen.net\/index.php?rest_route=%2Fwp%2Fv2%2Fcomments&post=379412"}],"version-history":[{"count":0,"href":"https:\/\/www.diarioimagen.net\/index.php?rest_route=\/wp\/v2\/posts\/379412\/revisions"}],"wp:featuredmedia":[{"embeddable":true,"href":"https:\/\/www.diarioimagen.net\/index.php?rest_route=\/wp\/v2\/media\/379494"}],"wp:attachment":[{"href":"https:\/\/www.diarioimagen.net\/index.php?rest_route=%2Fwp%2Fv2%2Fmedia&parent=379412"}],"wp:term":[{"taxonomy":"category","embeddable":true,"href":"https:\/\/www.diarioimagen.net\/index.php?rest_route=%2Fwp%2Fv2%2Fcategories&post=379412"},{"taxonomy":"post_tag","embeddable":true,"href":"https:\/\/www.diarioimagen.net\/index.php?rest_route=%2Fwp%2Fv2%2Ftags&post=379412"}],"curies":[{"name":"wp","href":"https:\/\/api.w.org\/{rel}","templated":true}]}}