{"id":379416,"date":"2018-06-05T00:05:37","date_gmt":"2018-06-05T05:05:37","guid":{"rendered":"http:\/\/www.diarioimagen.net\/?p=379416"},"modified":"2018-06-05T01:54:32","modified_gmt":"2018-06-05T06:54:32","slug":"con-el-coro-infantil-empieza-una-nueva-historia-en-la-vida-cultural-de-tlalnepantla","status":"publish","type":"post","link":"https:\/\/www.diarioimagen.net\/?p=379416","title":{"rendered":"Con el Coro Infantil empieza una nueva historia en la vida cultural de Tlalnepantla"},"content":{"rendered":"<ul>\n<li><strong><em>Primera presentaci\u00f3n en la Ex Hacienda de Santa M\u00f3nica<\/em><\/strong><\/li>\n<\/ul>\n<p>&nbsp;<\/p>\n<div id=\"attachment_379500\" style=\"width: 470px\" class=\"wp-caption aligncenter\"><a href=\"http:\/\/www.diarioimagen.net\/?attachment_id=379500\" rel=\"attachment wp-att-379500\"><img loading=\"lazy\" decoding=\"async\" aria-describedby=\"caption-attachment-379500\" class=\"size-large wp-image-379500\" src=\"http:\/\/www.diarioimagen.net\/wp-content\/uploads\/2018\/06\/TLALNEPANTLA-3382-460x307.jpg\" alt=\"\" width=\"460\" height=\"307\" srcset=\"https:\/\/www.diarioimagen.net\/wp-content\/uploads\/2018\/06\/TLALNEPANTLA-3382-460x307.jpg 460w, https:\/\/www.diarioimagen.net\/wp-content\/uploads\/2018\/06\/TLALNEPANTLA-3382-240x160.jpg 240w, https:\/\/www.diarioimagen.net\/wp-content\/uploads\/2018\/06\/TLALNEPANTLA-3382.jpg 700w\" sizes=\"auto, (max-width: 460px) 100vw, 460px\" \/><\/a><p id=\"caption-attachment-379500\" class=\"wp-caption-text\">El Coro Infantil de Tlalnepantla realiz\u00f3 su primera presentaci\u00f3n en la Ex Hacienda de Santa M\u00f3nica.<\/p><\/div>\n<p>&nbsp;<\/p>\n<p><strong>Tlalnepantla, Estado de M\u00e9xico<\/strong>.- Con un emotivo concierto, el Coro Infantil de Tlalnepantla realiz\u00f3 su primera presentaci\u00f3n en la Ex Hacienda de Santa M\u00f3nica, evento en el que las ni\u00f1as y ni\u00f1os que lo conforman interpretaron 13 melod\u00edas, con las que lograron arrancar la ovaci\u00f3n de autoridades municipales, padres de familia y ciudan\u00eda en general.<\/p>\n<p>Al entregar reconocimientos al Coro Infantil y a su directora Belem Reyes, la alcaldesa de Tlalnepantla reiter\u00f3 que para su administraci\u00f3n, la cultura y el arte son pilares fundamentales para impulsar el desarrollo humano de la poblaci\u00f3n.<\/p>\n<p>Puntualiz\u00f3 que resultado del fomento a las artes, se ha logrado conformar la Orquesta Sinf\u00f3nica Infantil, la Compa\u00f1\u00eda Municipal de Teatro y ahora el Coro Infantil de Tlalnepantla, proyectos que se han consolidado a nivel municipal.<\/p>\n<p>\u201cHoy somos testigos del producto del esfuerzo y de la dedicaci\u00f3n, pero sobre todo, del amor al arte y la cultura, as\u00ed \u00a0lo han demostrado estos 40 ni\u00f1os en la interpretaci\u00f3n de estas bellas melod\u00edas\u201d, asegur\u00f3 la presidenta municipal.<\/p>\n<p>Apunt\u00f3 que con la integraci\u00f3n del Coro Infantil, empieza una nueva historia en la vida cultural de Tlalnepantla, pues es satisfactorio ver que estos ni\u00f1os se acercan a la m\u00fasica cl\u00e1sica, lo que les abrir\u00e1 un panorama para muchas otras cosas.<\/p>\n<p>Refiri\u00f3 que los ni\u00f1os que hoy integran el Coro Infantil, tendr\u00e1n la posibilidad de ser m\u00e1s sensibles, de manifestar sus emociones, sentimientos, percepciones y de tener un mejor crecimiento en su vida, \u00a0\u201cporque el arte y la cultura son el fin del desarrollo humano\u201d.<\/p>\n<p>Agradeci\u00f3 a los padres de familia, a la directora Belem Reyes, a los maestros Omar Spencer Castillo y Rogelio Bonilla, quienes se han sumado a este proyecto como un s\u00f3lo equipo, para lograr hacer grandes y mejores cosas.<\/p>\n<p>Por su parte, el titular del Instituto Municipal de la Cultura y las Artes inform\u00f3 que tanto la Orquesta como el Coro Infantil unir\u00e1n su talento para ofrecer grandes presentaciones en los teatros Algarab\u00eda y Centenario, en la Ex Hacienda de Enmedio, en Santa Cecilia y en la pir\u00e1mide de Tenayuca.<\/p>\n<p>Bertha Franco y Erandi Trejo Azc\u00e1rraga, asistentes a esta presentaci\u00f3n, coincidieron en se\u00f1alar que no hay mejor inversi\u00f3n que en la cultura y las artes, sobre todo porque en esta iniciativa los protagonistas son los ni\u00f1os y ellos ser\u00e1n quienes motiven a otros para invertir su tiempo en cosas positivas y alejarse de actos indebidos.<\/p>\n","protected":false},"excerpt":{"rendered":"<p>Con un emotivo concierto, el Coro Infantil de Tlalnepantla realiz\u00f3 su primera presentaci\u00f3n en la Ex Hacienda de Santa M\u00f3nica, evento en el que las ni\u00f1as y ni\u00f1os que lo conforman interpretaron 13 melod\u00edas, con las que lograron arrancar la ovaci\u00f3n de autoridades municipales, padres de familia y ciudan\u00eda en general.<\/p>\n","protected":false},"author":3,"featured_media":379500,"comment_status":"open","ping_status":"open","sticky":false,"template":"","format":"standard","meta":{"_monsterinsights_skip_tracking":false,"_monsterinsights_sitenote_active":false,"_monsterinsights_sitenote_note":"","_monsterinsights_sitenote_category":0,"footnotes":""},"categories":[35155],"tags":[74515,43675,169],"class_list":["post-379416","post","type-post","status-publish","format-standard","has-post-thumbnail","hentry","category-estado-de-mexico-estado-de-mexico","tag-coro-infantil-de-tlalnepantla","tag-estado-de-mexico","tag-tlalnepantla"],"_links":{"self":[{"href":"https:\/\/www.diarioimagen.net\/index.php?rest_route=\/wp\/v2\/posts\/379416","targetHints":{"allow":["GET"]}}],"collection":[{"href":"https:\/\/www.diarioimagen.net\/index.php?rest_route=\/wp\/v2\/posts"}],"about":[{"href":"https:\/\/www.diarioimagen.net\/index.php?rest_route=\/wp\/v2\/types\/post"}],"author":[{"embeddable":true,"href":"https:\/\/www.diarioimagen.net\/index.php?rest_route=\/wp\/v2\/users\/3"}],"replies":[{"embeddable":true,"href":"https:\/\/www.diarioimagen.net\/index.php?rest_route=%2Fwp%2Fv2%2Fcomments&post=379416"}],"version-history":[{"count":0,"href":"https:\/\/www.diarioimagen.net\/index.php?rest_route=\/wp\/v2\/posts\/379416\/revisions"}],"wp:featuredmedia":[{"embeddable":true,"href":"https:\/\/www.diarioimagen.net\/index.php?rest_route=\/wp\/v2\/media\/379500"}],"wp:attachment":[{"href":"https:\/\/www.diarioimagen.net\/index.php?rest_route=%2Fwp%2Fv2%2Fmedia&parent=379416"}],"wp:term":[{"taxonomy":"category","embeddable":true,"href":"https:\/\/www.diarioimagen.net\/index.php?rest_route=%2Fwp%2Fv2%2Fcategories&post=379416"},{"taxonomy":"post_tag","embeddable":true,"href":"https:\/\/www.diarioimagen.net\/index.php?rest_route=%2Fwp%2Fv2%2Ftags&post=379416"}],"curies":[{"name":"wp","href":"https:\/\/api.w.org\/{rel}","templated":true}]}}