{"id":379419,"date":"2018-06-05T00:03:56","date_gmt":"2018-06-05T05:03:56","guid":{"rendered":"http:\/\/www.diarioimagen.net\/?p=379419"},"modified":"2018-06-05T01:57:48","modified_gmt":"2018-06-05T06:57:48","slug":"centros-de-salud-y-modulos-de-vigilancia-en-zonas-altas-de-huixquilucan-martinez-alfaro","status":"publish","type":"post","link":"https:\/\/www.diarioimagen.net\/?p=379419","title":{"rendered":"Centros de salud y m\u00f3dulos de vigilancia en zonas altas de Huixquilucan: Mart\u00ednez Alfaro"},"content":{"rendered":"<p><a href=\"http:\/\/www.diarioimagen.net\/?attachment_id=379506\" rel=\"attachment wp-att-379506\"><img loading=\"lazy\" decoding=\"async\" class=\"aligncenter size-large wp-image-379506\" src=\"http:\/\/www.diarioimagen.net\/wp-content\/uploads\/2018\/06\/HUIXQUILUCAN-3382-460x259.jpg\" alt=\"\" width=\"460\" height=\"259\" srcset=\"https:\/\/www.diarioimagen.net\/wp-content\/uploads\/2018\/06\/HUIXQUILUCAN-3382-460x259.jpg 460w, https:\/\/www.diarioimagen.net\/wp-content\/uploads\/2018\/06\/HUIXQUILUCAN-3382-240x135.jpg 240w, https:\/\/www.diarioimagen.net\/wp-content\/uploads\/2018\/06\/HUIXQUILUCAN-3382-235x132.jpg 235w, https:\/\/www.diarioimagen.net\/wp-content\/uploads\/2018\/06\/HUIXQUILUCAN-3382-202x114.jpg 202w, https:\/\/www.diarioimagen.net\/wp-content\/uploads\/2018\/06\/HUIXQUILUCAN-3382-350x196.jpg 350w, https:\/\/www.diarioimagen.net\/wp-content\/uploads\/2018\/06\/HUIXQUILUCAN-3382-220x123.jpg 220w, https:\/\/www.diarioimagen.net\/wp-content\/uploads\/2018\/06\/HUIXQUILUCAN-3382-237x132.jpg 237w, https:\/\/www.diarioimagen.net\/wp-content\/uploads\/2018\/06\/HUIXQUILUCAN-3382.jpg 480w\" sizes=\"auto, (max-width: 460px) 100vw, 460px\" \/><\/a><\/p>\n<p>&nbsp;<\/p>\n<p><strong>Huixquilucan, Estado de M\u00e9xico<\/strong><strong>.-<\/strong> \u201c\u00a1Queremos que los servicios de salud queden cerca de nuestra comunidad!\u201d, es la petici\u00f3n que los habitantes huixquiluquenses le hicieron al candidato del PRI a la alcald\u00eda, Arturo Mart\u00ednez Alfaro.<\/p>\n<p>Durante recorridos\u00a0 en las diversas localidades, Mart\u00ednez Alfaro visit\u00f3 casa por casa para\u00a0 escuchar las demandas de los pobladores de San Cristobal Texcalucan, San Jos\u00e9 Huilotepan y Santiago Yancuitlalpan; dijo que, de llegar a la presidencia municipal,\u00a0 construir\u00e1 Centros de Salud con abasto de medicamentos y servicio m\u00e9dico las 24 horas en estas zonas altas del municipio.<\/p>\n","protected":false},"excerpt":{"rendered":"<p>\u201c\u00a1Queremos que los servicios de salud queden cerca de nuestra comunidad!\u201d, es la petici\u00f3n que los habitantes huixquiluquenses le hicieron al candidato del PRI a la alcald\u00eda, Arturo Mart\u00ednez Alfaro.<\/p>\n","protected":false},"author":3,"featured_media":379506,"comment_status":"open","ping_status":"open","sticky":false,"template":"","format":"standard","meta":{"_monsterinsights_skip_tracking":false,"_monsterinsights_sitenote_active":false,"_monsterinsights_sitenote_note":"","_monsterinsights_sitenote_category":0,"footnotes":""},"categories":[35155],"tags":[43675,1097,25489],"class_list":["post-379419","post","type-post","status-publish","format-standard","has-post-thumbnail","hentry","category-estado-de-mexico-estado-de-mexico","tag-estado-de-mexico","tag-huixquilucan","tag-vigilancia"],"_links":{"self":[{"href":"https:\/\/www.diarioimagen.net\/index.php?rest_route=\/wp\/v2\/posts\/379419","targetHints":{"allow":["GET"]}}],"collection":[{"href":"https:\/\/www.diarioimagen.net\/index.php?rest_route=\/wp\/v2\/posts"}],"about":[{"href":"https:\/\/www.diarioimagen.net\/index.php?rest_route=\/wp\/v2\/types\/post"}],"author":[{"embeddable":true,"href":"https:\/\/www.diarioimagen.net\/index.php?rest_route=\/wp\/v2\/users\/3"}],"replies":[{"embeddable":true,"href":"https:\/\/www.diarioimagen.net\/index.php?rest_route=%2Fwp%2Fv2%2Fcomments&post=379419"}],"version-history":[{"count":0,"href":"https:\/\/www.diarioimagen.net\/index.php?rest_route=\/wp\/v2\/posts\/379419\/revisions"}],"wp:featuredmedia":[{"embeddable":true,"href":"https:\/\/www.diarioimagen.net\/index.php?rest_route=\/wp\/v2\/media\/379506"}],"wp:attachment":[{"href":"https:\/\/www.diarioimagen.net\/index.php?rest_route=%2Fwp%2Fv2%2Fmedia&parent=379419"}],"wp:term":[{"taxonomy":"category","embeddable":true,"href":"https:\/\/www.diarioimagen.net\/index.php?rest_route=%2Fwp%2Fv2%2Fcategories&post=379419"},{"taxonomy":"post_tag","embeddable":true,"href":"https:\/\/www.diarioimagen.net\/index.php?rest_route=%2Fwp%2Fv2%2Ftags&post=379419"}],"curies":[{"name":"wp","href":"https:\/\/api.w.org\/{rel}","templated":true}]}}