{"id":379439,"date":"2018-06-05T00:00:58","date_gmt":"2018-06-05T05:00:58","guid":{"rendered":"http:\/\/www.diarioimagen.net\/?p=379439"},"modified":"2018-06-05T01:16:24","modified_gmt":"2018-06-05T06:16:24","slug":"lopez-obrador-premiara-a-sus-mas-fieles-votantes-la-cnte","status":"publish","type":"post","link":"https:\/\/www.diarioimagen.net\/?p=379439","title":{"rendered":"L\u00f3pez Obrador premiar\u00e1 a sus m\u00e1s fieles votantes, la CNTE"},"content":{"rendered":"<h2>La Retaguardia<\/h2>\n<h5>Adriana Moreno Cordero<\/h5>\n<p>&nbsp;<\/p>\n<ul>\n<li><strong><em>Voto oculto e indecisos, la clave<\/em><\/strong><\/li>\n<\/ul>\n<p>&nbsp;<\/p>\n<p>Los m\u00e1s fieles seguidores del candidato presidencial de la coalici\u00f3n \u201cJuntos Haremos Historia\u201d, <strong>Andr\u00e9s Manuel L\u00f3pez Obrador<\/strong>, hicieron derroche de su civilidad y de que pueden llegar a ser muy buenos ciudadanos, pues una vez que el tabasque\u00f1o gane las elecciones del ya muy pr\u00f3ximo 1 de julio, sin duda, recibir\u00e1n el premio que les corresponde por su intensa y noble labor.<\/p>\n<p>Resulta que \u201cmaestros\u201d de la Coordinadora Nacional de Trabajadores de la Educaci\u00f3n, como lo hab\u00edan anunciado previamente, tomaron la Avenida del Paseo de la Reforma, as\u00ed como otras importantes vialidades de la Ciudad de M\u00e9xico y a las afueras de la Secretar\u00eda de Gobernaci\u00f3n, protagonizaron un zafarrancho y se plantaron ah\u00ed sin importarles nada m\u00e1s.<\/p>\n<p>Ya no es como en las elecciones del 2012, cuando los \u201cprofesores\u201d de la Secci\u00f3n 22 de la Coordinadora en Oaxaca, le prometieron su voto a L\u00f3pez Obrador y fue la primera vez que \u00e9ste, a su vez, les prometi\u00f3 tirar la Reforma Educativa, sin embargo, esa acci\u00f3n fue un poco \u201ccon los dedos en la puerta\u201d y entonces, en esos comicios, no le alcanz\u00f3 a la CNTE para llevar a su candidato a Los Pinos.<\/p>\n<p>El tiempo ha pasado y por eso ahora, el de Macuspana se \u201camarr\u00f3 el dedo\u201d y, como es bien sabido, entr\u00f3 en negociaciones ni m\u00e1s ni menos que con la exdirigente del Sindicato Nacional de Trabajadores de la Educaci\u00f3n, <strong>Elba Esther Gordillo<\/strong> quien de inmediato envi\u00f3 a sus operadores \u201cestrella\u201d, -su nieto y su yerno-, a trabajar a favor de AMLO; ella, la otrora poderos\u00edsima l\u00edder sindical que en las elecciones del 2006 se la jug\u00f3 con el expresidente <strong>Felipe Calder\u00f3n<\/strong>, cosa que molest\u00f3 much\u00edsimo al propio tabasque\u00f1o, pero no ser\u00eda tanto para haber pactado con ella.<\/p>\n<p>Como se recordar\u00e1, ya en el a\u00f1o 2011 y desde su natal Tabasco, L\u00f3pez Obrador refiri\u00f3 que el principal acuerdo entre Gordillo y Calder\u00f3n Hinojosa, hab\u00eda sido hacer fraude en las elecciones del 2006, ya que \u201cpersonas cercanas a la dirigente magisterial ocupaban puestos clave en el Instituto Federal Electoral y operaron para colocar como funcionarios de casilla a quienes se prestaron al fraude\u201d.<\/p>\n<p>Doce a\u00f1os han pasado desde las elecciones del 2006 y obviamente, el panorama ha cambiado mucho. La maestra Gordillo opera desde su encierro en su lujoso departamento de Polanco y su poder para poner y quitar funcionarios no solo en lo que fue el IFE, se ha visto seriamente mermado; \u00bfser\u00e1 por eso que no le qued\u00f3 m\u00e1s remedio que jug\u00e1rsela en este 2018 con el due\u00f1o de Morena?<\/p>\n<p>En fin, por el momento, el de Macuspana est\u00e1 m\u00e1s ocupado en reconciliarse con la clase empresarial a la que ha cuestionado para entrar en un enfrentamiento;\u00a0 hoy a las 8 y media de la noche, todas las miradas estar\u00e1n atentas. Ya les mand\u00f3 el mensaje de que \u00e9l sabe y puede allegarse de otros empresarios no menos importantes que han abrazado su causa, pero ahora \u00bfc\u00f3mo quedar\u00e1 con la clase empresarial?<\/p>\n<p>De cualquier manera, AMLO ha intentado bajarle de intensidad a su discurso y asegur\u00f3 ir a su encuentro con el Consejo Mexicano de Negocios, \u201cen un plan de conciliaci\u00f3n, yo siempre extiendo mi mano franca, yo no odio a nadie, yo lo que creo es que hace falta un cambio verdadero\u201d. \u00bfSer\u00e1?, porque lo que esperan los empresarios son propuestas muy concretas.<\/p>\n<p style=\"text-align: center;\"><strong>MUNICIONES<\/strong><\/p>\n<p>*** Lo que en cambio sube de intensidad, es la discusi\u00f3n en torno a la credibilidad de las encuestas que le dan el triunfo a L\u00f3pez Obrador. Diversos analistas tienen un referente com\u00fan; las elecciones en Estados Unidos, en las que todo el mundo cre\u00eda que la ganadora ser\u00eda <strong>Hillary Clinton<\/strong> (y si no, que le pregunten a <strong>Margarita Zavala<\/strong>), y en una gran y desencantadora sorpresa, la victoria se la llev\u00f3 el delirante <strong>Donald Trump<\/strong>. Aqu\u00ed en M\u00e9xico, se dice que la clave estar\u00e1 en el voto oculto, que ser\u00eda diferente al de los indecisos. Pertenece a los que no contestan ninguna encuesta y sin embargo, saben perfectamente por qui\u00e9n votar pero no lo dicen. Esto, sumado al sector de los indecisos, a los que votar\u00e1n solo hasta que est\u00e9n frente a la boleta, podr\u00eda ser algo que no tengan previsto en Morena.<\/p>\n<p>*** El abstencionismo es otro factor digno de tomar en cuenta. En el INE calculan que el \u00edndice de participaci\u00f3n en estas elecciones, ser\u00e1 del 70 por ciento. En el Instituto est\u00e1n convencidos de que no habr\u00e1 voto del miedo, ni siquiera por el n\u00famero de candidatos y candidatas que han sido asesinados.<\/p>\n<p>*** Hasta raro se vio el ahora flamante morenista <strong>Germ\u00e1n Mart\u00ednez C\u00e1zares<\/strong> cuando le dijeron que a lo mejor no llegar\u00eda por la v\u00eda plurinominal al Senado de la Rep\u00fablica. Con la voz impostada, respondi\u00f3 que no le importaba, que lo realmente importante era \u201cque Andr\u00e9s Manuel llegue a la Presidencia de la Rep\u00fablica\u201d. \u00a1Qu\u00e9 tal!<\/p>\n<p>*** El perredista <strong>Alejandro S\u00e1nchez Camacho<\/strong>, asegura que hay una gran diferencia y distancia entre la dirigencia del Sol Azteca, que pide votar por Ricardo Anaya, y la militancia, digamos pura, del partido negro-amarillo. Subray\u00f3 que la militancia perredista, \u201ctiene el coraz\u00f3n a la izquierda y no a la derecha\u201d. \u201cUn proyecto que emana del PAN no es una alternativa viable para rescatar al pa\u00eds\u201d, remat\u00f3.<\/p>\n<p><a href=\"mailto:morcora@gmail.com\" target=\"_blank\" rel=\"noopener\"><em>morcora@gmail.com<\/em><\/a><\/p>\n","protected":false},"excerpt":{"rendered":"<p><span style=\"color: #005497;\"><strong>Adriana Moreno Cordero<\/strong><\/span><\/p>\n","protected":false},"author":3,"featured_media":0,"comment_status":"open","ping_status":"open","sticky":false,"template":"","format":"standard","meta":{"_monsterinsights_skip_tracking":false,"_monsterinsights_sitenote_active":false,"_monsterinsights_sitenote_note":"","_monsterinsights_sitenote_category":0,"footnotes":""},"categories":[69370],"tags":[69369,69368,43674],"class_list":["post-379439","post","type-post","status-publish","format-standard","hentry","category-adriana-moreno-cordero","tag-adriana-moreno-cordero","tag-la-retaguardia","tag-opinion"],"_links":{"self":[{"href":"https:\/\/www.diarioimagen.net\/index.php?rest_route=\/wp\/v2\/posts\/379439","targetHints":{"allow":["GET"]}}],"collection":[{"href":"https:\/\/www.diarioimagen.net\/index.php?rest_route=\/wp\/v2\/posts"}],"about":[{"href":"https:\/\/www.diarioimagen.net\/index.php?rest_route=\/wp\/v2\/types\/post"}],"author":[{"embeddable":true,"href":"https:\/\/www.diarioimagen.net\/index.php?rest_route=\/wp\/v2\/users\/3"}],"replies":[{"embeddable":true,"href":"https:\/\/www.diarioimagen.net\/index.php?rest_route=%2Fwp%2Fv2%2Fcomments&post=379439"}],"version-history":[{"count":0,"href":"https:\/\/www.diarioimagen.net\/index.php?rest_route=\/wp\/v2\/posts\/379439\/revisions"}],"wp:attachment":[{"href":"https:\/\/www.diarioimagen.net\/index.php?rest_route=%2Fwp%2Fv2%2Fmedia&parent=379439"}],"wp:term":[{"taxonomy":"category","embeddable":true,"href":"https:\/\/www.diarioimagen.net\/index.php?rest_route=%2Fwp%2Fv2%2Fcategories&post=379439"},{"taxonomy":"post_tag","embeddable":true,"href":"https:\/\/www.diarioimagen.net\/index.php?rest_route=%2Fwp%2Fv2%2Ftags&post=379439"}],"curies":[{"name":"wp","href":"https:\/\/api.w.org\/{rel}","templated":true}]}}