{"id":379442,"date":"2018-06-05T00:01:00","date_gmt":"2018-06-05T05:01:00","guid":{"rendered":"http:\/\/www.diarioimagen.net\/?p=379442"},"modified":"2018-06-05T01:20:47","modified_gmt":"2018-06-05T06:20:47","slug":"el-pri-de-quintana-roo-listo-para-perder","status":"publish","type":"post","link":"https:\/\/www.diarioimagen.net\/?p=379442","title":{"rendered":"El PRI de Quintana Roo \u00a1listo\u2026 para perder!"},"content":{"rendered":"<h2>Derecho de r\u00e9plica<\/h2>\n<h5>Yolanda Montalvo<\/h5>\n<p>&nbsp;<\/p>\n<p>Tal parece que la visita del dirigente nacional del Partido Revolucionario Institucional, Ren\u00e9 Ju\u00e1rez Cisneros a Quintana Roo, s\u00f3lo sirvi\u00f3 de catalizador para dar el peque\u00f1o empuj\u00f3n que el PRI necesitaba, y ahora, est\u00e1n listos para la derrota.<\/p>\n<p>Lejos de unificar con liderazgo, Ren\u00e9 Ju\u00e1rez, les exigi\u00f3 a los tricolores su lealtad y disciplina, pues el ambiente en Quintana Roo entre los pri\u00edstas es de descontento, verg\u00fcenza y derrota. \u00a1Abuelita tus chanclitas!<\/p>\n<p>El dirigente tricolor pidi\u00f3 a sus correligionarios que no se averg\u00fcencen de los colores de su partido, pues el PRI no tiene la culpa de que en \u00e9l se haya acogido a las m\u00e1s grandes y gordas ratas del pa\u00eds&#8230; entonces \u00bfqui\u00e9n?<\/p>\n<p style=\"text-align: center;\"><strong>Brazos ca\u00eddos<\/strong><\/p>\n<p>El ambiente en el PRI es ca\u00f3tico, pues liderazgos como el ex presidente municipal, Carlos Card\u00edn P\u00e9rez, revel\u00f3 que tras la visita de Rene Ju\u00e1rez la decisi\u00f3n en el otrora partidazo, es bajar los brazos; no meterse, ni para bien ni para mal, eso porque las c\u00fapulas decidieron entregar las candidaturas a abanderados sin ninguna fuerza y que a lo mucho se colocan en tercera posici\u00f3n de las preferencias electorales.<\/p>\n<p style=\"text-align: center;\"><strong>Nadie lo conoce<\/strong><\/p>\n<p>Que, de plano, al candidato de PRI-PVEM-Panal a la alcald\u00eda de Benito Ju\u00e1rez, Luis Pablo Bustamante Beltr\u00e1n, quien sustituy\u00f3 al croquista Mario Machuca S\u00e1nchez, los pri\u00edstas ni lo conocen, no saben de d\u00f3nde sali\u00f3, eso dice Carlos Card\u00edn.<\/p>\n<p>El l\u00edder de anta\u00f1o del PRI, recuerda los a\u00f1os de gloria del otrora partidazo, en los que se emborrachaban de soberbia y poder, resaca que ahora les pasa la factura, por lo que compararlo al tricolor quintanarroense con un alcoh\u00f3lico, que debe de reconocer que toc\u00f3 fondo y est\u00e1 enfermo para poder reinventarse.<\/p>\n<p>En palabras de Carlos Card\u00edn: \u201cBenito Ju\u00e1rez y las senadur\u00edas ya est\u00e1n perdidas. El municipio perdido, y en senadur\u00edas vamos en tercer lugar. Esto es como Alcoh\u00f3licos An\u00f3nimos: si no te declaras borracho, no te vas a componer\u201d\u2026\u00bfas\u00ed o m\u00e1s claro?<\/p>\n<p style=\"text-align: center;\"><strong>Los responsables<\/strong><\/p>\n<p>Por lo dicho por Carlos Card\u00edn, los tricolores quintanarroenses est\u00e1n seguros de que los responsables de la debacle de Revolucionario son el ex dirigente nacional Enrique \u201cEl Pinocho\u201d Ochoa Reza y a nivel local, el belice\u00f1o Raymundo King de la Rosa, pero este \u00faltimo, en el pecado lleva la penitencia, pues ahora vive en carne propia el resultado de su p\u00e9simo desempe\u00f1o como l\u00edder estatal y no pasa del tercer lugar en preferencias electorales como candidato a senador. \u00a1L\u00e1stima Margarito!<\/p>\n<p style=\"text-align: center;\"><strong>MAS partidos<\/strong><\/p>\n<p>Como si la carga para el erario de mantener a pol\u00edticos y sus partidos, Quintana Roo tiene ya una organizaci\u00f3n pol\u00edtica MAS.<\/p>\n<p>Movimiento Aut\u00e9ntico Social recibi\u00f3 su constancia de registro como nuevo partido pol\u00edtico local, y llama la atenci\u00f3n que el dirigente de \u00e9ste sea el ex subsecretario de Educaci\u00f3n, Antonio Hoy Manzanilla, que, en su paso por esa dependencia, durante el gobierno de Roberto Borge, fue se\u00f1alado como una persona d\u00e9spota y prepotente, que hostig\u00f3 al personal a su cargo, al que incluso se le acus\u00f3 de manera injustificada los sueldos de los maestros de telebachillerato comunitario. \u00a1Si el 2 de octubre no se olvida, eso tampoco!, jijijiji.<\/p>\n<p>Entre otros que integran el MAS est\u00e1n la ex secretaria de Educaci\u00f3n, Cecilia Lor\u00eda Mar\u00edn; el ex dirigente de la CTM en Oth\u00f3n P. Blanco, Rafael Beltr\u00e1n Chim; Javier Giardiello, ex\u00a0director de Educaci\u00f3n durante la administraci\u00f3n municipal de Juan Ignacio Garc\u00eda Zalvidea; el ex diputado por Convergencia, David \u00c1lvarez Cervera y Edgar Hendricks Rubio, hijo del ex gobernador Joaqu\u00edn Hendricks D\u00edaz, adem\u00e1s del \u00a0representante legal de la nueva fuerza pol\u00edtica local, H\u00e9ctor Hern\u00e1n P\u00e9rez Rivero, abogado que tambi\u00e9n ha probado las mieles de la ubre del erario en \u201ccarguitos\u201d de medio pelo.<\/p>\n<p style=\"text-align: center;\"><strong>Para el 2019<\/strong><\/p>\n<p>Pero el MAS no es el \u00fanico partido local que probar\u00e1 su suerte en el 2019, pues tambi\u00e9n Confianza por Quintana Roo, de Alfredo Caamal Huchim, iniciar\u00e1 con sus actividades el 1 de julio de este a\u00f1o, rumbo a participar por primera vez en las elecciones para el Congreso del estado en 2019, donde deber\u00e1n refrendar su registro, al obtener el porcentaje m\u00ednimo de votos requeridos o ser\u00e1 su debut y despedida.<\/p>\n<p style=\"text-align: center;\"><strong>PESes &amp; PESes<\/strong><\/p>\n<p>Para las pulgas del dirigente local del Partido Encuentro Social, Gregorio S\u00e1nchez Mart\u00ednez y de su esposa la cubana que quiere gobernar Canc\u00fan, Niurka S\u00e1liva, el delegado del PES nacional, Rogelio M\u00e1rquez Valdivia, en Quintana Roo, asegur\u00f3 que no s\u00f3lo tiene una buena relaci\u00f3n con la candidata de Morena y el PT a la alcald\u00eda de Canc\u00fan, Mara Lezama, sino que tiene muchas virtudes, \u00a1Ya, que se case con ella!<\/p>\n<p>M\u00e1rquez Valdivia tambi\u00e9n critic\u00f3 el actuar de la pareja real del PES, <em>Greg<\/em> y la cubana, por usar la imagen de Andr\u00e9s Manuel L\u00f3pez Obrador en su propaganda electoral, asunto que el delegado de Encuentro Social asegur\u00f3, afect\u00f3 al Movimiento de Regeneraci\u00f3n Nacional y su abanderada Mara Lezama.<\/p>\n<p>Empero, lo que M\u00e1rquez Valdivia o los tribunales electorales digan, no le importa a los S\u00e1nchez, pues ellos van por la lana y el poder, que la cubana sea regidora en el ayuntamiento de Benito Ju\u00e1rez ser\u00e1 sin duda, un buen premio de consolaci\u00f3n para la pareja real del PES, por lo que tratar\u00e1n a toda costa de ganar la mayor cantidad de votos posibles, usar a su madre o al \u201cPeje\u201d para lograr sus objetivos, eso es lo de menos. Tant\u00e1n.<\/p>\n<p>&nbsp;<\/p>\n<blockquote><p>Recibo informaci\u00f3n, comentarios, denuncias, r\u00e9plicas y balconeadas, etc. al mail: <em><a href=\"mailto:yolandamontalvoh@gmail.com\" target=\"_blank\" rel=\"noopener noreferrer\">yolandamontalvoh@gmail.com<\/a><\/em><\/p><\/blockquote>\n<p>###<\/p>\n<p>Movimiento Aut\u00e9ntico Social recibi\u00f3 su constancia de registro como nuevo partido pol\u00edtico local.<\/p>\n","protected":false},"excerpt":{"rendered":"<p><span style=\"color: #005497;\"><strong>Yolanda Montalvo<\/strong><\/span><\/p>\n","protected":false},"author":3,"featured_media":0,"comment_status":"open","ping_status":"open","sticky":false,"template":"","format":"standard","meta":{"_monsterinsights_skip_tracking":false,"_monsterinsights_sitenote_active":false,"_monsterinsights_sitenote_note":"","_monsterinsights_sitenote_category":0,"footnotes":""},"categories":[55237],"tags":[47840,43674,47841],"class_list":["post-379442","post","type-post","status-publish","format-standard","hentry","category-yolanda-montalvo","tag-derecho-de-replica","tag-opinion","tag-yolanda-montalvo"],"_links":{"self":[{"href":"https:\/\/www.diarioimagen.net\/index.php?rest_route=\/wp\/v2\/posts\/379442","targetHints":{"allow":["GET"]}}],"collection":[{"href":"https:\/\/www.diarioimagen.net\/index.php?rest_route=\/wp\/v2\/posts"}],"about":[{"href":"https:\/\/www.diarioimagen.net\/index.php?rest_route=\/wp\/v2\/types\/post"}],"author":[{"embeddable":true,"href":"https:\/\/www.diarioimagen.net\/index.php?rest_route=\/wp\/v2\/users\/3"}],"replies":[{"embeddable":true,"href":"https:\/\/www.diarioimagen.net\/index.php?rest_route=%2Fwp%2Fv2%2Fcomments&post=379442"}],"version-history":[{"count":0,"href":"https:\/\/www.diarioimagen.net\/index.php?rest_route=\/wp\/v2\/posts\/379442\/revisions"}],"wp:attachment":[{"href":"https:\/\/www.diarioimagen.net\/index.php?rest_route=%2Fwp%2Fv2%2Fmedia&parent=379442"}],"wp:term":[{"taxonomy":"category","embeddable":true,"href":"https:\/\/www.diarioimagen.net\/index.php?rest_route=%2Fwp%2Fv2%2Fcategories&post=379442"},{"taxonomy":"post_tag","embeddable":true,"href":"https:\/\/www.diarioimagen.net\/index.php?rest_route=%2Fwp%2Fv2%2Ftags&post=379442"}],"curies":[{"name":"wp","href":"https:\/\/api.w.org\/{rel}","templated":true}]}}