{"id":379449,"date":"2018-06-05T00:04:11","date_gmt":"2018-06-05T05:04:11","guid":{"rendered":"http:\/\/www.diarioimagen.net\/?p=379449"},"modified":"2018-06-05T01:25:10","modified_gmt":"2018-06-05T06:25:10","slug":"hablan-con-verdad-empresarios-y-candidatos","status":"publish","type":"post","link":"https:\/\/www.diarioimagen.net\/?p=379449","title":{"rendered":"\u00bfHablan con verdad empresarios y candidatos?"},"content":{"rendered":"<h2>Poder y dinero<\/h2>\n<h5>V\u00edctor S\u00e1nchez Ba\u00f1os<\/h5>\n<p>&nbsp;<\/p>\n<p style=\"text-align: right;\"><em><strong>La educaci\u00f3n es el fundamento verdadero de la felicidad<\/strong><br \/>\nSim\u00f3n Bol\u00edvar, 1783-1830; militar y pol\u00edtico venezolano<\/em><\/p>\n<p>&nbsp;<\/p>\n<p>#CMN #Insultos? #C\u00f3nclaveEmpresarial #Anaya-simpat\u00edas #MeadeReconocimiento #AMLOagresiones #NoLosPerdona? #ClimaCrispado #AmbienteCrispado #EleccionesNocivas #Unilever #Banxico<\/p>\n<p>&nbsp;<\/p>\n<p>Hoy, en el transcurso del d\u00eda, los aspirantes a la Presidencia de la Rep\u00fablica se reunir\u00e1n a puerta cerrada con los miembros del Consejo Mexicano de Negocios, un organismo que ha sido el blanco de insultos por parte del candidato de Morena, Andr\u00e9s Manuel L\u00f3pez Obrador.<\/p>\n<p>Muchos se preguntar\u00e1n el motivo por el cual es importante esta reuni\u00f3n. Se trata de los empresarios m\u00e1s poderosos del pa\u00eds y con negocios en varios pa\u00edses del orbe. Adem\u00e1s, juntos, generan m\u00e1s del 25% del Producto Interno Bruto, a trav\u00e9s de sus compa\u00f1\u00edas y son muy influyentes, incluso, en los mercados internacionales.<\/p>\n<p>El CMN, al lado Consejo Coordinador Empresarial, que preside Pablo Casta\u00f1\u00f3n, Coparmex, CONCAMIN, CONCANACO, Asociaci\u00f3n de Bancos de M\u00e9xico, Asociaci\u00f3n Mexicana de Instituciones de Seguros y Consejo Nacional Agropecuario, agrupan al 80% del sector empresarial. Los generadores del 75% del empleo, en el pa\u00eds.Los miembros del CMN, son: Claudio X. Gonz\u00e1lez de Kimberly-Clark de M\u00e9xico; Emilio Azc\u00e1rraga de Televisa; Gast\u00f3n Azc\u00e1rraga de Grupo Posadas; Alberto Bailleres de Industrias Pe\u00f1oles; Antonio del Valle Ruiz de Mexichem; Jos\u00e9 Antonio Fern\u00e1ndez Carvajal de FEMSA; Dionisio Garza Medina de Alfa; Enrique Robinson Bours de Bachoco; Roberto Hern\u00e1ndez de Banamex-Accival; Juan S\u00e1nchez-Navarro Pe\u00f3n de Grupo Modelo; Adri\u00e1n Sada Gonz\u00e1lez de Vitro; Carlos Slim Hel\u00fa de Carso Global Telecom; Roberto Servitje Sendra de Bimbo; Federico Terrazas de Cementos de Chihuahua; Agust\u00edn Franco Mac\u00edas de Grupo Infra; Ricardo Mart\u00edn Bringas de Soriana y Blanca Trevi\u00f1o de Softtek. El candidato de Morena, L\u00f3pez Obrador acus\u00f3 a varios de estos empresarios de ser c\u00f3mplices de la que llama \u201cmafia en el poder\u201d, as\u00ed como de corrupci\u00f3n y hasta de evasores de impuestos.<\/p>\n<p>La reuni\u00f3n es puerta privada, lo es justificable ya que se trata de un \u201cclub\u201d que no tiene representaci\u00f3n jur\u00eddica, s\u00f3lo pol\u00edtica; no es un sindicato empresarial. Sin embargo, la reuni\u00f3n provoca morbo, ya que michos quieren ver lo que ser\u00e1 el resultado de las reuniones, especialmente la de AMLO con empresarios como Roberto Hern\u00e1ndez, Alberto Bailleres, Ricardo Mart\u00edn, Claudio Xavier Gonz\u00e1lez, as\u00ed como el presidente de ese organismo Alejandro Ram\u00edrez, de Cin\u00e9polis, entre otros que fueron objeto de cuestionamientos del tabasque\u00f1o. Y, por cierto, AMLO dijo que no ofrecer\u00e1 disculpas a los empresarios que agredi\u00f3 y les reitera que \u201cest\u00e1 por un cambio\u201d.<\/p>\n<p>Por lo pronto, hay nerviosismo en las c\u00fapulas empresariales y tambi\u00e9n entre los colaboradores de AMLO, que ven con preocupaci\u00f3n que estos empresarios saquen inversiones del pa\u00eds, con lo que se llevar\u00edan empleo y bienestar para aquellos que son la base de votos de L\u00f3pez Obrador. Anaya, tendr\u00eda simpat\u00edas, pero el reconocimiento lo tendr\u00e1, por su experiencia y estar\u00e1 a la cabeza Jos\u00e9 Antonio Meade.<\/p>\n<p><strong>PODEROSOS CABALLEROS<\/strong>: Pese a las voces catastrofistas, el aumento en las diferencias arancelaria entre M\u00e9xico, EU y Canad\u00e1 no acabar\u00e1n con el TLCAN. No se renov\u00f3 en las recientes negociaciones y ser\u00e1 hasta el a\u00f1o pr\u00f3ximo cuando se concluyan los acuerdos. Por el momento, se mantendr\u00e1 el tratado vigente y se mantiene la actividad comercial sin cambios de fondo. *** La AMDA, bajo el liderazgo de Jes\u00fas Ochoa, inform\u00f3 que al finaliza mayo, el sector automotriz sum\u00f3 12 meses consecutivos de ca\u00eddas en ventas nacionales. Y, justific\u00f3 que dicha reducci\u00f3n se debe a la incertidumbre provocada por las elecciones, el proteccionismo y el TLCAN. Mal ambiente derivado de las elecciones. Como siempre, en lugar de convertirla en una fiesta democr\u00e1tica, es un dolor de cabeza para todos los mexicanos. Vemos el precio del d\u00f3lar se dispar\u00f3 arriba de los 20 pesos y esto se agudizar\u00e1 conforme se acerque el 1 de julio. *** Aunado a lo anterior, la encuesta de Banco de M\u00e9xico, instituci\u00f3n que revela que el 45% de los analistas econ\u00f3micos consideran que empeorar\u00e1 el clima de negocios; 53% considera que es una mala \u00e9poca para inversiones y el 60% cree que la econom\u00eda no est\u00e1 mejor que hace un a\u00f1o. Todo a consecuencia de los comicios del pr\u00f3ximo 1 de julio. Esta incertidumbre es derivada de las declaraciones encontradas y contradictorias de AMLO.<\/p>\n<p><strong>RESPONSABILIDAD SOCIAL CORPORATIVA<\/strong>: A siete a\u00f1os de la puesta en vigor del Plan de Vida Sustentable Unilever, Gerardo Rozanski, presidente de Unilever M\u00e9xico y Caribe, confirm\u00f3 que la sustentabilidad es negocio para la compa\u00f1\u00eda, ya que esta visi\u00f3n les ha permitido generar un mayor crecimiento a trav\u00e9s de sus marcas con prop\u00f3sito, reducir costos al usar menos materiales y eliminar residuos, mitigar riesgos en su cadena de suministro, as\u00ed como ganar mayor confianza entre sus consumidores.<\/p>\n<p><a href=\"http:\/\/poderydinero.mx\" target=\"_blank\" rel=\"noopener\"><em>poderydinero.mx<\/em><\/a><b><br \/>\n<\/b><em><a href=\"mailto:vsb@poderydinero.mx\" target=\"_blank\" rel=\"noopener\">vsb@poderydinero.mx<\/a><br \/>\n<\/em><em><strong>Twitter:<\/strong><a href=\"https:\/\/twitter.com\/vsanchezbanos\" target=\"_blank\" rel=\"noopener\">@vsanchezbano<br \/>\n<\/a><\/em><em><strong>Facebook:\u00a0<\/strong><a href=\"https:\/\/www.facebook.com\/vsanchezbanos?fref=ts\" target=\"_blank\" rel=\"noopener\">vsanchezbano<\/a><\/em><\/p>\n","protected":false},"excerpt":{"rendered":"<p><span style=\"color: #005497;\"><strong>V\u00edctor S\u00e1nchez Ba\u00f1os<\/strong><\/span><\/p>\n","protected":false},"author":3,"featured_media":0,"comment_status":"open","ping_status":"open","sticky":false,"template":"","format":"standard","meta":{"_monsterinsights_skip_tracking":false,"_monsterinsights_sitenote_active":false,"_monsterinsights_sitenote_note":"","_monsterinsights_sitenote_category":0,"footnotes":""},"categories":[38844],"tags":[43674,38847,38848],"class_list":["post-379449","post","type-post","status-publish","format-standard","hentry","category-victor-sanchez-banos","tag-opinion","tag-poder-y-dinero","tag-victor-sanchez-banos"],"_links":{"self":[{"href":"https:\/\/www.diarioimagen.net\/index.php?rest_route=\/wp\/v2\/posts\/379449","targetHints":{"allow":["GET"]}}],"collection":[{"href":"https:\/\/www.diarioimagen.net\/index.php?rest_route=\/wp\/v2\/posts"}],"about":[{"href":"https:\/\/www.diarioimagen.net\/index.php?rest_route=\/wp\/v2\/types\/post"}],"author":[{"embeddable":true,"href":"https:\/\/www.diarioimagen.net\/index.php?rest_route=\/wp\/v2\/users\/3"}],"replies":[{"embeddable":true,"href":"https:\/\/www.diarioimagen.net\/index.php?rest_route=%2Fwp%2Fv2%2Fcomments&post=379449"}],"version-history":[{"count":0,"href":"https:\/\/www.diarioimagen.net\/index.php?rest_route=\/wp\/v2\/posts\/379449\/revisions"}],"wp:attachment":[{"href":"https:\/\/www.diarioimagen.net\/index.php?rest_route=%2Fwp%2Fv2%2Fmedia&parent=379449"}],"wp:term":[{"taxonomy":"category","embeddable":true,"href":"https:\/\/www.diarioimagen.net\/index.php?rest_route=%2Fwp%2Fv2%2Fcategories&post=379449"},{"taxonomy":"post_tag","embeddable":true,"href":"https:\/\/www.diarioimagen.net\/index.php?rest_route=%2Fwp%2Fv2%2Ftags&post=379449"}],"curies":[{"name":"wp","href":"https:\/\/api.w.org\/{rel}","templated":true}]}}