{"id":379611,"date":"2018-06-06T00:06:41","date_gmt":"2018-06-06T05:06:41","guid":{"rendered":"http:\/\/www.diarioimagen.net\/?p=379611"},"modified":"2018-06-06T22:56:46","modified_gmt":"2018-06-07T03:56:46","slug":"videgaray-se-reune-con-pompeo-en-eu-hablan-de-migracion-y-comercio","status":"publish","type":"post","link":"https:\/\/www.diarioimagen.net\/?p=379611","title":{"rendered":"Videgaray se re\u00fane con Pompeo en EU; hablan de migraci\u00f3n y comercio"},"content":{"rendered":"<p><a href=\"http:\/\/www.diarioimagen.net\/?attachment_id=379738\" rel=\"attachment wp-att-379738\"><img loading=\"lazy\" decoding=\"async\" class=\"aligncenter size-large wp-image-379738\" src=\"http:\/\/www.diarioimagen.net\/wp-content\/uploads\/2018\/06\/VIDEGARAY-3383-460x259.jpg\" alt=\"\" width=\"460\" height=\"259\" srcset=\"https:\/\/www.diarioimagen.net\/wp-content\/uploads\/2018\/06\/VIDEGARAY-3383-460x259.jpg 460w, https:\/\/www.diarioimagen.net\/wp-content\/uploads\/2018\/06\/VIDEGARAY-3383-240x135.jpg 240w, https:\/\/www.diarioimagen.net\/wp-content\/uploads\/2018\/06\/VIDEGARAY-3383-235x132.jpg 235w, https:\/\/www.diarioimagen.net\/wp-content\/uploads\/2018\/06\/VIDEGARAY-3383-202x114.jpg 202w, https:\/\/www.diarioimagen.net\/wp-content\/uploads\/2018\/06\/VIDEGARAY-3383-350x196.jpg 350w, https:\/\/www.diarioimagen.net\/wp-content\/uploads\/2018\/06\/VIDEGARAY-3383-220x123.jpg 220w, https:\/\/www.diarioimagen.net\/wp-content\/uploads\/2018\/06\/VIDEGARAY-3383-237x132.jpg 237w, https:\/\/www.diarioimagen.net\/wp-content\/uploads\/2018\/06\/VIDEGARAY-3383.jpg 480w\" sizes=\"auto, (max-width: 460px) 100vw, 460px\" \/><\/a><\/p>\n<p>&nbsp;<\/p>\n<p>El secretario de Relaciones Exteriores, Luis Videgaray, y el secretario de Estado de Estados Unidos, Mike Pompeo se reunieron ayer martes en Washington, donde hablaron sobre Tratado de Libre Comercio, seguridad y migraci\u00f3n.<\/p>\n<p>La canciller\u00eda refiri\u00f3 que ambos funcionarios dialogaron sobre el estado de la relaci\u00f3n bilateral y los acontecimientos m\u00e1s recientes que impactan a la misma. La SRE indic\u00f3 que M\u00e9xico tiene inter\u00e9s por mantener un di\u00e1logo abierto y respetuoso con el gobierno de Estados Unidos.<\/p>\n<p>El de ayer, a\u00f1adi\u00f3 la secretar\u00eda, es el segundo encuentro entre ambos Cancilleres desde que Pompeo tom\u00f3 posesi\u00f3n el 26 de abril pasado.<\/p>\n","protected":false},"excerpt":{"rendered":"<p>El secretario de Relaciones Exteriores, Luis Videgaray, y el secretario de Estado de Estados Unidos, Mike Pompeo se reunieron ayer martes en Washington, donde hablaron sobre Tratado de Libre Comercio, seguridad y migraci\u00f3n.<\/p>\n","protected":false},"author":3,"featured_media":379738,"comment_status":"open","ping_status":"open","sticky":false,"template":"","format":"standard","meta":{"_monsterinsights_skip_tracking":false,"_monsterinsights_sitenote_active":false,"_monsterinsights_sitenote_note":"","_monsterinsights_sitenote_category":0,"footnotes":""},"categories":[3],"tags":[24291,177,2786,73622,43673],"class_list":["post-379611","post","type-post","status-publish","format-standard","has-post-thumbnail","hentry","category-nacional","tag-comercio","tag-estados-unidos","tag-eu","tag-mike-pompeo","tag-nacional"],"_links":{"self":[{"href":"https:\/\/www.diarioimagen.net\/index.php?rest_route=\/wp\/v2\/posts\/379611","targetHints":{"allow":["GET"]}}],"collection":[{"href":"https:\/\/www.diarioimagen.net\/index.php?rest_route=\/wp\/v2\/posts"}],"about":[{"href":"https:\/\/www.diarioimagen.net\/index.php?rest_route=\/wp\/v2\/types\/post"}],"author":[{"embeddable":true,"href":"https:\/\/www.diarioimagen.net\/index.php?rest_route=\/wp\/v2\/users\/3"}],"replies":[{"embeddable":true,"href":"https:\/\/www.diarioimagen.net\/index.php?rest_route=%2Fwp%2Fv2%2Fcomments&post=379611"}],"version-history":[{"count":0,"href":"https:\/\/www.diarioimagen.net\/index.php?rest_route=\/wp\/v2\/posts\/379611\/revisions"}],"wp:featuredmedia":[{"embeddable":true,"href":"https:\/\/www.diarioimagen.net\/index.php?rest_route=\/wp\/v2\/media\/379738"}],"wp:attachment":[{"href":"https:\/\/www.diarioimagen.net\/index.php?rest_route=%2Fwp%2Fv2%2Fmedia&parent=379611"}],"wp:term":[{"taxonomy":"category","embeddable":true,"href":"https:\/\/www.diarioimagen.net\/index.php?rest_route=%2Fwp%2Fv2%2Fcategories&post=379611"},{"taxonomy":"post_tag","embeddable":true,"href":"https:\/\/www.diarioimagen.net\/index.php?rest_route=%2Fwp%2Fv2%2Ftags&post=379611"}],"curies":[{"name":"wp","href":"https:\/\/api.w.org\/{rel}","templated":true}]}}