{"id":379624,"date":"2018-06-06T00:01:12","date_gmt":"2018-06-06T05:01:12","guid":{"rendered":"http:\/\/www.diarioimagen.net\/?p=379624"},"modified":"2018-06-06T02:06:38","modified_gmt":"2018-06-06T07:06:38","slug":"aeromexico-tendra-200-aviones-mas-y-profesionaliza-las-actividades-de-piloto-aviador-y-sobrecargo-de-aviacion","status":"publish","type":"post","link":"https:\/\/www.diarioimagen.net\/?p=379624","title":{"rendered":"Aerom\u00e9xico tendr\u00e1 200 aviones m\u00e1s y profesionaliza las actividades de piloto aviador y sobrecargo de aviaci\u00f3n"},"content":{"rendered":"<h2>De cinco estrellas<\/h2>\n<h5>Victoria Gonz\u00e1lez Prado<\/h5>\n<p><strong>\u00a0<\/strong><\/p>\n<ul>\n<li><em><strong>Amantes del futbol podr\u00e1n participar, con <\/strong><\/em><strong>City Express<\/strong><em><strong> y <\/strong><\/em><strong>Mastercard<\/strong><em><strong>, por cinco viajes para el partido Manchester United-Real Madrid<\/strong><\/em><\/li>\n<li><em><strong>Para tener m\u00e1s opciones de vuelos entre Europa y Australia,<\/strong><\/em><strong>Qantas<\/strong><em><strong> y <\/strong><\/em><strong>Air France<\/strong><em><strong> renovaron acuerdo de c\u00f3digo compartido<\/strong><\/em><\/li>\n<\/ul>\n<p>&nbsp;<\/p>\n<div id=\"attachment_379708\" style=\"width: 470px\" class=\"wp-caption aligncenter\"><a href=\"http:\/\/www.diarioimagen.net\/?attachment_id=379708\" rel=\"attachment wp-att-379708\"><img loading=\"lazy\" decoding=\"async\" aria-describedby=\"caption-attachment-379708\" class=\"size-large wp-image-379708\" src=\"http:\/\/www.diarioimagen.net\/wp-content\/uploads\/2018\/06\/turismo-3383-460x259.jpg\" alt=\"\" width=\"460\" height=\"259\" srcset=\"https:\/\/www.diarioimagen.net\/wp-content\/uploads\/2018\/06\/turismo-3383-460x259.jpg 460w, https:\/\/www.diarioimagen.net\/wp-content\/uploads\/2018\/06\/turismo-3383-240x135.jpg 240w, https:\/\/www.diarioimagen.net\/wp-content\/uploads\/2018\/06\/turismo-3383-235x132.jpg 235w, https:\/\/www.diarioimagen.net\/wp-content\/uploads\/2018\/06\/turismo-3383-202x114.jpg 202w, https:\/\/www.diarioimagen.net\/wp-content\/uploads\/2018\/06\/turismo-3383-350x196.jpg 350w, https:\/\/www.diarioimagen.net\/wp-content\/uploads\/2018\/06\/turismo-3383-220x123.jpg 220w, https:\/\/www.diarioimagen.net\/wp-content\/uploads\/2018\/06\/turismo-3383-237x132.jpg 237w, https:\/\/www.diarioimagen.net\/wp-content\/uploads\/2018\/06\/turismo-3383.jpg 480w\" sizes=\"auto, (max-width: 460px) 100vw, 460px\" \/><\/a><p id=\"caption-attachment-379708\" class=\"wp-caption-text\">Durante la presentaci\u00f3n de las carreras de piloto aviador y sobrecargo.<\/p><\/div>\n<p>&nbsp;<\/p>\n<p>En los pr\u00f3ximos 10 a\u00f1os, Aerom\u00e9xico requerir\u00e1 entre 60 y 70 por ciento m\u00e1s pilotos y sobrecargos, pues se tiene planeado incorporar 200 aviones m\u00e1s a su flota. Inform\u00f3 <strong>Andr\u00e9s Conesa<\/strong>, director general de Grupo Aerom\u00e9xico, y explic\u00f3 que actualmente cuenta con dos mil pilotos y 4 mil sobrecargos y, \u201cdependiendo del tiempo que tome la construcci\u00f3n del aeropuerto, depender\u00e1 el crecimiento de la aerol\u00ednea\u201d.<\/p>\n<p>Por esas circunstancias, hace unos d\u00edas <strong>Conesa<\/strong> dio el banderazo de salida a las carreras de piloto aviador comercial y t\u00e9cnico superior universitario en gesti\u00f3n de servicio de aviaci\u00f3n, seguridad y hospitalidad (sobrecargo de aviaci\u00f3n).<\/p>\n<p>Al respecto, el directivo asegur\u00f3 que por primera vez en la historia de la aviaci\u00f3n en <strong>M\u00e9xico<\/strong> se est\u00e1n profesionalizando las actividades de piloto y sobrecargo: \u201cHoy, como Aerom\u00e9xico Formaci\u00f3n, prepararemos a los pr\u00f3ximos pilotos y sobrecargos de nuestra empresa, que se distingue por contar con las mejores tripulaciones en M\u00e9xico y en el mundo\u201d.<\/p>\n<p>Adem\u00e1s \u2014dijo\u2014 es imperativo aumentar el personal capacitado en ambos rubros, pues a escala mundial se espera que el volumen de usuarios se duplique hasta llegar a 7.8 mil millones de pasajeros para el a\u00f1o 2036, seg\u00fan estimaciones de la <em>International Air Transport Association<\/em> (IATA).<\/p>\n<p>As\u00ed y bajo el lema \u201cNosotros te damos las alas\u201d, la l\u00ednea a\u00e9rea empezar\u00e1 a impartir ambas carreras el pr\u00f3ximo 20 de agosto, con el objetivo de formar a los nuevos pilotos y sobrecargos que tendr\u00e1 Aerom\u00e9xico, salvo los que decidan irse a otras aerol\u00edneas. Las clases ser\u00e1n de lunes a viernes.<\/p>\n<p>Emprender esas carreras \u201clo vemos como una inversi\u00f3n. En lo mejor que puedes invertir es en tu gente. En la medida en que tengas personas mejor preparadas ser\u00e1 mayor el rendimiento, ser\u00e1n m\u00e1s capaces y m\u00e1s competitivos\u201d, explic\u00f3 <strong>Andr\u00e9s Conesa<\/strong>.<\/p>\n<p>Quienes aspiren a cursar ambas carreras deber\u00e1n tener 18 a\u00f1os cumplidos, ser mexicano, contar con bachillerato concluido, pasaporte, visa y un nivel de ingl\u00e9s intermedio.<\/p>\n<p>La carrera de piloto comercial se dividir\u00e1 en dos: siete meses de teor\u00eda y nueve meses en pr\u00e1ctica. La fase de vuelo se realizar\u00e1 en Phoenix, Arizona, bajo una alianza con el Centro de Capacitaci\u00f3n CAE, l\u00edder mundial en entrenamiento aeron\u00e1utico que tiene presencia en cuatro continentes. Al finalizar los estudios se obtendr\u00e1 la certificaci\u00f3n de licencia de piloto aviador comercial<strong>.<\/strong><\/p>\n<p>En su oportunidad, <strong>Ernesto Garc\u00eda Tapia<\/strong>, director de Aerom\u00e9xico Formaci\u00f3n, dijo que en los siguientes a\u00f1os el mercado nacional enfrentar\u00e1 escasez de pilotos comerciales calificados, debido a la alta demanda y al significativo crecimiento de la industria a\u00e9rea.<\/p>\n<p>En cuanto a los estudios para sobrecargo de aviaci\u00f3n, ser\u00e1n en nueve bimestres, y para ello se firm\u00f3 un acuerdo con la Universidad IEU, perteneciente al grupo franco-ingl\u00e9s <em>Galileo Global Education<strong>.<\/strong><\/em><\/p>\n<p>Los egresados contar\u00e1n con t\u00edtulo de t\u00e9cnico superior universitario en gesti\u00f3n de servicio de aviaci\u00f3n,<strong> s<\/strong>eguridad y hospitalidad avalado por la Secretar\u00eda de Educaci\u00f3n P\u00fablica (SEP), y obtendr\u00e1n licencia de sobrecargo de aviaci\u00f3n.<\/p>\n<p>Los interesados en dichos estudios pueden obtener informaci\u00f3n en www.aeromexicoformacion.com<\/p>\n<p>\u2730\u2730\u2730\u2730\u2730 \u00bfTe gusta el futbol?, es tiempo de participar para ganar uno de los cinco viajes\u00a0 dobles para ver el partido del <em>Manchester United<\/em> contra el Real Madrid a celebrarse el pr\u00f3ximo 31 de julio en Miami, Florida.<\/p>\n<p>Con el patrocinador oficial de la <em>Internacional Champions Cup<\/em> (ICC), <em>Mastercard, <\/em>y Hoteles <em>City Express<\/em> por medio de <em>City<\/em> Premios, programa de lealtad de la cadena. Los socios que se hospeden en alguno de los 132 hoteles de la cadena en M\u00e9xico, y realicen su pago con una tarjeta de la marca mencionada.<\/p>\n<p><strong>Jos\u00e9 Luis Carrete<\/strong>, director de Innovaci\u00f3n digital de la cadena hotelera dijo: \u201dactualmente, tenemos m\u00e1s de 700 mil socios registrados en <em>City<\/em> Premios, quienes obtienen beneficios exclusivos antes, durante y despu\u00e9s de su estancia. Esta promoci\u00f3n en conjunto con las tarjetas <em>Mastercard<\/em>, es una experiencia <em>priceless<\/em> que nuestros socios podr\u00e1n vivir al preferir nuestros hoteles y realizar sus pagos con tarjetas de d\u00e9bito y cr\u00e9dito\u201d.<\/p>\n<p>La din\u00e1mica se llevar\u00e1 a cabo del 1 al 17 de junio, y consta en dos etapas: la primera es realizar el mayor n\u00famero de transacciones con una tarjeta de d\u00e9bito o cr\u00e9dito\u00a0 de la marca en Hoteles <em>City Express<\/em> y, la segunda, contestar una serie de preguntas referente a los equipos de futbol de la ICC. Adicional, los socios disfrutar\u00e1n de un tour privado por la ciudad o una <em>shopping <\/em>experience (experiencia de compras)*.<\/p>\n<p>\u2730\u2730\u2730\u2730\u2730 <strong>Patrick<\/strong> <strong>Alexandre<\/strong>, vicepresidente de ventas y alianzas comerciales de <em>Air France-KLM<\/em>, anuncio que: \u201c<em>Qantas<\/em> y <em>Air France<\/em> tendr\u00e1n m\u00e1s opciones para viajar entre Europa y Australia con la renovaci\u00f3n del acuerdo de c\u00f3digo compartido. Estamos muy contentos de restablecer la asociaci\u00f3n con la que podremos ofrecer una de las mejores soluciones de viajes posibles para sus clientes de Europa a Australia\u201d.<\/p>\n<p>El acuerdo est\u00e1 disponible para que los usuarios realicen sus reservaciones a partir de ma\u00f1ana martes 5 de junio para viajar a partir del 20 de julio.<\/p>\n<p><em>Air France<\/em> agregar\u00e1 los vuelos de <em>Qantas<\/em> entre Hong Kong-Sydney, Melbourne-Brisbane, Singapur-Sydney-Melbourne y Brisbane-Perth. Y <em>Qantas<\/em> agregar\u00e1 su c\u00f3digo a los vuelos operados por <em>Air France<\/em> entre Singapur-Hong Kong-Charles de Gaulle, como una continuaci\u00f3n de los vuelos desde Sydney, Brisbane, Melbourne y Perth.<\/p>\n<p><em><a href=\"mailto:victoriagprado@gmail.com\" target=\"_blank\" rel=\"noopener\">victoriagprado@gmail.com<\/a><\/em><br \/>\n<em> Twitter: <a href=\"https:\/\/twitter.com\/victoriagprado\" target=\"_blank\" rel=\"noopener\">@victoriagprado<\/a><\/em><\/p>\n","protected":false},"excerpt":{"rendered":"<p>En los pr\u00f3ximos 10 a\u00f1os, Aerom\u00e9xico requerir\u00e1 entre 60 y 70 por ciento m\u00e1s pilotos y sobrecargos, pues se tiene planeado incorporar 200 aviones m\u00e1s a su flota. Inform\u00f3 <strong>Andr\u00e9s Conesa<\/strong>, director general de Grupo Aerom\u00e9xico, y explic\u00f3 que actualmente cuenta con dos mil pilotos y 4 mil sobrecargos y, \u201cdependiendo del tiempo que tome la construcci\u00f3n del aeropuerto, depender\u00e1 el crecimiento de la aerol\u00ednea\u201d.<\/p>\n","protected":false},"author":3,"featured_media":379708,"comment_status":"open","ping_status":"open","sticky":false,"template":"","format":"standard","meta":{"_monsterinsights_skip_tracking":false,"_monsterinsights_sitenote_active":false,"_monsterinsights_sitenote_note":"","_monsterinsights_sitenote_category":0,"footnotes":""},"categories":[11],"tags":[107,43674,43681,106],"class_list":["post-379624","post","type-post","status-publish","format-standard","has-post-thumbnail","hentry","category-turismo","tag-de-cinco-estrellas","tag-opinion","tag-turismo","tag-victoria-gonzalez-prado"],"_links":{"self":[{"href":"https:\/\/www.diarioimagen.net\/index.php?rest_route=\/wp\/v2\/posts\/379624","targetHints":{"allow":["GET"]}}],"collection":[{"href":"https:\/\/www.diarioimagen.net\/index.php?rest_route=\/wp\/v2\/posts"}],"about":[{"href":"https:\/\/www.diarioimagen.net\/index.php?rest_route=\/wp\/v2\/types\/post"}],"author":[{"embeddable":true,"href":"https:\/\/www.diarioimagen.net\/index.php?rest_route=\/wp\/v2\/users\/3"}],"replies":[{"embeddable":true,"href":"https:\/\/www.diarioimagen.net\/index.php?rest_route=%2Fwp%2Fv2%2Fcomments&post=379624"}],"version-history":[{"count":0,"href":"https:\/\/www.diarioimagen.net\/index.php?rest_route=\/wp\/v2\/posts\/379624\/revisions"}],"wp:featuredmedia":[{"embeddable":true,"href":"https:\/\/www.diarioimagen.net\/index.php?rest_route=\/wp\/v2\/media\/379708"}],"wp:attachment":[{"href":"https:\/\/www.diarioimagen.net\/index.php?rest_route=%2Fwp%2Fv2%2Fmedia&parent=379624"}],"wp:term":[{"taxonomy":"category","embeddable":true,"href":"https:\/\/www.diarioimagen.net\/index.php?rest_route=%2Fwp%2Fv2%2Fcategories&post=379624"},{"taxonomy":"post_tag","embeddable":true,"href":"https:\/\/www.diarioimagen.net\/index.php?rest_route=%2Fwp%2Fv2%2Ftags&post=379624"}],"curies":[{"name":"wp","href":"https:\/\/api.w.org\/{rel}","templated":true}]}}