{"id":379755,"date":"2018-06-07T00:05:07","date_gmt":"2018-06-07T05:05:07","guid":{"rendered":"http:\/\/www.diarioimagen.net\/?p=379755"},"modified":"2018-06-07T23:38:24","modified_gmt":"2018-06-08T04:38:24","slug":"sube-a-7-la-cifra-de-muertos-tras-explosion-de-polvorin-en-tultepec","status":"publish","type":"post","link":"https:\/\/www.diarioimagen.net\/?p=379755","title":{"rendered":"Suben a siete los muertos por la explosi\u00f3n de polvor\u00edn en Tultepec"},"content":{"rendered":"<ul>\n<li><strong><em>Hay nueve lesionados<\/em><\/strong><\/li>\n<\/ul>\n<p>&nbsp;<\/p>\n<div id=\"attachment_379756\" style=\"width: 470px\" class=\"wp-caption aligncenter\"><img loading=\"lazy\" decoding=\"async\" aria-describedby=\"caption-attachment-379756\" class=\"wp-image-379756 size-large\" src=\"http:\/\/www.diarioimagen.net\/wp-content\/uploads\/2018\/06\/EXPLOSION7-PORTAL-460x268.jpg\" alt=\"\" width=\"460\" height=\"268\" srcset=\"https:\/\/www.diarioimagen.net\/wp-content\/uploads\/2018\/06\/EXPLOSION7-PORTAL-460x268.jpg 460w, https:\/\/www.diarioimagen.net\/wp-content\/uploads\/2018\/06\/EXPLOSION7-PORTAL-240x140.jpg 240w, https:\/\/www.diarioimagen.net\/wp-content\/uploads\/2018\/06\/EXPLOSION7-PORTAL.jpg 480w\" sizes=\"auto, (max-width: 460px) 100vw, 460px\" \/><p id=\"caption-attachment-379756\" class=\"wp-caption-text\">Asciende a 7 el n\u00famero de muertos y nueve lesionados por la explosi\u00f3n de un polvor\u00edn en Tultepec.<\/p><\/div>\n<p>&nbsp;<\/p>\n<p>La Fiscal\u00eda General de Justicia del Estado de M\u00e9xico (FGE) inform\u00f3 que ascendi\u00f3 a 7 el n\u00famero las personas que perdieron la vida y nueve lesionados a consecuencia de la explosi\u00f3n de un almac\u00e9n clandestino de p\u00f3lvora en Tultepec, y que ya se inici\u00f3 una carpeta de investigaci\u00f3n por estos hechos.<\/p>\n<p>\u201cGeneralmente eso sucede cuando se trata de talleres o almacenes clandestinos de p\u00f3lvora. Tenemos siete personas muertas, nueve lesionadas y cerca de 93 casas e inmuebles aleda\u00f1os con da\u00f1os; de \u00e9stas algunas con afectaciones estructurales y tendr\u00e1n que ser demolidas o reconstruidas\u201d, detall\u00f3 el fiscal general, Alejandro G\u00f3mez S\u00e1nchez.<\/p>\n<p>Se\u00f1al\u00f3 que tambi\u00e9n hay una cantidad importante, a\u00fan no cuantificada, de veh\u00edculos afectados que estaban estacionados en las inmediaciones al accidente.<\/p>\n<p>Tras confirmar que tres integrantes de la familia propietaria del inmueble siniestrado fallecieron, al igual que un hombre a\u00fan no identificado, coment\u00f3 que los heridos son atendidos en el Hospital de Alta Especialidad de Zumpango y en Vicente Villada, de Cuautitl\u00e1n Izcalli.<\/p>\n<p>\u201cSe est\u00e1n haciendo las diligencias correspondientes, estamos agilizando los estudios de necropsia para la devoluci\u00f3n de cuerpos lo antes posible. El municipio ya anunci\u00f3 que participar\u00e1n en los gastos funerarios de las personas que fallecieron y en el seguimiento de los heridos\u201d, mencion\u00f3.<\/p>\n<p>G\u00f3mez S\u00e1nchez indic\u00f3 que la Fiscal\u00eda estatal inici\u00f3 la carpeta correspondiente, de la cual dar\u00e1 cuenta al Ministerio P\u00fablico Federal, pues al tratarse de p\u00f3lvora -explic\u00f3- tiene que ver con el orden federal.<\/p>\n","protected":false},"excerpt":{"rendered":"<p>La Fiscal\u00eda General de Justicia del Estado de M\u00e9xico (FGE) inform\u00f3 que ascendi\u00f3 a 7 el n\u00famero las personas que perdieron la vida y nueve lesionados a consecuencia de la explosi\u00f3n de un almac\u00e9n clandestino de p\u00f3lvora en Tultepec, y que ya se inici\u00f3 una carpeta de investigaci\u00f3n por estos hechos.<\/p>\n","protected":false},"author":5,"featured_media":379756,"comment_status":"open","ping_status":"open","sticky":false,"template":"","format":"standard","meta":{"_monsterinsights_skip_tracking":false,"_monsterinsights_sitenote_active":false,"_monsterinsights_sitenote_note":"","_monsterinsights_sitenote_category":0,"footnotes":""},"categories":[5],"tags":[74569,43675,74570,56694,3802],"class_list":["post-379755","post","type-post","status-publish","format-standard","has-post-thumbnail","hentry","category-estado-de-mexico","tag-7-la-cifra-de-muertos","tag-estado-de-mexico","tag-explosion-de-polvorin","tag-polvorin","tag-tultepec"],"_links":{"self":[{"href":"https:\/\/www.diarioimagen.net\/index.php?rest_route=\/wp\/v2\/posts\/379755","targetHints":{"allow":["GET"]}}],"collection":[{"href":"https:\/\/www.diarioimagen.net\/index.php?rest_route=\/wp\/v2\/posts"}],"about":[{"href":"https:\/\/www.diarioimagen.net\/index.php?rest_route=\/wp\/v2\/types\/post"}],"author":[{"embeddable":true,"href":"https:\/\/www.diarioimagen.net\/index.php?rest_route=\/wp\/v2\/users\/5"}],"replies":[{"embeddable":true,"href":"https:\/\/www.diarioimagen.net\/index.php?rest_route=%2Fwp%2Fv2%2Fcomments&post=379755"}],"version-history":[{"count":0,"href":"https:\/\/www.diarioimagen.net\/index.php?rest_route=\/wp\/v2\/posts\/379755\/revisions"}],"wp:featuredmedia":[{"embeddable":true,"href":"https:\/\/www.diarioimagen.net\/index.php?rest_route=\/wp\/v2\/media\/379756"}],"wp:attachment":[{"href":"https:\/\/www.diarioimagen.net\/index.php?rest_route=%2Fwp%2Fv2%2Fmedia&parent=379755"}],"wp:term":[{"taxonomy":"category","embeddable":true,"href":"https:\/\/www.diarioimagen.net\/index.php?rest_route=%2Fwp%2Fv2%2Fcategories&post=379755"},{"taxonomy":"post_tag","embeddable":true,"href":"https:\/\/www.diarioimagen.net\/index.php?rest_route=%2Fwp%2Fv2%2Ftags&post=379755"}],"curies":[{"name":"wp","href":"https:\/\/api.w.org\/{rel}","templated":true}]}}