{"id":379767,"date":"2018-06-07T00:13:42","date_gmt":"2018-06-07T05:13:42","guid":{"rendered":"http:\/\/www.diarioimagen.net\/?p=379767"},"modified":"2018-06-07T01:35:16","modified_gmt":"2018-06-07T06:35:16","slug":"activan-contingencia-ambiental-en-el-valle-de-mexico","status":"publish","type":"post","link":"https:\/\/www.diarioimagen.net\/?p=379767","title":{"rendered":"Activan Fase 1 de Contingencia Ambiental en el Valle de M\u00e9xico"},"content":{"rendered":"<ul>\n<li><strong><em>Primera del a\u00f1o<\/em><\/strong><\/li>\n<li><em><strong>Este jueves no circula ning\u00fan auto con holograma 2<\/strong><\/em><\/li>\n<\/ul>\n<p>&nbsp;<\/p>\n<div id=\"attachment_379768\" style=\"width: 470px\" class=\"wp-caption aligncenter\"><img loading=\"lazy\" decoding=\"async\" aria-describedby=\"caption-attachment-379768\" class=\"wp-image-379768 size-large\" src=\"http:\/\/www.diarioimagen.net\/wp-content\/uploads\/2018\/06\/CONTINGENCIA7-portal-460x268.jpg\" alt=\"\" width=\"460\" height=\"268\" srcset=\"https:\/\/www.diarioimagen.net\/wp-content\/uploads\/2018\/06\/CONTINGENCIA7-portal-460x268.jpg 460w, https:\/\/www.diarioimagen.net\/wp-content\/uploads\/2018\/06\/CONTINGENCIA7-portal-240x140.jpg 240w, https:\/\/www.diarioimagen.net\/wp-content\/uploads\/2018\/06\/CONTINGENCIA7-portal.jpg 480w\" sizes=\"auto, (max-width: 460px) 100vw, 460px\" \/><p id=\"caption-attachment-379768\" class=\"wp-caption-text\">La Came activ\u00f3 la Fase 1 de Contingencia Ambiental en el Valle de M\u00e9xico, la cual estar\u00e1 vigente a partir de este jueves.<\/p><\/div>\n<p>&nbsp;<\/p>\n<p>La Comisi\u00f3n Ambiental de la Megal\u00f3polis (Came) activ\u00f3 la Fase 1 de Contingencia Ambiental en el Valle de M\u00e9xico, que estar\u00e1 vigente a partir de este jueves 7 de junio.<\/p>\n<p>Este jueves no podr\u00e1 circular, entre las 5:00 y las 22:00 horas, ning\u00fan autom\u00f3vil con holograma 2 de verificaci\u00f3n vehicular, los autom\u00f3viles con holograma 1 de verificaci\u00f3n, cuya terminaci\u00f3n de placa sea n\u00famero non.<\/p>\n<p>Tampoco podr\u00e1n salir a la calle, entre las 6:00 y las 10:00 horas, las unidades de transporte de carga con placa federal.<\/p>\n<p>La Came inform\u00f3 que a las 16:00 horas de ayer mi\u00e9rcoles se registr\u00f3 un valor de 162 puntos en el \u00cdndice de Calidad del Aire (166 partes por bill\u00f3n) en la estaci\u00f3n Pedregal, delegaci\u00f3n \u00c1. Obreg\u00f3n.<\/p>\n<p>Para hoy jueves, el Pron\u00f3stico de Calidad del Aire de la Ciudad de M\u00e9xico indica que las condiciones continuar\u00e1n desfavorables para la dispersi\u00f3n de los contaminantes. Esto se debe, explic\u00f3 la Came, a la presencia de un sistema de alta presi\u00f3n que afecta el centro del pa\u00eds y que hoy se fortaleci\u00f3, ocasionando viento d\u00e9bil y escasa dispersi\u00f3n de contaminantes, as\u00ed como a las altas temperaturas y m\u00e1s radiaci\u00f3n solar.<\/p>\n<p>La Came recomend\u00f3 que, mientras se mantengan niveles altos de contaminaci\u00f3n, los ni\u00f1os, adultos mayores, mujeres embarazadas y personas con problemas respiratorios y cardiovasculares permanezcan en interiores entre las 13:00 y las 19:00 horas. Los alumnos de centros escolares y la poblaci\u00f3n en general deben evitar actividades c\u00edvicas, culturales, deportivas y de recreo al aire libre entre las 13:00 y las 19:00 horas.<\/p>\n<p>Todos los veh\u00edculos automotores de servicio particular con placas de circulaci\u00f3n del extranjero o de otras entidades federativas que no porten el holograma de verificaci\u00f3n \u201c00\u201d, \u201c0\u201d o Exento, ser\u00e1n considerados como holograma de verificaci\u00f3n 2, por lo que deber\u00e1n suspender su circulaci\u00f3n de las 5:00 a las 22:00 horas.<\/p>\n<p>Todos los veh\u00edculos destinados al servicio de transporte de carga con placa federal o local, deber\u00e1n de acatar la restricci\u00f3n a la circulaci\u00f3n de las 06:00 a las 10:00 horas.<\/p>\n<p>Todos los veh\u00edculos de reparto de gasolina, di\u00e9sel y gas licuado de petr\u00f3leo con holograma 1 y 2 terminaci\u00f3n de placa de circulaci\u00f3n NON deber\u00e1n suspender su circulaci\u00f3n de las 5:00 a las 22:00 horas.<\/p>\n<p>La industria de competencia federal (a trav\u00e9s de Procuradur\u00eda Federal de Protecci\u00f3n al Ambiente) y local (a trav\u00e9s de PROPAEM o DGVA-SEDEMA) que se encuentre ubicada en la Zona Metropolitana del Valle de M\u00e9xico que tengan procesos que emitan precursores de ozono sin equipos de control de emisiones, quedan obligadas a reducir sus emisiones entre el 30 por ciento y 40 por ciento de su l\u00ednea base, de manera inmediata a la declaratoria de la Fase I de Contingencia.<\/p>\n<p>Asimismo, aquellas industrias y establecimientos de servicio que utilicen productos que contienen compuestos org\u00e1nicos vol\u00e1tiles (COVs) para limpieza o desengrase y que no cuentan con control de emisiones, deber\u00e1n suspender sus actividades.<\/p>\n<p>Todos los establecimientos de servicios con excepci\u00f3n de hospitales, que no cuenten con sistemas de control de emisiones de precursores de ozono, deber\u00e1n reducir la operaci\u00f3n de sus calderas en un 30 por ciento.<\/p>\n","protected":false},"excerpt":{"rendered":"<p>La Comisi\u00f3n Ambiental de la Megal\u00f3polis (Came) activ\u00f3 la Fase 1 de Contingencia Ambiental en el Valle de M\u00e9xico, que estar\u00e1 vigente a partir de este jueves 7 de junio.<\/p>\n","protected":false},"author":5,"featured_media":379768,"comment_status":"open","ping_status":"open","sticky":false,"template":"","format":"standard","meta":{"_monsterinsights_skip_tracking":false,"_monsterinsights_sitenote_active":false,"_monsterinsights_sitenote_note":"","_monsterinsights_sitenote_category":0,"footnotes":""},"categories":[6],"tags":[74579,204,49632,74578,43673,74577,34],"class_list":["post-379767","post","type-post","status-publish","format-standard","has-post-thumbnail","hentry","category-cd-de-mexico","tag-ambiental-de-la-megalopolis","tag-ciudad-de-mexico","tag-contingencia-ambiental","tag-fase-1-de-contingencia-ambiental","tag-nacional","tag-ningun-auto-con-holograma-2","tag-valle-de-mexico"],"_links":{"self":[{"href":"https:\/\/www.diarioimagen.net\/index.php?rest_route=\/wp\/v2\/posts\/379767","targetHints":{"allow":["GET"]}}],"collection":[{"href":"https:\/\/www.diarioimagen.net\/index.php?rest_route=\/wp\/v2\/posts"}],"about":[{"href":"https:\/\/www.diarioimagen.net\/index.php?rest_route=\/wp\/v2\/types\/post"}],"author":[{"embeddable":true,"href":"https:\/\/www.diarioimagen.net\/index.php?rest_route=\/wp\/v2\/users\/5"}],"replies":[{"embeddable":true,"href":"https:\/\/www.diarioimagen.net\/index.php?rest_route=%2Fwp%2Fv2%2Fcomments&post=379767"}],"version-history":[{"count":0,"href":"https:\/\/www.diarioimagen.net\/index.php?rest_route=\/wp\/v2\/posts\/379767\/revisions"}],"wp:featuredmedia":[{"embeddable":true,"href":"https:\/\/www.diarioimagen.net\/index.php?rest_route=\/wp\/v2\/media\/379768"}],"wp:attachment":[{"href":"https:\/\/www.diarioimagen.net\/index.php?rest_route=%2Fwp%2Fv2%2Fmedia&parent=379767"}],"wp:term":[{"taxonomy":"category","embeddable":true,"href":"https:\/\/www.diarioimagen.net\/index.php?rest_route=%2Fwp%2Fv2%2Fcategories&post=379767"},{"taxonomy":"post_tag","embeddable":true,"href":"https:\/\/www.diarioimagen.net\/index.php?rest_route=%2Fwp%2Fv2%2Ftags&post=379767"}],"curies":[{"name":"wp","href":"https:\/\/api.w.org\/{rel}","templated":true}]}}