{"id":379805,"date":"2018-06-07T00:08:15","date_gmt":"2018-06-07T05:08:15","guid":{"rendered":"http:\/\/www.diarioimagen.net\/?p=379805"},"modified":"2018-06-07T23:38:41","modified_gmt":"2018-06-08T04:38:41","slug":"firma-del-mazo-decreto-que-agiliza-adopciones-en-edomex","status":"publish","type":"post","link":"https:\/\/www.diarioimagen.net\/?p=379805","title":{"rendered":"Firma Del Mazo decreto que agiliza adopciones en Edomex"},"content":{"rendered":"<ul>\n<li><em><strong>Mayor protecci\u00f3n a los menores en situaci\u00f3n de abandono<\/strong><\/em><\/li>\n<li><em><strong>Modificaciones acortan el tiempo en el proceso, de 36 a ocho meses<\/strong><\/em><\/li>\n<\/ul>\n<p>&nbsp;<\/p>\n<div id=\"attachment_379904\" style=\"width: 470px\" class=\"wp-caption aligncenter\"><a href=\"http:\/\/www.diarioimagen.net\/?attachment_id=379904\" rel=\"attachment wp-att-379904\"><img loading=\"lazy\" decoding=\"async\" aria-describedby=\"caption-attachment-379904\" class=\"size-large wp-image-379904\" src=\"http:\/\/www.diarioimagen.net\/wp-content\/uploads\/2018\/06\/DEL-MAZO7-3384-460x259.jpg\" alt=\"\" width=\"460\" height=\"259\" srcset=\"https:\/\/www.diarioimagen.net\/wp-content\/uploads\/2018\/06\/DEL-MAZO7-3384-460x259.jpg 460w, https:\/\/www.diarioimagen.net\/wp-content\/uploads\/2018\/06\/DEL-MAZO7-3384-240x135.jpg 240w, https:\/\/www.diarioimagen.net\/wp-content\/uploads\/2018\/06\/DEL-MAZO7-3384-235x132.jpg 235w, https:\/\/www.diarioimagen.net\/wp-content\/uploads\/2018\/06\/DEL-MAZO7-3384-202x114.jpg 202w, https:\/\/www.diarioimagen.net\/wp-content\/uploads\/2018\/06\/DEL-MAZO7-3384-350x196.jpg 350w, https:\/\/www.diarioimagen.net\/wp-content\/uploads\/2018\/06\/DEL-MAZO7-3384-220x123.jpg 220w, https:\/\/www.diarioimagen.net\/wp-content\/uploads\/2018\/06\/DEL-MAZO7-3384-237x132.jpg 237w, https:\/\/www.diarioimagen.net\/wp-content\/uploads\/2018\/06\/DEL-MAZO7-3384.jpg 480w\" sizes=\"auto, (max-width: 460px) 100vw, 460px\" \/><\/a><p id=\"caption-attachment-379904\" class=\"wp-caption-text\">Alfredo Del Mazo firm\u00f3 el decreto de ley de familias fuertes, una reforma legal que agiliza y acorta el tiempo de las adopciones en la entidad.<\/p><\/div>\n<p>&nbsp;<\/p>\n<p><strong>Chicoloapan, Estado de M\u00e9xico<\/strong>.- El gobernador del Estado de M\u00e9xico, Alfredo Del Mazo, firm\u00f3 el decreto de ley de familias fuertes, una reforma legal que agiliza y acorta el tiempo de las adopciones en la entidad.<\/p>\n<p>Con estas modificaciones a la ley se brinda adem\u00e1s mayor protecci\u00f3n a los menores en situaci\u00f3n de abandono, al permitirles integrarse a un hogar donde sean tratados con cari\u00f1o y respeto.<\/p>\n<p>\u201cGracias a esta reforma aprobada por unanimidad por el Congreso del estado, damos una mayor protecci\u00f3n a las ni\u00f1as y ni\u00f1os vulnerables, permitiendo que se integren con rapidez a un hogar en el que sean tratados con respeto, y donde el amor que reciban sea su mayor apoyo y fortaleza para convertirse en mujeres y hombres de bien\u201d, expres\u00f3.<\/p>\n<p>En tanto, la presidenta honoraria del DIFEM se\u00f1al\u00f3 que esta iniciativa cobra gran relevancia al permitir a los menores recibir m\u00e1s amor y protecci\u00f3n, pues el tiempo que lleva el proceso de adopci\u00f3n se reduce significativamente, lo cual, consider\u00f3, representa m\u00e1s amor para ellos.<\/p>\n<p>\u201cReduce los tiempos en los procesos administrativos y judiciales, de 36 a ocho meses. Lo que se traduce en dos a\u00f1os m\u00e1s de abrazos, de amor y de cari\u00f1o para cada uno de estos peque\u00f1os\u201d.<\/p>\n<p>Agreg\u00f3 que el DIFEM tiene el objetivo de procurar un mejor destino a los ni\u00f1os en situaci\u00f3n de desamparo, por lo cual este organismo busca las v\u00edas necesarias para brindar una mejor perspectiva en el futuro de las ni\u00f1as y los ni\u00f1os que se encuentran en los albergues a cargo del estado.<\/p>\n<p>\u201cNuestra misi\u00f3n es dar una oportunidad de vida, es cambiar su destino, siempre acompa\u00f1ado de dicha y de mucho amor. Las ni\u00f1as y los ni\u00f1os mexiquenses de los centros de asistencia social, son los hijos del estado, son nuestros hijos, son un compromiso de tiempo completo que asumimos con mucha dedicaci\u00f3n\u201d.<\/p>\n<p>En el Centro de Asistencia Social \u201cAyudante al Ni\u00f1o\u201d, en Chicoloapan, el mandatario estatal firm\u00f3 el Decreto 311, mediante el cual se reforman diversas disposiciones en materia de adopciones, y explic\u00f3 que esta iniciativa est\u00e1 alineada con los objetivos del gobierno de la Rep\u00fablica para proteger\u00a0 los derechos de los menores, y que por medio de la misma se reforman: la Ley de los Derechos de Ni\u00f1as, Ni\u00f1os y Adolescentes del Estado de M\u00e9xico; la Ley que regula los Centros de Asistencia Social y las Adopciones en el Estado de M\u00e9xico; el C\u00f3digo Civil de la entidad y el C\u00f3digo de Procedimientos Civiles estatal.<\/p>\n<p>Enfatiz\u00f3 que mediante la reforma a la Ley de los Derechos de Ni\u00f1as, Ni\u00f1os y Adolescentes, se crea la figura de la Familia Ampliada, compuesta por personas que no tienen parentesco con los menores, pero los quieren como si fueran propios y pueden restituir su derecho a vivir en familia.<\/p>\n<p>Dentro de las modificaciones a esta Ley, precis\u00f3, tambi\u00e9n se ampl\u00edan los requisitos para ocupar el cargo de Procurador estatal o municipal de protecci\u00f3n de ni\u00f1as, ni\u00f1os y adolescentes, y ahora los aspirantes deben comprobar experiencia en temas de derechos y atenci\u00f3n de la ni\u00f1ez, adem\u00e1s de tener una trayectoria ejemplar que garantice su compromiso con la infancia.<\/p>\n<p>Ante los Presidentes del Congreso local, del Tribunal Superior de Justicia y de la Comisi\u00f3n de Derechos Humanos estatal, el Gobernador se\u00f1al\u00f3 que, a efecto de\u00a0 robustecer la tarea de las procuradur\u00edas, a trav\u00e9s de la reforma a la Ley que Regula los Centros de Asistencia Social, fue derogado el Consejo Mexiquense de Adopciones, mientras que\u00a0 la Junta Multidisciplinaria fue fortalecida y tendr\u00e1 la\u00a0 responsabilidad de regularizar la situaci\u00f3n legal de los menores vulnerados y dar\u00e1 mayor transparencia a los procesos de adopci\u00f3n.<\/p>\n<p>Asimismo, indic\u00f3 que con las modificaciones a esta ley se alinean\u00a0 los procesos de operaci\u00f3n de los 57 centros de asistencia social, p\u00fablicos y privados, con las Directrices Sobre Modalidades Alternativas de Cuidado de los Ni\u00f1os, propuestas por la Organizaci\u00f3n de las Naciones Unidas.<\/p>\n<p>Tambi\u00e9n destac\u00f3 que la Reforma al C\u00f3digo de Procedimientos Civiles estatal, es la de mayor relevancia, pues a trav\u00e9s del Juicio Sumario de Conclusi\u00f3n de Patria Potestad, se reduce en forma considerable los tiempos de adopci\u00f3n, y da a los menores m\u00e1s posibilidades que nunca para integrarse a una familia, ya que a partir de ahora los tr\u00e1mites se concentran en un solo proceso.<\/p>\n<p>\u201cGracias a estos juicios es que hoy se puede hacer realidad que muchos ni\u00f1os y muchas familias, que buscan hacerle hogar a estos hijos, puedan hacerlo con prontitud. Uno de los temas m\u00e1s relevantes es precisamente el tiempo que transcurr\u00eda, de m\u00e1s de 36 meses para poder adoptar a una ni\u00f1a o un ni\u00f1o y el d\u00eda de hoy se reduce a menos de ocho meses para que una familia pueda estar unida y brindando amor a sus hijos\u201d, puntualiz\u00f3.<\/p>\n<p>El mandatario mexiquense reconoci\u00f3 al Congreso estatal y al Poder Judicial por el trabajo que realizaron en la conformaci\u00f3n y aprobaci\u00f3n de esta iniciativa y los exhort\u00f3 a continuar su labor en beneficio de la ni\u00f1ez mexiquense.<\/p>\n<p>Mientras que el Presidente del Tribunal Superior de Justicia del estado, propuso\u00a0 la creaci\u00f3n del juzgado especializado en materia de adopci\u00f3n, que ser\u00eda el primero en su tipo a nivel nacional, y que es un esfuerzo de este tribunal que se suma a los realizados para ofrecer una mejor vida a la infancia mexiquense.<\/p>\n","protected":false},"excerpt":{"rendered":"<p>El gobernador del Estado de M\u00e9xico, Alfredo Del Mazo, firm\u00f3 el decreto de ley de familias fuertes, una reforma legal que agiliza y acorta el tiempo de las adopciones en la entidad.<\/p>\n","protected":false},"author":3,"featured_media":379904,"comment_status":"open","ping_status":"open","sticky":false,"template":"","format":"standard","meta":{"_monsterinsights_skip_tracking":false,"_monsterinsights_sitenote_active":false,"_monsterinsights_sitenote_note":"","_monsterinsights_sitenote_category":0,"footnotes":""},"categories":[5],"tags":[74621,74620,2505,188,74622,43675],"class_list":["post-379805","post","type-post","status-publish","format-standard","has-post-thumbnail","hentry","category-estado-de-mexico","tag-adopciones","tag-agiliza","tag-alfredo-del-mazo-maza","tag-chicoloapan","tag-decreto","tag-estado-de-mexico"],"_links":{"self":[{"href":"https:\/\/www.diarioimagen.net\/index.php?rest_route=\/wp\/v2\/posts\/379805","targetHints":{"allow":["GET"]}}],"collection":[{"href":"https:\/\/www.diarioimagen.net\/index.php?rest_route=\/wp\/v2\/posts"}],"about":[{"href":"https:\/\/www.diarioimagen.net\/index.php?rest_route=\/wp\/v2\/types\/post"}],"author":[{"embeddable":true,"href":"https:\/\/www.diarioimagen.net\/index.php?rest_route=\/wp\/v2\/users\/3"}],"replies":[{"embeddable":true,"href":"https:\/\/www.diarioimagen.net\/index.php?rest_route=%2Fwp%2Fv2%2Fcomments&post=379805"}],"version-history":[{"count":0,"href":"https:\/\/www.diarioimagen.net\/index.php?rest_route=\/wp\/v2\/posts\/379805\/revisions"}],"wp:featuredmedia":[{"embeddable":true,"href":"https:\/\/www.diarioimagen.net\/index.php?rest_route=\/wp\/v2\/media\/379904"}],"wp:attachment":[{"href":"https:\/\/www.diarioimagen.net\/index.php?rest_route=%2Fwp%2Fv2%2Fmedia&parent=379805"}],"wp:term":[{"taxonomy":"category","embeddable":true,"href":"https:\/\/www.diarioimagen.net\/index.php?rest_route=%2Fwp%2Fv2%2Fcategories&post=379805"},{"taxonomy":"post_tag","embeddable":true,"href":"https:\/\/www.diarioimagen.net\/index.php?rest_route=%2Fwp%2Fv2%2Ftags&post=379805"}],"curies":[{"name":"wp","href":"https:\/\/api.w.org\/{rel}","templated":true}]}}