{"id":379811,"date":"2018-06-07T00:11:40","date_gmt":"2018-06-07T05:11:40","guid":{"rendered":"http:\/\/www.diarioimagen.net\/?p=379811"},"modified":"2018-06-07T03:07:24","modified_gmt":"2018-06-07T08:07:24","slug":"ni-pacto-ni-continuidad-reitera-ricardo-anaya","status":"publish","type":"post","link":"https:\/\/www.diarioimagen.net\/?p=379811","title":{"rendered":"Ni pacto, ni continuidad, reitera Ricardo Anaya"},"content":{"rendered":"<ul>\n<li><em><strong>Su apuesta es por un cambio con futuro<\/strong><\/em><\/li>\n<li><em><strong>El llamado al voto \u00fatil es a la gente, no a las c\u00fapulas, afirma<\/strong><\/em><\/li>\n<\/ul>\n<p>&nbsp;<\/p>\n<div id=\"attachment_379913\" style=\"width: 470px\" class=\"wp-caption aligncenter\"><a href=\"http:\/\/www.diarioimagen.net\/?attachment_id=379913\" rel=\"attachment wp-att-379913\"><img loading=\"lazy\" decoding=\"async\" aria-describedby=\"caption-attachment-379913\" class=\"size-large wp-image-379913\" src=\"http:\/\/www.diarioimagen.net\/wp-content\/uploads\/2018\/06\/ANAYA-3384-460x259.jpg\" alt=\"\" width=\"460\" height=\"259\" srcset=\"https:\/\/www.diarioimagen.net\/wp-content\/uploads\/2018\/06\/ANAYA-3384-460x259.jpg 460w, https:\/\/www.diarioimagen.net\/wp-content\/uploads\/2018\/06\/ANAYA-3384-240x135.jpg 240w, https:\/\/www.diarioimagen.net\/wp-content\/uploads\/2018\/06\/ANAYA-3384-235x132.jpg 235w, https:\/\/www.diarioimagen.net\/wp-content\/uploads\/2018\/06\/ANAYA-3384-202x114.jpg 202w, https:\/\/www.diarioimagen.net\/wp-content\/uploads\/2018\/06\/ANAYA-3384-350x196.jpg 350w, https:\/\/www.diarioimagen.net\/wp-content\/uploads\/2018\/06\/ANAYA-3384-220x123.jpg 220w, https:\/\/www.diarioimagen.net\/wp-content\/uploads\/2018\/06\/ANAYA-3384-237x132.jpg 237w, https:\/\/www.diarioimagen.net\/wp-content\/uploads\/2018\/06\/ANAYA-3384.jpg 480w\" sizes=\"auto, (max-width: 460px) 100vw, 460px\" \/><\/a><p id=\"caption-attachment-379913\" class=\"wp-caption-text\">Ricardo Anaya Cort\u00e9s advirti\u00f3 que no le interesa pactar con quienes representan la continuidad de este r\u00e9gimen, ni un pasado autoritario.<\/p><\/div>\n<p>&nbsp;<\/p>\n<p>El candidato de la coalici\u00f3n Por M\u00e9xico al Frente a la Presidencia de la Rep\u00fablica, Ricardo Anaya Cort\u00e9s, advirti\u00f3 que no le interesa pactar con quienes representan la continuidad de este r\u00e9gimen ni un pasado autoritario que no debe volver, pues su apuesta es por un cambio con futuro.<\/p>\n<p>De visita en Los Mochis, Sinaloa, sostuvo que el pacto para gobernar lo har\u00e1 con los ciudadanos, y que su llamado al voto \u00fatil es a toda la gente de buena voluntad, que la hay, incluso, militando en otros partidos: \u201cel llamado al voto \u00fatil es un llamado a la gente, no a las c\u00fapulas\u201d, reiter\u00f3.<\/p>\n<p>Sobre la agresi\u00f3n a marinos en Ciudad Guzm\u00e1n, Jalisco, conden\u00f3 en\u00e9rgicamente esos actos de violencia y reiter\u00f3 su solidaridad y gratitud a las fuerzas armadas. \u201cYo condeno en\u00e9rgicamente estos actos de violencia y le reitero mi solidaridad y mi gratitud a las Fuerzas Armadas, en este caso espec\u00edficamente a la Marina\u201d, enfatiz\u00f3.<\/p>\n<p>En torno a las manifestaciones de \u201cmaestros\u201d, quienes est\u00e1n vinculados al candidato de Morena, consider\u00f3 que a L\u00f3pez Obrador no le interesa mucho la educaci\u00f3n, y que no se ha entendido que el derecho superior es de las ni\u00f1as y ni\u00f1os que deber\u00edan estar teniendo clases.<\/p>\n<p>\u201cMe parece grav\u00edsima esta irresponsabilidad, de dedicarse a hacer plantones, en lugar de cumplir con su responsabilidad de estar en el aula, de estar dando clases a las ni\u00f1as y a los ni\u00f1os\u201d, anot\u00f3 el exdirigente albiazul.<\/p>\n<p>Al abordar el di\u00e1logo que sostuvo el martes con estudiantes de la Universidad Iberoamericana, invit\u00f3 a los dem\u00e1s candidatos \u201ca que demuestren que tienen con qu\u00e9 responderles a los estudiantes de la Ibero\u201d.<\/p>\n<p>Sobre la realidad de la entidad que ocupa el primer lugar de feminicidios a nivel nacional, lament\u00f3 que hoy \u201cla violencia desgarra a Sinaloa\u201d, por lo que refrend\u00f3 su compromiso de recuperar la paz y la seguridad, en contraste con el otro candidato que busca perdonar a los delincuentes.<\/p>\n<p>\u201cLas familias de Sinaloa volver\u00e1n a vivir en paz\u201d, afirm\u00f3 al adelantar que impulsar\u00e1 como nunca el deporte y la educaci\u00f3n, la creaci\u00f3n de infraestructura para conectar a Sinaloa con Texas, as\u00ed como la inversi\u00f3n y el desarrollo de las actividades productivas locales, como el turismo.<\/p>\n","protected":false},"excerpt":{"rendered":"<p>El candidato de la coalici\u00f3n Por M\u00e9xico al Frente a la Presidencia de la Rep\u00fablica, Ricardo Anaya Cort\u00e9s, advirti\u00f3 que no le interesa pactar con quienes representan la continuidad de este r\u00e9gimen ni un pasado autoritario que no debe volver, pues su apuesta es por un cambio con futuro.<\/p>\n","protected":false},"author":3,"featured_media":379913,"comment_status":"open","ping_status":"open","sticky":false,"template":"","format":"standard","meta":{"_monsterinsights_skip_tracking":false,"_monsterinsights_sitenote_active":false,"_monsterinsights_sitenote_note":"","_monsterinsights_sitenote_category":0,"footnotes":""},"categories":[3],"tags":[71973,43673,11021,74623,7347],"class_list":["post-379811","post","type-post","status-publish","format-standard","has-post-thumbnail","hentry","category-nacional","tag-continuidad","tag-nacional","tag-pacto","tag-reitera","tag-ricardo-anaya-cortes"],"_links":{"self":[{"href":"https:\/\/www.diarioimagen.net\/index.php?rest_route=\/wp\/v2\/posts\/379811","targetHints":{"allow":["GET"]}}],"collection":[{"href":"https:\/\/www.diarioimagen.net\/index.php?rest_route=\/wp\/v2\/posts"}],"about":[{"href":"https:\/\/www.diarioimagen.net\/index.php?rest_route=\/wp\/v2\/types\/post"}],"author":[{"embeddable":true,"href":"https:\/\/www.diarioimagen.net\/index.php?rest_route=\/wp\/v2\/users\/3"}],"replies":[{"embeddable":true,"href":"https:\/\/www.diarioimagen.net\/index.php?rest_route=%2Fwp%2Fv2%2Fcomments&post=379811"}],"version-history":[{"count":0,"href":"https:\/\/www.diarioimagen.net\/index.php?rest_route=\/wp\/v2\/posts\/379811\/revisions"}],"wp:featuredmedia":[{"embeddable":true,"href":"https:\/\/www.diarioimagen.net\/index.php?rest_route=\/wp\/v2\/media\/379913"}],"wp:attachment":[{"href":"https:\/\/www.diarioimagen.net\/index.php?rest_route=%2Fwp%2Fv2%2Fmedia&parent=379811"}],"wp:term":[{"taxonomy":"category","embeddable":true,"href":"https:\/\/www.diarioimagen.net\/index.php?rest_route=%2Fwp%2Fv2%2Fcategories&post=379811"},{"taxonomy":"post_tag","embeddable":true,"href":"https:\/\/www.diarioimagen.net\/index.php?rest_route=%2Fwp%2Fv2%2Ftags&post=379811"}],"curies":[{"name":"wp","href":"https:\/\/api.w.org\/{rel}","templated":true}]}}