{"id":379840,"date":"2018-06-07T00:09:08","date_gmt":"2018-06-07T05:09:08","guid":{"rendered":"http:\/\/www.diarioimagen.net\/?p=379840"},"modified":"2018-06-07T03:18:14","modified_gmt":"2018-06-07T08:18:14","slug":"gira-del-candidato-enrique-vargas-en-huixquilucan","status":"publish","type":"post","link":"https:\/\/www.diarioimagen.net\/?p=379840","title":{"rendered":"Gira del candidato Enrique Vargas en Huixquilucan"},"content":{"rendered":"<p><a href=\"http:\/\/www.diarioimagen.net\/?attachment_id=379928\" rel=\"attachment wp-att-379928\"><img loading=\"lazy\" decoding=\"async\" class=\"aligncenter size-large wp-image-379928\" src=\"http:\/\/www.diarioimagen.net\/wp-content\/uploads\/2018\/06\/HUIXQUILUCAN-3384-460x259.jpg\" alt=\"\" width=\"460\" height=\"259\" srcset=\"https:\/\/www.diarioimagen.net\/wp-content\/uploads\/2018\/06\/HUIXQUILUCAN-3384-460x259.jpg 460w, https:\/\/www.diarioimagen.net\/wp-content\/uploads\/2018\/06\/HUIXQUILUCAN-3384-240x135.jpg 240w, https:\/\/www.diarioimagen.net\/wp-content\/uploads\/2018\/06\/HUIXQUILUCAN-3384-235x132.jpg 235w, https:\/\/www.diarioimagen.net\/wp-content\/uploads\/2018\/06\/HUIXQUILUCAN-3384-202x114.jpg 202w, https:\/\/www.diarioimagen.net\/wp-content\/uploads\/2018\/06\/HUIXQUILUCAN-3384-350x196.jpg 350w, https:\/\/www.diarioimagen.net\/wp-content\/uploads\/2018\/06\/HUIXQUILUCAN-3384-220x123.jpg 220w, https:\/\/www.diarioimagen.net\/wp-content\/uploads\/2018\/06\/HUIXQUILUCAN-3384-237x132.jpg 237w, https:\/\/www.diarioimagen.net\/wp-content\/uploads\/2018\/06\/HUIXQUILUCAN-3384.jpg 480w\" sizes=\"auto, (max-width: 460px) 100vw, 460px\" \/><\/a><\/p>\n<p>&nbsp;<\/p>\n<p><strong>Huixquilucan, Estado de M\u00e9xico<\/strong><strong>.- <\/strong>El candidato a la presidencia municipal de Huixquilucan de la coalici\u00f3n Por el Estado de M\u00e9xico al Frente, Enrique Vargas del Villar, durante su gira de proselitismo, se reuni\u00f3 con vecinos de San Juan Yautepec.<\/p>\n<p>Dijo que en esta comunidad: se han destinado m\u00e1s de 7 millones de pesos en obras, se han entregado m\u00e1s de 1,400 becas y m\u00e1s de 2,700 despensas, obras de drenaje, mejoramiento del camino a Huixquilucan y otras calles, as\u00ed como rehabilitaci\u00f3n de escuelas, trabajo integral del DIF.<\/p>\n<p>&nbsp;<\/p>\n","protected":false},"excerpt":{"rendered":"<p>El candidato a la presidencia municipal de Huixquilucan de la coalici\u00f3n Por el Estado de M\u00e9xico al Frente, Enrique Vargas del Villar, durante su gira de proselitismo, se reuni\u00f3 con vecinos de San Juan Yautepec.<\/p>\n","protected":false},"author":3,"featured_media":379928,"comment_status":"open","ping_status":"open","sticky":false,"template":"","format":"standard","meta":{"_monsterinsights_skip_tracking":false,"_monsterinsights_sitenote_active":false,"_monsterinsights_sitenote_note":"","_monsterinsights_sitenote_category":0,"footnotes":""},"categories":[35155],"tags":[47218,43675,1097],"class_list":["post-379840","post","type-post","status-publish","format-standard","has-post-thumbnail","hentry","category-estado-de-mexico-estado-de-mexico","tag-enrique-vargas-del-villar","tag-estado-de-mexico","tag-huixquilucan"],"_links":{"self":[{"href":"https:\/\/www.diarioimagen.net\/index.php?rest_route=\/wp\/v2\/posts\/379840","targetHints":{"allow":["GET"]}}],"collection":[{"href":"https:\/\/www.diarioimagen.net\/index.php?rest_route=\/wp\/v2\/posts"}],"about":[{"href":"https:\/\/www.diarioimagen.net\/index.php?rest_route=\/wp\/v2\/types\/post"}],"author":[{"embeddable":true,"href":"https:\/\/www.diarioimagen.net\/index.php?rest_route=\/wp\/v2\/users\/3"}],"replies":[{"embeddable":true,"href":"https:\/\/www.diarioimagen.net\/index.php?rest_route=%2Fwp%2Fv2%2Fcomments&post=379840"}],"version-history":[{"count":0,"href":"https:\/\/www.diarioimagen.net\/index.php?rest_route=\/wp\/v2\/posts\/379840\/revisions"}],"wp:featuredmedia":[{"embeddable":true,"href":"https:\/\/www.diarioimagen.net\/index.php?rest_route=\/wp\/v2\/media\/379928"}],"wp:attachment":[{"href":"https:\/\/www.diarioimagen.net\/index.php?rest_route=%2Fwp%2Fv2%2Fmedia&parent=379840"}],"wp:term":[{"taxonomy":"category","embeddable":true,"href":"https:\/\/www.diarioimagen.net\/index.php?rest_route=%2Fwp%2Fv2%2Fcategories&post=379840"},{"taxonomy":"post_tag","embeddable":true,"href":"https:\/\/www.diarioimagen.net\/index.php?rest_route=%2Fwp%2Fv2%2Ftags&post=379840"}],"curies":[{"name":"wp","href":"https:\/\/api.w.org\/{rel}","templated":true}]}}