{"id":379844,"date":"2018-06-07T00:03:59","date_gmt":"2018-06-07T05:03:59","guid":{"rendered":"http:\/\/www.diarioimagen.net\/?p=379844"},"modified":"2018-06-07T05:41:46","modified_gmt":"2018-06-07T10:41:46","slug":"partidos-y-organizaciones-civiles-establecen-compromisos-para-prevenir-y-erradicar-trata","status":"publish","type":"post","link":"https:\/\/www.diarioimagen.net\/?p=379844","title":{"rendered":"Partidos y organizaciones civiles establecen compromisos para prevenir y erradicar trata"},"content":{"rendered":"<ul>\n<li><strong><em>Ana Balderas, abanderada del Frente, se incorpora a la red<\/em><\/strong><\/li>\n<\/ul>\n<p>&nbsp;<\/p>\n<div id=\"attachment_379945\" style=\"width: 470px\" class=\"wp-caption aligncenter\"><a href=\"http:\/\/www.diarioimagen.net\/?attachment_id=379945\" rel=\"attachment wp-att-379945\"><img loading=\"lazy\" decoding=\"async\" aria-describedby=\"caption-attachment-379945\" class=\"size-large wp-image-379945\" src=\"http:\/\/www.diarioimagen.net\/wp-content\/uploads\/2018\/06\/ana-3384-460x259.jpg\" alt=\"\" width=\"460\" height=\"259\" srcset=\"https:\/\/www.diarioimagen.net\/wp-content\/uploads\/2018\/06\/ana-3384-460x259.jpg 460w, https:\/\/www.diarioimagen.net\/wp-content\/uploads\/2018\/06\/ana-3384-240x135.jpg 240w, https:\/\/www.diarioimagen.net\/wp-content\/uploads\/2018\/06\/ana-3384-235x132.jpg 235w, https:\/\/www.diarioimagen.net\/wp-content\/uploads\/2018\/06\/ana-3384-202x114.jpg 202w, https:\/\/www.diarioimagen.net\/wp-content\/uploads\/2018\/06\/ana-3384-350x196.jpg 350w, https:\/\/www.diarioimagen.net\/wp-content\/uploads\/2018\/06\/ana-3384-220x123.jpg 220w, https:\/\/www.diarioimagen.net\/wp-content\/uploads\/2018\/06\/ana-3384-237x132.jpg 237w, https:\/\/www.diarioimagen.net\/wp-content\/uploads\/2018\/06\/ana-3384.jpg 480w\" sizes=\"auto, (max-width: 460px) 100vw, 460px\" \/><\/a><p id=\"caption-attachment-379945\" class=\"wp-caption-text\">Ana Balderas Trejo, candidata por el Frente a esta alcald\u00eda, destac\u00f3 que va incorporar algunas modificaciones\u00a0 para\u00a0\u00a0combatir la trata de personas.<\/p><\/div>\n<p>&nbsp;<\/p>\n<p><strong>Atizap\u00e1n, Estado de M\u00e9xico.<\/strong>&#8211; Al grito unido de \u201cNi una m\u00e1s\u201d, ayer se llev\u00f3 a cabo la firma de Compromisos de Colaboraci\u00f3n para la Prevenci\u00f3n y Erradicaci\u00f3n de la Trata de Personas en la Comisi\u00f3n Unidos Vs Trata y los Candidatos de la Coalici\u00f3n por el Estado de M\u00e9xico al Frente, de Atizap\u00e1n de Zaragoza.<\/p>\n<p>De acuerdo\u00a0al \u00cdndice Global de Esclavitud 2016 (IGE), difundido por la Fundaci\u00f3n \u201cWalk Free\u201d, se estima que 45 millones 800 mil personas viven esta situaci\u00f3n, de las cuales 376 mil 800 habitan en M\u00e9xico, donde ni\u00f1os, hombres y mujeres son obligados al trabajo sin remuneraci\u00f3n, explotaci\u00f3n sexual e incluso a mendigar.<\/p>\n<p>Ana Balderas Trejo, candidata a la presidencia municipal de esta alcald\u00eda, destac\u00f3 la importancia de esta firma de compromisos, y mencion\u00f3 que se tiene contemplado incorporar algunas modificaciones al Bando Municipal para que Atizap\u00e1n sea el primer municipio del Estado de M\u00e9xico en implementar una serie de acciones para\u00a0\u00a0combatir la trata de personas.<\/p>\n<p>En su intervenci\u00f3n, la candidata a diputada plurinominal,\u00a0Ingrid Schemelensky Castro, detall\u00f3 que el problema social de la trata de personas lastima a la sociedad, por lo que se tiene la gran responsabilidad de atender este delito con la creaci\u00f3n de pol\u00edticas p\u00fablicas a favor de las mujeres lastimadas en los 125 municipios del Estado de M\u00e9xico.<\/p>\n<p>Por su parte, Rosi Orozco, presidenta de la Comisi\u00f3n\u00a0\u201cUnidos vs la Trata de Personas A.C.\u201d, expres\u00f3 que \u201ccandidatos que se comprometen a acabar con esto se est\u00e1n enfrentando a mafias y el luchar contra la delincuencia es un acto valiente. Mi reconocimiento para ellos,\u00a0\u00a0porque se\u00a0\u00a0est\u00e1n comprometiendo a que \u00e9stas alcald\u00edas sean las primeras en Am\u00e9rica Latina en combatir de lleno este delito\u201d.<\/p>\n<p>En el evento, tambi\u00e9n se cont\u00f3 con la presencia de los candidatos a diputados federales Luis Alberto Luna y Nelyda Moci\u00f1os, y los candidatos a diputados locales Edgar Olvera, Rom\u00e1n Cort\u00e9s y Rodrigo Samperio, quienes firmaron el compromiso de colaboraci\u00f3n para la prevenci\u00f3n y erradicaci\u00f3n de trata de personas.<\/p>\n","protected":false},"excerpt":{"rendered":"<p>Al grito unido de \u201cNi una m\u00e1s\u201d, ayer se llev\u00f3 a cabo la firma de Compromisos de Colaboraci\u00f3n para la Prevenci\u00f3n y Erradicaci\u00f3n de la Trata de Personas en la Comisi\u00f3n Unidos Vs Trata y los Candidatos de la Coalici\u00f3n por el Estado de M\u00e9xico al Frente, de Atizap\u00e1n de Zaragoza.<\/p>\n","protected":false},"author":3,"featured_media":379945,"comment_status":"open","ping_status":"open","sticky":false,"template":"","format":"standard","meta":{"_monsterinsights_skip_tracking":false,"_monsterinsights_sitenote_active":false,"_monsterinsights_sitenote_note":"","_monsterinsights_sitenote_category":0,"footnotes":""},"categories":[35155],"tags":[969,38783,43675,21938],"class_list":["post-379844","post","type-post","status-publish","format-standard","has-post-thumbnail","hentry","category-estado-de-mexico-estado-de-mexico","tag-atizapan","tag-erradicar","tag-estado-de-mexico","tag-trata"],"_links":{"self":[{"href":"https:\/\/www.diarioimagen.net\/index.php?rest_route=\/wp\/v2\/posts\/379844","targetHints":{"allow":["GET"]}}],"collection":[{"href":"https:\/\/www.diarioimagen.net\/index.php?rest_route=\/wp\/v2\/posts"}],"about":[{"href":"https:\/\/www.diarioimagen.net\/index.php?rest_route=\/wp\/v2\/types\/post"}],"author":[{"embeddable":true,"href":"https:\/\/www.diarioimagen.net\/index.php?rest_route=\/wp\/v2\/users\/3"}],"replies":[{"embeddable":true,"href":"https:\/\/www.diarioimagen.net\/index.php?rest_route=%2Fwp%2Fv2%2Fcomments&post=379844"}],"version-history":[{"count":0,"href":"https:\/\/www.diarioimagen.net\/index.php?rest_route=\/wp\/v2\/posts\/379844\/revisions"}],"wp:featuredmedia":[{"embeddable":true,"href":"https:\/\/www.diarioimagen.net\/index.php?rest_route=\/wp\/v2\/media\/379945"}],"wp:attachment":[{"href":"https:\/\/www.diarioimagen.net\/index.php?rest_route=%2Fwp%2Fv2%2Fmedia&parent=379844"}],"wp:term":[{"taxonomy":"category","embeddable":true,"href":"https:\/\/www.diarioimagen.net\/index.php?rest_route=%2Fwp%2Fv2%2Fcategories&post=379844"},{"taxonomy":"post_tag","embeddable":true,"href":"https:\/\/www.diarioimagen.net\/index.php?rest_route=%2Fwp%2Fv2%2Ftags&post=379844"}],"curies":[{"name":"wp","href":"https:\/\/api.w.org\/{rel}","templated":true}]}}