{"id":379846,"date":"2018-06-07T00:05:20","date_gmt":"2018-06-07T05:05:20","guid":{"rendered":"http:\/\/www.diarioimagen.net\/?p=379846"},"modified":"2018-06-07T05:45:49","modified_gmt":"2018-06-07T10:45:49","slug":"demandan-al-abanderado-enrique-geyne-mejorar-la-seguridad-publica-en-atizapan","status":"publish","type":"post","link":"https:\/\/www.diarioimagen.net\/?p=379846","title":{"rendered":"Demandan al abanderado Enrique Geyne mejorar la seguridad p\u00fablica en Atizap\u00e1n"},"content":{"rendered":"<ul>\n<li><strong><em>Aspirante tricolor al gobierno local<\/em><\/strong><\/li>\n<\/ul>\n<p>&nbsp;<\/p>\n<div id=\"attachment_379950\" style=\"width: 470px\" class=\"wp-caption aligncenter\"><a href=\"http:\/\/www.diarioimagen.net\/?attachment_id=379950\" rel=\"attachment wp-att-379950\"><img loading=\"lazy\" decoding=\"async\" aria-describedby=\"caption-attachment-379950\" class=\"size-large wp-image-379950\" src=\"http:\/\/www.diarioimagen.net\/wp-content\/uploads\/2018\/06\/ATIZAPAN-3384-460x259.jpg\" alt=\"\" width=\"460\" height=\"259\" srcset=\"https:\/\/www.diarioimagen.net\/wp-content\/uploads\/2018\/06\/ATIZAPAN-3384-460x259.jpg 460w, https:\/\/www.diarioimagen.net\/wp-content\/uploads\/2018\/06\/ATIZAPAN-3384-240x135.jpg 240w, https:\/\/www.diarioimagen.net\/wp-content\/uploads\/2018\/06\/ATIZAPAN-3384-235x132.jpg 235w, https:\/\/www.diarioimagen.net\/wp-content\/uploads\/2018\/06\/ATIZAPAN-3384-202x114.jpg 202w, https:\/\/www.diarioimagen.net\/wp-content\/uploads\/2018\/06\/ATIZAPAN-3384-350x196.jpg 350w, https:\/\/www.diarioimagen.net\/wp-content\/uploads\/2018\/06\/ATIZAPAN-3384-220x123.jpg 220w, https:\/\/www.diarioimagen.net\/wp-content\/uploads\/2018\/06\/ATIZAPAN-3384-237x132.jpg 237w, https:\/\/www.diarioimagen.net\/wp-content\/uploads\/2018\/06\/ATIZAPAN-3384.jpg 480w\" sizes=\"auto, (max-width: 460px) 100vw, 460px\" \/><\/a><p id=\"caption-attachment-379950\" class=\"wp-caption-text\">\u201cYo no\u00a0 me acercar\u00e9 con la gente s\u00f3lo en tiempos electorales, volver\u00e9 a caminar una y las veces que sea necesario las calles de Atizap\u00e1n.<\/p><\/div>\n<p>&nbsp;<\/p>\n<p><strong>Atizap\u00e1n, Estado de M\u00e9xico<\/strong>.- Durante su recorrido de campa\u00f1a por la calle Morelos de la colonia Adolfo L\u00f3pez Mateos, el candidato del PRI a la presidencia municipal Enrique Geyne, escuch\u00f3 atentamente a don Juan, quien tiene una tienda de abarrotes, mismo que le solicit\u00f3 que en esta comunidad se mejore la seguridad p\u00fablica, ya que es una preocupaci\u00f3n la inseguridad por los il\u00edcitos que en la zona se comenten, en agravio de quienes viven ah\u00ed, como de los que tienen alg\u00fan negocio.<\/p>\n<p>Adem\u00e1s, le pidi\u00f3 al abanderado del tricolor que no se olvide de la gente como \u00e9l, ya que le ha tocado ver varios procesos electorales, en los que nada m\u00e1s \u201cnos prometen y luego nunca m\u00e1s regresan los que quedan al frente del gobierno\u201d.<\/p>\n<p>En respuesta, Enrique Geyne asegur\u00f3 a don Juan, que la seguridad p\u00fablica ser\u00e1 la columna vertebral de su gobierno, por lo que Atizap\u00e1n se integrar\u00e1 al Mando \u00danico, con el fin de coordinar esfuerzos con las autoridades estatales, para frenar de manera contundente a la delincuencia.<\/p>\n<p>Agreg\u00f3 que como presidente municipal, trabajar\u00e1 fuertemente en mejorar la seguridad en las comunidades atizapenses, aplicando una estrategia policial que incluir\u00e1 uso de tecnolog\u00eda digital, pero tambi\u00e9n se dignificar\u00e1 la labor de los elementos de la polic\u00eda, para que est\u00e9n bien equipados y remunerados, lo que les permitir\u00e1 cumplir mejor con su deber de proteger a la ciudadan\u00eda.<\/p>\n<p>Adem\u00e1s, coment\u00f3 que \u00e9l no est\u00e1 visitando las comunidades del municipio para el anecdotario personal, como ha hecho la alcaldesa panista Ana Balderas, quien le tom\u00f3 el pelo a los atizapenses porque una vez en el poder, se olvid\u00f3 de los habitantes de esta demarcaci\u00f3n.<\/p>\n<p>\u201cYo no ser\u00e9 como esos malos gobernantes que se acercan con la gente s\u00f3lo en tiempos electorales, cuando sea alcalde volver\u00e9 a caminar una y las veces que sea necesario las calles de Atizap\u00e1n, ser\u00e9 un presidente de tiempo completo para atender a la poblaci\u00f3n\u201d, detall\u00f3 el candidato del tricolor.<\/p>\n<p>Finalmente, se\u00f1al\u00f3 que como presidente municipal no esperar\u00e1 a ver si se puede resolver el grave problema de la inseguridad que padece Atizap\u00e1n al mediano o al largo plazo, derivado de la demostrada incapacidad de los gobiernos panistas, sino que entregar\u00e1 resultados en esta materia, en los primeros 100 d\u00edas de su administraci\u00f3n.<\/p>\n","protected":false},"excerpt":{"rendered":"<p>Durante su recorrido de campa\u00f1a por la calle Morelos de la colonia Adolfo L\u00f3pez Mateos, el candidato del PRI a la presidencia municipal Enrique Geyne, escuch\u00f3 atentamente a don Juan, quien tiene una tienda de abarrotes, mismo que le solicit\u00f3 que en esta comunidad se mejore la seguridad p\u00fablica, ya que es una preocupaci\u00f3n la inseguridad por los il\u00edcitos que en la zona se comenten, en agravio de quienes viven ah\u00ed, como de los que tienen alg\u00fan negocio.<\/p>\n","protected":false},"author":3,"featured_media":379950,"comment_status":"open","ping_status":"open","sticky":false,"template":"","format":"standard","meta":{"_monsterinsights_skip_tracking":false,"_monsterinsights_sitenote_active":false,"_monsterinsights_sitenote_note":"","_monsterinsights_sitenote_category":0,"footnotes":""},"categories":[35155],"tags":[969,68721,43675,43677],"class_list":["post-379846","post","type-post","status-publish","format-standard","has-post-thumbnail","hentry","category-estado-de-mexico-estado-de-mexico","tag-atizapan","tag-enrique-geyne","tag-estado-de-mexico","tag-seguridad"],"_links":{"self":[{"href":"https:\/\/www.diarioimagen.net\/index.php?rest_route=\/wp\/v2\/posts\/379846","targetHints":{"allow":["GET"]}}],"collection":[{"href":"https:\/\/www.diarioimagen.net\/index.php?rest_route=\/wp\/v2\/posts"}],"about":[{"href":"https:\/\/www.diarioimagen.net\/index.php?rest_route=\/wp\/v2\/types\/post"}],"author":[{"embeddable":true,"href":"https:\/\/www.diarioimagen.net\/index.php?rest_route=\/wp\/v2\/users\/3"}],"replies":[{"embeddable":true,"href":"https:\/\/www.diarioimagen.net\/index.php?rest_route=%2Fwp%2Fv2%2Fcomments&post=379846"}],"version-history":[{"count":0,"href":"https:\/\/www.diarioimagen.net\/index.php?rest_route=\/wp\/v2\/posts\/379846\/revisions"}],"wp:featuredmedia":[{"embeddable":true,"href":"https:\/\/www.diarioimagen.net\/index.php?rest_route=\/wp\/v2\/media\/379950"}],"wp:attachment":[{"href":"https:\/\/www.diarioimagen.net\/index.php?rest_route=%2Fwp%2Fv2%2Fmedia&parent=379846"}],"wp:term":[{"taxonomy":"category","embeddable":true,"href":"https:\/\/www.diarioimagen.net\/index.php?rest_route=%2Fwp%2Fv2%2Fcategories&post=379846"},{"taxonomy":"post_tag","embeddable":true,"href":"https:\/\/www.diarioimagen.net\/index.php?rest_route=%2Fwp%2Fv2%2Ftags&post=379846"}],"curies":[{"name":"wp","href":"https:\/\/api.w.org\/{rel}","templated":true}]}}