{"id":379974,"date":"2018-06-08T00:11:59","date_gmt":"2018-06-08T05:11:59","guid":{"rendered":"http:\/\/www.diarioimagen.net\/?p=379974"},"modified":"2018-06-08T00:05:04","modified_gmt":"2018-06-08T05:05:04","slug":"seria-un-crimen-eliminar-la-reforma-educativa-anaya","status":"publish","type":"post","link":"https:\/\/www.diarioimagen.net\/?p=379974","title":{"rendered":"Ser\u00eda un crimen, eliminar reforma educativa: Anaya"},"content":{"rendered":"<ul>\n<li><em><strong>Se pronuncia por redireccionarla<\/strong><\/em><\/li>\n<li><em><strong>Entre sus propuestas est\u00e1 la escuela de tiempo completo<\/strong><\/em><\/li>\n<\/ul>\n<p>&nbsp;<\/p>\n<div id=\"attachment_379975\" style=\"width: 470px\" class=\"wp-caption aligncenter\"><img loading=\"lazy\" decoding=\"async\" aria-describedby=\"caption-attachment-379975\" class=\"wp-image-379975 size-large\" src=\"http:\/\/www.diarioimagen.net\/wp-content\/uploads\/2018\/06\/ANAYA8-portal-460x268.jpg\" alt=\"\" width=\"460\" height=\"268\" srcset=\"https:\/\/www.diarioimagen.net\/wp-content\/uploads\/2018\/06\/ANAYA8-portal-460x268.jpg 460w, https:\/\/www.diarioimagen.net\/wp-content\/uploads\/2018\/06\/ANAYA8-portal-240x140.jpg 240w, https:\/\/www.diarioimagen.net\/wp-content\/uploads\/2018\/06\/ANAYA8-portal.jpg 480w\" sizes=\"auto, (max-width: 460px) 100vw, 460px\" \/><p id=\"caption-attachment-379975\" class=\"wp-caption-text\">El panista Ricardo Anaya Cort\u00e9s afirm\u00f3 que eliminar la reforma educativa \u201cser\u00eda un crimen\u201d.<\/p><\/div>\n<p>&nbsp;<\/p>\n<p>Ricardo Anaya Cort\u00e9s, candidato a la Presidencia de la Rep\u00fablica de la coalici\u00f3n Por M\u00e9xico al Frente, afirm\u00f3 que eliminar la reforma educativa \u201cser\u00eda un crimen\u201d, por lo que s\u00f3lo se deber\u00eda redireccionar su instrumentaci\u00f3n a la capacitaci\u00f3n.<\/p>\n<p>El panista consider\u00f3 que la instrumentaci\u00f3n actual de dicha reforma ha provocado tensi\u00f3n con el magisterio porque se gasta m\u00e1s en las evaluaciones que en capitaci\u00f3n de los maestros, \u201chay que corregir la reforma, poner acento en la capacitaci\u00f3n y que los ex\u00e1menes tiene que ser en tres planos: maestros, alumnos y a las autoridades\u201d.<\/p>\n<p>En entrevista en radio, el aspirante presidencial indic\u00f3 que entre sus propuestas en materia educativa est\u00e1 la escuela de tiempo completo, donde los ni\u00f1os tengan adem\u00e1s una comida saludable, mientras sus padres se capacitan para sus empleos.<\/p>\n<p>Expuso que de ganar las elecciones de julio pr\u00f3ximo, trabajar\u00eda sobre todo en combate a la corrupci\u00f3n y a la violencia, y en abatir la pobreza y la desigualdad.<\/p>\n<p>Respecto a la seguridad, Anaya Cort\u00e9s dijo que se deber\u00eda aplicar una nueva estrategia en el tema preventivo e invertir en deporte, promoci\u00f3n de la cultura, empleo y oportunidades de educaci\u00f3n para los j\u00f3venes.<\/p>\n<p>Adem\u00e1s, propuso una nueva secretar\u00eda para que atienda los temas de seguridad espec\u00edficamente, duplicar el tama\u00f1o de la Polic\u00eda Federal, y mantener el apoyo de la Marina y de las Fuerzas Armadas mientras no se tengan polic\u00edas bien pagados y capacitados.<\/p>\n<p>Sostuvo que la corrupci\u00f3n y la impunidad es el principal problema del pa\u00eds, por lo que reiter\u00f3 en su propuesta para reformar los art\u00edculos 102 y 108 constitucionales para el presidente sea juzgado por corrupci\u00f3n durante su cargo y que la Fiscal\u00eda que investigue estos casos sea aut\u00f3noma.<\/p>\n<p>\u201cNo porque llega alguien honesto, se van a contagiar los dem\u00e1s; la soluci\u00f3n est\u00e1 en el dise\u00f1o correcto de las instituciones y as\u00ed no hay manera de llegar a la corrupci\u00f3n\u201d, se\u00f1al\u00f3.<\/p>\n<p>Ofreci\u00f3 adem\u00e1s un ingreso b\u00e1sico universal de mil 500 pesos para las familias en pobreza, que financiar\u00eda del dinero extra que obtiene el gobierno de sus recaudaciones, y en paralelo, se invertir\u00eda en educaci\u00f3n, salud e infraestructura para ser competitivos, atraer inversi\u00f3n y generar empleos.<\/p>\n","protected":false},"excerpt":{"rendered":"<p>Ricardo Anaya Cort\u00e9s, candidato a la Presidencia de la Rep\u00fablica de la coalici\u00f3n Por M\u00e9xico al Frente, afirm\u00f3 que eliminar la reforma educativa \u201cser\u00eda un crimen\u201d, por lo que s\u00f3lo se deber\u00eda redireccionar su instrumentaci\u00f3n a la capacitaci\u00f3n.<\/p>\n","protected":false},"author":5,"featured_media":379975,"comment_status":"open","ping_status":"open","sticky":false,"template":"","format":"standard","meta":{"_monsterinsights_skip_tracking":false,"_monsterinsights_sitenote_active":false,"_monsterinsights_sitenote_note":"","_monsterinsights_sitenote_category":0,"footnotes":""},"categories":[3],"tags":[6465,74633,43673,74635,25687,7347,74634],"class_list":["post-379974","post","type-post","status-publish","format-standard","has-post-thumbnail","hentry","category-nacional","tag-crimen","tag-eliminar-la-reforma-educativa","tag-nacional","tag-redireccionarla","tag-reforma-educativa","tag-ricardo-anaya-cortes","tag-seria-un-crimen"],"_links":{"self":[{"href":"https:\/\/www.diarioimagen.net\/index.php?rest_route=\/wp\/v2\/posts\/379974","targetHints":{"allow":["GET"]}}],"collection":[{"href":"https:\/\/www.diarioimagen.net\/index.php?rest_route=\/wp\/v2\/posts"}],"about":[{"href":"https:\/\/www.diarioimagen.net\/index.php?rest_route=\/wp\/v2\/types\/post"}],"author":[{"embeddable":true,"href":"https:\/\/www.diarioimagen.net\/index.php?rest_route=\/wp\/v2\/users\/5"}],"replies":[{"embeddable":true,"href":"https:\/\/www.diarioimagen.net\/index.php?rest_route=%2Fwp%2Fv2%2Fcomments&post=379974"}],"version-history":[{"count":0,"href":"https:\/\/www.diarioimagen.net\/index.php?rest_route=\/wp\/v2\/posts\/379974\/revisions"}],"wp:featuredmedia":[{"embeddable":true,"href":"https:\/\/www.diarioimagen.net\/index.php?rest_route=\/wp\/v2\/media\/379975"}],"wp:attachment":[{"href":"https:\/\/www.diarioimagen.net\/index.php?rest_route=%2Fwp%2Fv2%2Fmedia&parent=379974"}],"wp:term":[{"taxonomy":"category","embeddable":true,"href":"https:\/\/www.diarioimagen.net\/index.php?rest_route=%2Fwp%2Fv2%2Fcategories&post=379974"},{"taxonomy":"post_tag","embeddable":true,"href":"https:\/\/www.diarioimagen.net\/index.php?rest_route=%2Fwp%2Fv2%2Ftags&post=379974"}],"curies":[{"name":"wp","href":"https:\/\/api.w.org\/{rel}","templated":true}]}}