{"id":380023,"date":"2018-06-08T00:09:33","date_gmt":"2018-06-08T05:09:33","guid":{"rendered":"http:\/\/www.diarioimagen.net\/?p=380023"},"modified":"2018-06-10T23:16:52","modified_gmt":"2018-06-11T04:16:52","slug":"la-cotizacion-del-dolar-toca-techo-de-21-pesos","status":"publish","type":"post","link":"https:\/\/www.diarioimagen.net\/?p=380023","title":{"rendered":"La cotizaci\u00f3n del d\u00f3lar toca techo de 21 pesos"},"content":{"rendered":"<ul>\n<li><em><strong>Inestabilidad del mercado cambiario<\/strong><\/em><\/li>\n<li><em><strong>Presiones a la moneda mexicana, por \u201cguerra comercial\u201d entre nuestro pa\u00eds y EU tras imposici\u00f3n de aranceles y proceso electoral<\/strong><\/em><\/li>\n<\/ul>\n<h6>Jos\u00e9 Luis Monta\u00f1ez<\/h6>\n<p>&nbsp;<\/p>\n<div id=\"attachment_380171\" style=\"width: 470px\" class=\"wp-caption aligncenter\"><a href=\"http:\/\/www.diarioimagen.net\/?attachment_id=380171\" rel=\"attachment wp-att-380171\"><img loading=\"lazy\" decoding=\"async\" aria-describedby=\"caption-attachment-380171\" class=\"size-large wp-image-380171\" src=\"http:\/\/www.diarioimagen.net\/wp-content\/uploads\/2018\/06\/peso-3385-460x259.jpg\" alt=\"\" width=\"460\" height=\"259\" srcset=\"https:\/\/www.diarioimagen.net\/wp-content\/uploads\/2018\/06\/peso-3385-460x259.jpg 460w, https:\/\/www.diarioimagen.net\/wp-content\/uploads\/2018\/06\/peso-3385-240x135.jpg 240w, https:\/\/www.diarioimagen.net\/wp-content\/uploads\/2018\/06\/peso-3385-235x132.jpg 235w, https:\/\/www.diarioimagen.net\/wp-content\/uploads\/2018\/06\/peso-3385-202x114.jpg 202w, https:\/\/www.diarioimagen.net\/wp-content\/uploads\/2018\/06\/peso-3385-350x196.jpg 350w, https:\/\/www.diarioimagen.net\/wp-content\/uploads\/2018\/06\/peso-3385-220x123.jpg 220w, https:\/\/www.diarioimagen.net\/wp-content\/uploads\/2018\/06\/peso-3385-237x132.jpg 237w, https:\/\/www.diarioimagen.net\/wp-content\/uploads\/2018\/06\/peso-3385.jpg 480w\" sizes=\"auto, (max-width: 460px) 100vw, 460px\" \/><\/a><p id=\"caption-attachment-380171\" class=\"wp-caption-text\">La guerra comercial y el proceso electoral presionan al peso mexicano.<\/p><\/div>\n<p>&nbsp;<\/p>\n<p>El tipo de cambio del peso mexicano con el d\u00f3lar escal\u00f3 ayer a su m\u00e1ximo en 16 meses, hasta llegar en algunos bancos a los 21 pesos. Tal inestabilidad de la moneda obedece a las presiones generadas por la \u201cguerra comercial\u201d entre nuestro pa\u00eds y el gobierno norteamericano por la imposici\u00f3n de aranceles en ambas naciones y tambi\u00e9n por la incertidumbre por el proceso electoral de este a\u00f1o.<\/p>\n<p>La presi\u00f3n se vio amplificada por la falta de noticias en torno al Tratado de Libre Comercio de Am\u00e9rica del Norte (TLCAN), en donde cada vez se ve m\u00e1s lejana la posibilidad dellegar a un acuerdo en este a\u00f1o. A principio de esta semana, el billete verde se vend\u00eda hasta en 20.20 pesos y a la compra en 18.30 pesos en promedio.<\/p>\n","protected":false},"excerpt":{"rendered":"<p><span style=\"color: #005497;\">Jos\u00e9 Luis Monta\u00f1ez<\/span><br \/>\n<br \/>\nEl tipo de cambio del peso mexicano con el d\u00f3lar escal\u00f3 ayer a su m\u00e1ximo en 16 meses, hasta llegar en algunos bancos a los 21 pesos. Tal inestabilidad de la moneda obedece a las presiones generadas por la \u201cguerra comercial\u201d entre nuestro pa\u00eds y el gobierno norteamericano por la imposici\u00f3n de aranceles en ambas naciones y tambi\u00e9n por la incertidumbre por el proceso electoral de este a\u00f1o.<\/p>\n","protected":false},"author":3,"featured_media":380171,"comment_status":"open","ping_status":"open","sticky":false,"template":"","format":"standard","meta":{"_monsterinsights_skip_tracking":false,"_monsterinsights_sitenote_active":false,"_monsterinsights_sitenote_note":"","_monsterinsights_sitenote_category":0,"footnotes":""},"categories":[8],"tags":[39060,293,43678,74675],"class_list":["post-380023","post","type-post","status-publish","format-standard","has-post-thumbnail","hentry","category-finanzas","tag-cotizacion","tag-dolar","tag-finanzas","tag-techo"],"_links":{"self":[{"href":"https:\/\/www.diarioimagen.net\/index.php?rest_route=\/wp\/v2\/posts\/380023","targetHints":{"allow":["GET"]}}],"collection":[{"href":"https:\/\/www.diarioimagen.net\/index.php?rest_route=\/wp\/v2\/posts"}],"about":[{"href":"https:\/\/www.diarioimagen.net\/index.php?rest_route=\/wp\/v2\/types\/post"}],"author":[{"embeddable":true,"href":"https:\/\/www.diarioimagen.net\/index.php?rest_route=\/wp\/v2\/users\/3"}],"replies":[{"embeddable":true,"href":"https:\/\/www.diarioimagen.net\/index.php?rest_route=%2Fwp%2Fv2%2Fcomments&post=380023"}],"version-history":[{"count":0,"href":"https:\/\/www.diarioimagen.net\/index.php?rest_route=\/wp\/v2\/posts\/380023\/revisions"}],"wp:featuredmedia":[{"embeddable":true,"href":"https:\/\/www.diarioimagen.net\/index.php?rest_route=\/wp\/v2\/media\/380171"}],"wp:attachment":[{"href":"https:\/\/www.diarioimagen.net\/index.php?rest_route=%2Fwp%2Fv2%2Fmedia&parent=380023"}],"wp:term":[{"taxonomy":"category","embeddable":true,"href":"https:\/\/www.diarioimagen.net\/index.php?rest_route=%2Fwp%2Fv2%2Fcategories&post=380023"},{"taxonomy":"post_tag","embeddable":true,"href":"https:\/\/www.diarioimagen.net\/index.php?rest_route=%2Fwp%2Fv2%2Ftags&post=380023"}],"curies":[{"name":"wp","href":"https:\/\/api.w.org\/{rel}","templated":true}]}}