{"id":380028,"date":"2018-06-08T00:11:07","date_gmt":"2018-06-08T05:11:07","guid":{"rendered":"http:\/\/www.diarioimagen.net\/?p=380028"},"modified":"2018-06-08T05:53:10","modified_gmt":"2018-06-08T10:53:10","slug":"destacan-docentes-en-evaluacion-de-desempeno","status":"publish","type":"post","link":"https:\/\/www.diarioimagen.net\/?p=380028","title":{"rendered":"Destacan docentes en evaluaci\u00f3n de desempe\u00f1o"},"content":{"rendered":"<h2>Arco Norte<\/h2>\n<h5>Jos\u00e9 Luis Monta\u00f1ez Aguilar<\/h5>\n<p>&nbsp;<\/p>\n<p><a href=\"http:\/\/www.diarioimagen.net\/?attachment_id=380126\" rel=\"attachment wp-att-380126\"><img loading=\"lazy\" decoding=\"async\" class=\"aligncenter size-large wp-image-380126\" src=\"http:\/\/www.diarioimagen.net\/wp-content\/uploads\/2018\/06\/arco-3385-460x259.jpg\" alt=\"\" width=\"460\" height=\"259\" srcset=\"https:\/\/www.diarioimagen.net\/wp-content\/uploads\/2018\/06\/arco-3385-460x259.jpg 460w, https:\/\/www.diarioimagen.net\/wp-content\/uploads\/2018\/06\/arco-3385-240x135.jpg 240w, https:\/\/www.diarioimagen.net\/wp-content\/uploads\/2018\/06\/arco-3385-235x132.jpg 235w, https:\/\/www.diarioimagen.net\/wp-content\/uploads\/2018\/06\/arco-3385-202x114.jpg 202w, https:\/\/www.diarioimagen.net\/wp-content\/uploads\/2018\/06\/arco-3385-350x196.jpg 350w, https:\/\/www.diarioimagen.net\/wp-content\/uploads\/2018\/06\/arco-3385-220x123.jpg 220w, https:\/\/www.diarioimagen.net\/wp-content\/uploads\/2018\/06\/arco-3385-237x132.jpg 237w, https:\/\/www.diarioimagen.net\/wp-content\/uploads\/2018\/06\/arco-3385.jpg 480w\" sizes=\"auto, (max-width: 460px) 100vw, 460px\" \/><\/a><\/p>\n<p>&nbsp;<\/p>\n<p>M\u00e1s de 250 mil docentes mexiquenses en servicio, se actualizan y capacitan para atender a una matr\u00edcula de 4.8 millones de estudiantes, lo que posiciona al Estado de M\u00e9xico como la entidad acad\u00e9mica m\u00e1s grande del pa\u00eds.<\/p>\n<p>Las maestras y maestros mexiquenses destacan en la Evaluaci\u00f3n del Desempe\u00f1o Docente; la entidad promedia 99.6 por ciento de asistencia de docentes, directores y supervisores durante los tres ciclos escolares en los que se ha llevado a cabo esta prueba.<\/p>\n<p>Con esta evaluaci\u00f3n se contribuye al fortalecimiento de las pr\u00e1cticas de ense\u00f1anza, ya que con sus resultados se implementan las acciones para mejorar el quehacer profesional de los docentes.<\/p>\n<p>Del ciclo escolar 2014-2015 al 2017-2018 han sido evaluados 30 mil 368 docentes, de los cuales, 28 mil 49 obtuvieron un resultado aprobatorio; es decir, 9 de cada 10 docentes se destacan por un resultado satisfactorio.<\/p>\n<p>De igual manera, se han promovido a m\u00e1s de 2 mil maestros y directivos a categor\u00edas con funciones de director, supervisor y asesor t\u00e9cnico pedag\u00f3gico.<\/p>\n<p style=\"text-align: center;\"><strong>Dan de alta a cuatro lesionados<br \/>\npor explosi\u00f3n en Tultepec<\/strong><\/p>\n<p>La Secretar\u00eda de Salud informa que de los siete pacientes que fueron trasladados a nosocomios de la dependencia y del Instituto de Salud Estatal, tras la explosi\u00f3n de un polvor\u00edn en el municipio de Tultepec, cuatro han sido dados de alta.<\/p>\n<p>De los ingresados al Hospital Regional de Alta Especialidad de Zumpango, dos ya recibieron el alta m\u00e9dica.<\/p>\n<p>En cuanto a los menores de edad, un adolescente de 16 a\u00f1os se encuentra intubado y su pron\u00f3stico es reservado; un var\u00f3n de 9 a\u00f1os con traumatismo craneoencef\u00e1lico se reporta grave y una adolescente de 15 a\u00f1os, quien present\u00f3 quemaduras de segundo y tercer grado en 15 por ciento de su cuerpo, de acuerdo con el reporte m\u00e9dico, se encuentra estable.<\/p>\n<p>Mientras, los dos lesionados que fueron trasladados por los cuerpos de emergencia al Hospital General \u201cJos\u00e9 Vicente Villada\u201d en Cuautitl\u00e1n, ya fueron dados de alta.<\/p>\n<p>En tanto, la mujer de 40 a\u00f1os de edad, que arrib\u00f3 al Hospital General de Zona No.<\/p>\n<p>98 Coacalco, del Instituto Mexicano del Seguro Social (IMSS), presenta falla renal y se encuentra muy grave.<\/p>\n<p><em><a href=\"mailto:montanezaguilar@gmail.com\" target=\"_blank\" rel=\"noopener\">montanezaguilar@gmail.com<\/a><\/em><\/p>\n","protected":false},"excerpt":{"rendered":"<p><span style=\"color: #005497;\">Jos\u00e9 Luis Monta\u00f1ez Aguilar<\/span><br \/>\n<br \/>\nM\u00e1s de 250 mil docentes mexiquenses en servicio, se actualizan y capacitan para atender a una matr\u00edcula de 4.8 millones de estudiantes, lo que posiciona al Estado de M\u00e9xico como la entidad acad\u00e9mica m\u00e1s grande del pa\u00eds.<\/p>\n","protected":false},"author":3,"featured_media":380126,"comment_status":"open","ping_status":"open","sticky":false,"template":"","format":"standard","meta":{"_monsterinsights_skip_tracking":false,"_monsterinsights_sitenote_active":false,"_monsterinsights_sitenote_note":"","_monsterinsights_sitenote_category":0,"footnotes":""},"categories":[5],"tags":[13284,43704,43674],"class_list":["post-380028","post","type-post","status-publish","format-standard","has-post-thumbnail","hentry","category-estado-de-mexico","tag-arco-norte","tag-jose-luis-montanez-aguilar","tag-opinion"],"_links":{"self":[{"href":"https:\/\/www.diarioimagen.net\/index.php?rest_route=\/wp\/v2\/posts\/380028","targetHints":{"allow":["GET"]}}],"collection":[{"href":"https:\/\/www.diarioimagen.net\/index.php?rest_route=\/wp\/v2\/posts"}],"about":[{"href":"https:\/\/www.diarioimagen.net\/index.php?rest_route=\/wp\/v2\/types\/post"}],"author":[{"embeddable":true,"href":"https:\/\/www.diarioimagen.net\/index.php?rest_route=\/wp\/v2\/users\/3"}],"replies":[{"embeddable":true,"href":"https:\/\/www.diarioimagen.net\/index.php?rest_route=%2Fwp%2Fv2%2Fcomments&post=380028"}],"version-history":[{"count":0,"href":"https:\/\/www.diarioimagen.net\/index.php?rest_route=\/wp\/v2\/posts\/380028\/revisions"}],"wp:featuredmedia":[{"embeddable":true,"href":"https:\/\/www.diarioimagen.net\/index.php?rest_route=\/wp\/v2\/media\/380126"}],"wp:attachment":[{"href":"https:\/\/www.diarioimagen.net\/index.php?rest_route=%2Fwp%2Fv2%2Fmedia&parent=380028"}],"wp:term":[{"taxonomy":"category","embeddable":true,"href":"https:\/\/www.diarioimagen.net\/index.php?rest_route=%2Fwp%2Fv2%2Fcategories&post=380028"},{"taxonomy":"post_tag","embeddable":true,"href":"https:\/\/www.diarioimagen.net\/index.php?rest_route=%2Fwp%2Fv2%2Ftags&post=380028"}],"curies":[{"name":"wp","href":"https:\/\/api.w.org\/{rel}","templated":true}]}}