{"id":380039,"date":"2018-06-08T00:10:11","date_gmt":"2018-06-08T05:10:11","guid":{"rendered":"http:\/\/www.diarioimagen.net\/?p=380039"},"modified":"2018-06-08T05:59:18","modified_gmt":"2018-06-08T10:59:18","slug":"meade-ni-napoleones-ni-nestoras-en-el-senado","status":"publish","type":"post","link":"https:\/\/www.diarioimagen.net\/?p=380039","title":{"rendered":"Meade: ni Napoleones, ni Nestoras en el Senado"},"content":{"rendered":"<ul>\n<li><strong><em>Rechazo a quienes van s\u00f3lo por fuero<\/em><\/strong><\/li>\n<\/ul>\n<p>&nbsp;<\/p>\n<div id=\"attachment_380132\" style=\"width: 470px\" class=\"wp-caption aligncenter\"><a href=\"http:\/\/www.diarioimagen.net\/?attachment_id=380132\" rel=\"attachment wp-att-380132\"><img loading=\"lazy\" decoding=\"async\" aria-describedby=\"caption-attachment-380132\" class=\"size-large wp-image-380132\" src=\"http:\/\/www.diarioimagen.net\/wp-content\/uploads\/2018\/06\/MEADE-3385-460x259.jpg\" alt=\"\" width=\"460\" height=\"259\" srcset=\"https:\/\/www.diarioimagen.net\/wp-content\/uploads\/2018\/06\/MEADE-3385-460x259.jpg 460w, https:\/\/www.diarioimagen.net\/wp-content\/uploads\/2018\/06\/MEADE-3385-240x135.jpg 240w, https:\/\/www.diarioimagen.net\/wp-content\/uploads\/2018\/06\/MEADE-3385-235x132.jpg 235w, https:\/\/www.diarioimagen.net\/wp-content\/uploads\/2018\/06\/MEADE-3385-202x114.jpg 202w, https:\/\/www.diarioimagen.net\/wp-content\/uploads\/2018\/06\/MEADE-3385-350x196.jpg 350w, https:\/\/www.diarioimagen.net\/wp-content\/uploads\/2018\/06\/MEADE-3385-220x123.jpg 220w, https:\/\/www.diarioimagen.net\/wp-content\/uploads\/2018\/06\/MEADE-3385-237x132.jpg 237w, https:\/\/www.diarioimagen.net\/wp-content\/uploads\/2018\/06\/MEADE-3385.jpg 480w\" sizes=\"auto, (max-width: 460px) 100vw, 460px\" \/><\/a><p id=\"caption-attachment-380132\" class=\"wp-caption-text\">El abanderado del PRI, Jos\u00e9 Antonio Meade, advirti\u00f3 que M\u00e9xico necesita decirle \u201cya basta\u201d a programas fallidos de seguridad.<\/p><\/div>\n<p>&nbsp;<\/p>\n<p>Jos\u00e9 Antonio Meade, candidato de la coalici\u00f3n Todos por M\u00e9xico, advirti\u00f3 que no se puede apoyar a los partidos que trajeron candidatos que van por fuero y protecci\u00f3n al Senado de la Rep\u00fablica.<\/p>\n<p>En La Piedad, Michoac\u00e1n, agreg\u00f3 que la coalici\u00f3n Juntos Haremos Historia postula a personas que robaron a sus trabajadores o que abusaron de sus comunidades y \u201caqu\u00ed lo que queremos son candidatos que se comprometan a escuchar y a resolver\u201d.<\/p>\n<p>\u201cNo queremos Napoleones ni Nestoras, no queremos senadores que van por fuero y protecci\u00f3n, queremos senadores que se comprometan a trabajar y a resolverle a Michoac\u00e1n\u201d, enfatiz\u00f3 el aspirante de los partidos Revolucionario Institucional (PRI), Verde Ecologista de M\u00e9xico y Nueva Alianza.<\/p>\n<p>Por ello, advirti\u00f3 que \u201cno podemos apoyar a los partidos que trajeron candidatos que salieron fuera para buscar fuero y que ahora que se los dieron, quieren ir al Senado de la Rep\u00fablica\u201d.<\/p>\n<p>Meade Kuribre\u00f1a asever\u00f3 que en esta entidad saben lo que implica cuando falta seguridad y lo que se necesita es prevenir, disuadir, investigar y castigar, por lo que llam\u00f3 a salir a recorrer calles y tocar puertas, a hablar con sus vecinos y amigos, \u201cy decirles que en esta elecci\u00f3n hay que votar por el mejor. Y el mejor en esta elecci\u00f3n, \u00a1soy yo mero!\u201d.<\/p>\n<p>El aspirante presidencial inst\u00f3 a no descansar estos 20 d\u00edas que quedan, \u201cles pido que enfrenten el sol y la sombra para caminar sin fatiga, caminar en la convicci\u00f3n de que vamos por el futuro de nuestros hijos\u201d.<\/p>\n<p style=\"text-align: center;\"><strong>Meade ofrece soluci\u00f3n <\/strong><strong>definitiva a la inseguridad<\/strong><\/p>\n<p>Previamente en Zamora, Meade Kuribre\u00f1a advirti\u00f3 que M\u00e9xico necesita decirle \u201cya basta\u201d a programas fallidos de seguridad, y en forma definitiva y permanente enfrentar y resolver este tema<\/p>\n<p>\u201cM\u00e9xico necesita una seguridad verdadera, con polic\u00edas entrenados, capacitados, bien pagados\u201d, ofreci\u00f3 en el marco de su gira de proselitismo en Zamora, Michoac\u00e1n.<\/p>\n<p>Afirm\u00f3 que no podemos acostumbrarnos a vivir con miedo, por lo que de ganar la elecci\u00f3n del 1 de julio, su gobierno prevendr\u00eda, disuadir\u00eda e investigar\u00eda y cambiar\u00eda la realidad en materia de seguridad.<\/p>\n<p>Meade Kuribre\u00f1a dijo que su gobierno no dejar\u00eda \u201cque nos sigan lastimando en Michoac\u00e1n, no vamos a dejar que en Zamora sintamos miedo, habr\u00e1 presencia y compromiso\u201d.<\/p>\n<p>Meade extern\u00f3 su confianza de ganar est\u00e1 elecci\u00f3n de la mano del campo, de los productores y de los campesinos, a quienes se les dar\u00e1n los mejores apoyos para que tengan certeza en el presupuesto, ventanillas \u00fanicas, m\u00e1s cr\u00e9dito y mejores apoyos, asegurando que lleguen en tiempo.<\/p>\n","protected":false},"excerpt":{"rendered":"<p>Jos\u00e9 Antonio Meade, candidato de la coalici\u00f3n Todos por M\u00e9xico, advirti\u00f3 que no se puede apoyar a los partidos que trajeron candidatos que van por fuero y protecci\u00f3n al Senado de la Rep\u00fablica.<\/p>\n","protected":false},"author":3,"featured_media":380132,"comment_status":"open","ping_status":"open","sticky":false,"template":"","format":"standard","meta":{"_monsterinsights_skip_tracking":false,"_monsterinsights_sitenote_active":false,"_monsterinsights_sitenote_note":"","_monsterinsights_sitenote_category":0,"footnotes":""},"categories":[3],"tags":[26429,43673,8314,74082,1409],"class_list":["post-380039","post","type-post","status-publish","format-standard","has-post-thumbnail","hentry","category-nacional","tag-jose-antonio-meade-kuribrena","tag-nacional","tag-napoleon-gomez-urrutia","tag-nestora-salgado-garcia","tag-senado"],"_links":{"self":[{"href":"https:\/\/www.diarioimagen.net\/index.php?rest_route=\/wp\/v2\/posts\/380039","targetHints":{"allow":["GET"]}}],"collection":[{"href":"https:\/\/www.diarioimagen.net\/index.php?rest_route=\/wp\/v2\/posts"}],"about":[{"href":"https:\/\/www.diarioimagen.net\/index.php?rest_route=\/wp\/v2\/types\/post"}],"author":[{"embeddable":true,"href":"https:\/\/www.diarioimagen.net\/index.php?rest_route=\/wp\/v2\/users\/3"}],"replies":[{"embeddable":true,"href":"https:\/\/www.diarioimagen.net\/index.php?rest_route=%2Fwp%2Fv2%2Fcomments&post=380039"}],"version-history":[{"count":0,"href":"https:\/\/www.diarioimagen.net\/index.php?rest_route=\/wp\/v2\/posts\/380039\/revisions"}],"wp:featuredmedia":[{"embeddable":true,"href":"https:\/\/www.diarioimagen.net\/index.php?rest_route=\/wp\/v2\/media\/380132"}],"wp:attachment":[{"href":"https:\/\/www.diarioimagen.net\/index.php?rest_route=%2Fwp%2Fv2%2Fmedia&parent=380039"}],"wp:term":[{"taxonomy":"category","embeddable":true,"href":"https:\/\/www.diarioimagen.net\/index.php?rest_route=%2Fwp%2Fv2%2Fcategories&post=380039"},{"taxonomy":"post_tag","embeddable":true,"href":"https:\/\/www.diarioimagen.net\/index.php?rest_route=%2Fwp%2Fv2%2Ftags&post=380039"}],"curies":[{"name":"wp","href":"https:\/\/api.w.org\/{rel}","templated":true}]}}