{"id":380052,"date":"2018-06-08T00:06:46","date_gmt":"2018-06-08T05:06:46","guid":{"rendered":"http:\/\/www.diarioimagen.net\/?p=380052"},"modified":"2018-06-10T23:16:36","modified_gmt":"2018-06-11T04:16:36","slug":"recibe-omc-queja-de-mexico-contra-eu-por-aranceles","status":"publish","type":"post","link":"https:\/\/www.diarioimagen.net\/?p=380052","title":{"rendered":"Recibe OMC queja de M\u00e9xico contra EU por aranceles"},"content":{"rendered":"<div id=\"attachment_380177\" style=\"width: 470px\" class=\"wp-caption aligncenter\"><a href=\"http:\/\/www.diarioimagen.net\/?attachment_id=380177\" rel=\"attachment wp-att-380177\"><img loading=\"lazy\" decoding=\"async\" aria-describedby=\"caption-attachment-380177\" class=\"size-large wp-image-380177\" src=\"http:\/\/www.diarioimagen.net\/wp-content\/uploads\/2018\/06\/ACERO-3385-460x259.jpg\" alt=\"\" width=\"460\" height=\"259\" srcset=\"https:\/\/www.diarioimagen.net\/wp-content\/uploads\/2018\/06\/ACERO-3385-460x259.jpg 460w, https:\/\/www.diarioimagen.net\/wp-content\/uploads\/2018\/06\/ACERO-3385-240x135.jpg 240w, https:\/\/www.diarioimagen.net\/wp-content\/uploads\/2018\/06\/ACERO-3385-235x132.jpg 235w, https:\/\/www.diarioimagen.net\/wp-content\/uploads\/2018\/06\/ACERO-3385-202x114.jpg 202w, https:\/\/www.diarioimagen.net\/wp-content\/uploads\/2018\/06\/ACERO-3385-350x196.jpg 350w, https:\/\/www.diarioimagen.net\/wp-content\/uploads\/2018\/06\/ACERO-3385-220x123.jpg 220w, https:\/\/www.diarioimagen.net\/wp-content\/uploads\/2018\/06\/ACERO-3385-237x132.jpg 237w, https:\/\/www.diarioimagen.net\/wp-content\/uploads\/2018\/06\/ACERO-3385.jpg 480w\" sizes=\"auto, (max-width: 460px) 100vw, 460px\" \/><\/a><p id=\"caption-attachment-380177\" class=\"wp-caption-text\">La guerra comercial y el proceso electoral presionan al peso mexicano.<\/p><\/div>\n<p>&nbsp;<\/p>\n<p>La Organizaci\u00f3n Mundial del Comercio (OMC) recibi\u00f3 formalmente la queja de M\u00e9xico contra Estados Unidos por la aplicaci\u00f3n de aranceles de 10 por ciento contra el aluminio y 25 por ciento al acero mexicanos, con lo que se inicia el tiempo para la etapa de consultas entre las partes en conflicto y de no haberlo se iniciar\u00e1 un panel de controversia.<\/p>\n<p>Esta es otra instancia a la que recurre el gobierno mexicano por la decisi\u00f3n de la Casa Blanca de imponer impuestos a la importaci\u00f3n, lo que consider\u00f3 la autoridad nacional como una medida \u201cinjustificada\u201d y violatoria de los acuerdos internacionales.<\/p>\n","protected":false},"excerpt":{"rendered":"<p>La Organizaci\u00f3n Mundial del Comercio (OMC) recibi\u00f3 formalmente la queja de M\u00e9xico contra Estados Unidos por la aplicaci\u00f3n de aranceles de 10 por ciento contra el aluminio y 25 por ciento al acero mexicanos, con lo que se inicia el tiempo para la etapa de consultas entre las partes en conflicto y de no haberlo se iniciar\u00e1 un panel de controversia.<\/p>\n","protected":false},"author":3,"featured_media":380177,"comment_status":"open","ping_status":"open","sticky":false,"template":"","format":"standard","meta":{"_monsterinsights_skip_tracking":false,"_monsterinsights_sitenote_active":false,"_monsterinsights_sitenote_note":"","_monsterinsights_sitenote_category":0,"footnotes":""},"categories":[8],"tags":[177,43678,44,74680,74681],"class_list":["post-380052","post","type-post","status-publish","format-standard","has-post-thumbnail","hentry","category-finanzas","tag-estados-unidos","tag-finanzas","tag-mexico","tag-organizacion-mundial-del-comercio","tag-queja"],"_links":{"self":[{"href":"https:\/\/www.diarioimagen.net\/index.php?rest_route=\/wp\/v2\/posts\/380052","targetHints":{"allow":["GET"]}}],"collection":[{"href":"https:\/\/www.diarioimagen.net\/index.php?rest_route=\/wp\/v2\/posts"}],"about":[{"href":"https:\/\/www.diarioimagen.net\/index.php?rest_route=\/wp\/v2\/types\/post"}],"author":[{"embeddable":true,"href":"https:\/\/www.diarioimagen.net\/index.php?rest_route=\/wp\/v2\/users\/3"}],"replies":[{"embeddable":true,"href":"https:\/\/www.diarioimagen.net\/index.php?rest_route=%2Fwp%2Fv2%2Fcomments&post=380052"}],"version-history":[{"count":0,"href":"https:\/\/www.diarioimagen.net\/index.php?rest_route=\/wp\/v2\/posts\/380052\/revisions"}],"wp:featuredmedia":[{"embeddable":true,"href":"https:\/\/www.diarioimagen.net\/index.php?rest_route=\/wp\/v2\/media\/380177"}],"wp:attachment":[{"href":"https:\/\/www.diarioimagen.net\/index.php?rest_route=%2Fwp%2Fv2%2Fmedia&parent=380052"}],"wp:term":[{"taxonomy":"category","embeddable":true,"href":"https:\/\/www.diarioimagen.net\/index.php?rest_route=%2Fwp%2Fv2%2Fcategories&post=380052"},{"taxonomy":"post_tag","embeddable":true,"href":"https:\/\/www.diarioimagen.net\/index.php?rest_route=%2Fwp%2Fv2%2Ftags&post=380052"}],"curies":[{"name":"wp","href":"https:\/\/api.w.org\/{rel}","templated":true}]}}