{"id":380097,"date":"2018-06-08T00:04:48","date_gmt":"2018-06-08T05:04:48","guid":{"rendered":"http:\/\/www.diarioimagen.net\/?p=380097"},"modified":"2018-06-08T05:50:09","modified_gmt":"2018-06-08T10:50:09","slug":"justicia-a-contentillo-de-la-opinion-publica","status":"publish","type":"post","link":"https:\/\/www.diarioimagen.net\/?p=380097","title":{"rendered":"Justicia, a contentillo de la opini\u00f3n p\u00fablica"},"content":{"rendered":"<h2>Poder y dinero<\/h2>\n<h5>V\u00edctor S\u00e1nchez Ba\u00f1os<\/h5>\n<p>&nbsp;<\/p>\n<p style=\"text-align: right;\"><strong><em>H<\/em><\/strong><em><strong>ay muertos que no hacen ruido y es m\u00e1s triste su penar<\/strong><br \/>\nFrase de la Sandunga, de M\u00e1ximo Ram\u00f3n Ortiz (Oaxaca)<\/em><\/p>\n<p>&nbsp;<\/p>\n<p>#Ayotzinapa #PGR #ProtocolosDeEstambul #\u00bfTortura? #QueSalgaLaVerdad #Murillo #YLosAvispones? #AMLO #EPN #BarralesRemonta #SheimbaunCae #MundoEjecutivo #Beyruti #DHL<\/p>\n<p>&nbsp;<\/p>\n<p>La decisi\u00f3n del Primer Tribunal Colegiado del D\u00e9cimo Noveno Circuito, con sede en Tamaulipas, de ordenar a la PGR la reposici\u00f3n de la averiguaci\u00f3n de la desaparici\u00f3n y asesinato de 43 normalistas de Ayotzinapa, en Iguala, Guerrero.<\/p>\n<p>Adem\u00e1s, ordena la creaci\u00f3n de una \u201cComisi\u00f3n de la Verdad\u201d y la participaci\u00f3n de organismos como la participaci\u00f3n de organismos de derechos humanos.<\/p>\n<p>La justificaci\u00f3n fue que los detenidos fueron \u201ctorturados\u201d para confesar, lo que atenta contra el Protocolo de Estambul mismo que documenta incidentes de tortura y maltrato. Esto fue promovido por los detenidos por esos cr\u00edmenes.<\/p>\n<p>Si bien es claro que la \u201cverdad hist\u00f3rica\u201d que dio a conocer el entonces Procurador General de la Rep\u00fablica, Jes\u00fas Murillo, tiene infinidad de deficiencias, lo que no se puede tirar a la basura es una serie de pesquisas que hicieron, no s\u00f3lo investigadores de PGR, sino tambi\u00e9n de equipos de periodistas que buscaban la verdad y en donde se confirm\u00f3 la participaci\u00f3n de grupos guerrilleros y narcotraficantes (que tienen el control del Tri\u00e1ngulo de Oro\u201d en Guerrero) como el de Los Rojos\u201d y Guerrero Unidos.<\/p>\n<p>Independientemente de las figuras que ofrece el juzgador, es muy claro que acude a la interpretaci\u00f3n de las leyes, lo que puede ser considerado como el darle la raz\u00f3n a los grupos de presi\u00f3n, en este caso concreto, a unos d\u00edas de las elecciones federales. Dicho sea de paso, no ayuda a ninguno de los candidatos.<\/p>\n<p>Andr\u00e9s Manuel L\u00f3pez Obrador, tiene nexos con varios de los acusados de ordenar el asesinato de los estudiantes y miembros del equipo de futbol \u201cLos Avispones\u201d de Iguala, que tambi\u00e9n murieron a manos de polic\u00edas municipales y que nadie los recuerda, simplemente porque no forman parte de la izquierda. Los padres de los normalistas han increpado en varios m\u00edtines a AMLO.<\/p>\n<p>Obviamente, el candidato del PRI, Jos\u00e9 Antonio Meade, por ser el candidato oficialista sufre los errores de la pol\u00edtica gubernamental. Ricardo Anaya, no aparece en la ecuaci\u00f3n.<\/p>\n<p>Aunque son cientos de fojas, o p\u00e1ginas del expediente del dictamen, nos lleva a varias reflexiones: los jueces actuaron con fuerte carga pol\u00edtica en momentos electorales; aniquilan la obligaci\u00f3n del Estado Mexicano, a trav\u00e9s del Ministerio P\u00fablico (PGR) de defender a la sociedad de aquellos que la agreden; involucran a las fuerzas armadas y las hacen sospechosas.<\/p>\n<p>Es muy claro que nadie en su sano juicio puede pensar en matar a medio centenar de j\u00f3venes, en un crimen de Estado o gobierno. Por ello, las acusaciones contra Enrique Pe\u00f1a Nieto, no tienen sustento. Aunque hay muchos pol\u00edticos ligados a Morena y al PRI, que est\u00e1n en libertad a pesar que est\u00e1n involucrados en esos cr\u00edmenes y, especialmente, en el tr\u00e1fico de drogas en la regi\u00f3n.<\/p>\n<p>El gobierno de Pe\u00f1a Nieto, tiene la obligaci\u00f3n de reconocer que en el llamado \u201cTri\u00e1ngulo de Oro\u201d, en la Tierra Caliente de Guerrero, existen nexos entre narcos y guerrilleros. Esto se sabe mundialmente, por qu\u00e9 no aceptarlo. Que se sepa toda la verdad. Que se sepa qu\u00e9 pas\u00f3 con esos j\u00f3venes que murieron en septiembre del 2014 y se env\u00eden a la c\u00e1rcel a los pol\u00edticos involucrados. Todos, absolutamente todos. Caiga quien caiga, aunque nuestra clase pol\u00edtica salga peor librada.<\/p>\n<p><strong>PODEROSOS CABALLEROS<\/strong>: S\u00f3lo faltan unos d\u00edas para las elecciones y en la Ciudad de M\u00e9xico arremete con fuerza Alejandra Barrales. De acuerdo con Mercadirect, s\u00f3lo est\u00e1 a 4 puntos de la aspirante de Morena, Claudia Sheinbaum. Alejandra, candidata de PRD-PAN-MC, tiene 34 % de preferencia del voto; Claudia tiene 38, pero el margen se acorta. En tercera posici\u00f3n, est\u00e1 Mikel Arriola, quien tiene un 15% de preferencia del voto.<\/p>\n<p>De acuerdo a los analistas de encuestas, el margen se acorta substancialmente. *** GINgroup, presidido por Ra\u00fal Beyruti S\u00e1nchez, adquiri\u00f3 el 46% de las acciones de Grupo Mundo Ejecutivo, liderado por Jessyca Cervantes Bola\u00f1os. Mundo Ejecutivo es una plataforma de informaci\u00f3n de empresas sobre negocios, econom\u00eda, finanzas y management. La operaci\u00f3n incluye los t\u00edtulos como MUNDO EJECUTIVO, MUJER EJECUTIVA, COSAS, ONLY, COLONOS y H\u00c1BITAT, cubriendo as\u00ed, fuentes de estilo de vida, negocios, dise\u00f1o y arquitectura, por mencionar algunos.<\/p>\n<p><strong>RESPONSABILIDAD SOCIAL CORPORATIVA<\/strong>: Grupo Deutsche Post DHL, activ\u00f3 su Equipo de Respuesta ante Desastres, liderado por Gilberto Castro, en Guatemala para apoyar los esfuerzos de ayuda humanitaria tras la erupci\u00f3n del Volc\u00e1n de Fuego. Facilitar\u00e1 la log\u00edstica de los bienes de socorro recibidos.<\/p>\n<p><a href=\"http:\/\/poderydinero.mx\" target=\"_blank\" rel=\"noopener\"><em>poderydinero.mx<\/em><\/a><b><br \/>\n<\/b><em><a href=\"mailto:vsb@poderydinero.mx\" target=\"_blank\" rel=\"noopener\">vsb@poderydinero.mx<\/a><br \/>\n<\/em><em><strong>Twitter:<\/strong><a href=\"https:\/\/twitter.com\/vsanchezbanos\" target=\"_blank\" rel=\"noopener\">@vsanchezbano<br \/>\n<\/a><\/em><em><strong>Facebook:\u00a0<\/strong><a href=\"https:\/\/www.facebook.com\/vsanchezbanos?fref=ts\" target=\"_blank\" rel=\"noopener\">vsanchezbano<\/a><\/em><\/p>\n","protected":false},"excerpt":{"rendered":"<p><span style=\"color: #005497;\"><strong>V\u00edctor S\u00e1nchez Ba\u00f1os<\/strong><\/span><\/p>\n","protected":false},"author":3,"featured_media":0,"comment_status":"open","ping_status":"open","sticky":false,"template":"","format":"standard","meta":{"_monsterinsights_skip_tracking":false,"_monsterinsights_sitenote_active":false,"_monsterinsights_sitenote_note":"","_monsterinsights_sitenote_category":0,"footnotes":""},"categories":[38844],"tags":[43674,38847,38848],"class_list":["post-380097","post","type-post","status-publish","format-standard","hentry","category-victor-sanchez-banos","tag-opinion","tag-poder-y-dinero","tag-victor-sanchez-banos"],"_links":{"self":[{"href":"https:\/\/www.diarioimagen.net\/index.php?rest_route=\/wp\/v2\/posts\/380097","targetHints":{"allow":["GET"]}}],"collection":[{"href":"https:\/\/www.diarioimagen.net\/index.php?rest_route=\/wp\/v2\/posts"}],"about":[{"href":"https:\/\/www.diarioimagen.net\/index.php?rest_route=\/wp\/v2\/types\/post"}],"author":[{"embeddable":true,"href":"https:\/\/www.diarioimagen.net\/index.php?rest_route=\/wp\/v2\/users\/3"}],"replies":[{"embeddable":true,"href":"https:\/\/www.diarioimagen.net\/index.php?rest_route=%2Fwp%2Fv2%2Fcomments&post=380097"}],"version-history":[{"count":0,"href":"https:\/\/www.diarioimagen.net\/index.php?rest_route=\/wp\/v2\/posts\/380097\/revisions"}],"wp:attachment":[{"href":"https:\/\/www.diarioimagen.net\/index.php?rest_route=%2Fwp%2Fv2%2Fmedia&parent=380097"}],"wp:term":[{"taxonomy":"category","embeddable":true,"href":"https:\/\/www.diarioimagen.net\/index.php?rest_route=%2Fwp%2Fv2%2Fcategories&post=380097"},{"taxonomy":"post_tag","embeddable":true,"href":"https:\/\/www.diarioimagen.net\/index.php?rest_route=%2Fwp%2Fv2%2Ftags&post=380097"}],"curies":[{"name":"wp","href":"https:\/\/api.w.org\/{rel}","templated":true}]}}