{"id":380199,"date":"2018-06-11T00:05:53","date_gmt":"2018-06-11T05:05:53","guid":{"rendered":"http:\/\/www.diarioimagen.net\/?p=380199"},"modified":"2018-06-12T00:23:48","modified_gmt":"2018-06-12T05:23:48","slug":"suspende-pri-campana-en-coahuila-tras-crimen-de-candidato","status":"publish","type":"post","link":"https:\/\/www.diarioimagen.net\/?p=380199","title":{"rendered":"Suspende PRI campa\u00f1a en Coahuila tras crimen de candidato"},"content":{"rendered":"<ul>\n<li><em><strong>En se\u00f1ala de duelo y repudio<\/strong><\/em><\/li>\n<\/ul>\n<p>&nbsp;<\/p>\n<div id=\"attachment_380200\" style=\"width: 470px\" class=\"wp-caption aligncenter\"><img loading=\"lazy\" decoding=\"async\" aria-describedby=\"caption-attachment-380200\" class=\"size-large wp-image-380200\" src=\"http:\/\/www.diarioimagen.net\/wp-content\/uploads\/2018\/06\/COAHUILA11-portal-460x268.jpg\" alt=\"\" width=\"460\" height=\"268\" srcset=\"https:\/\/www.diarioimagen.net\/wp-content\/uploads\/2018\/06\/COAHUILA11-portal-460x268.jpg 460w, https:\/\/www.diarioimagen.net\/wp-content\/uploads\/2018\/06\/COAHUILA11-portal-240x140.jpg 240w, https:\/\/www.diarioimagen.net\/wp-content\/uploads\/2018\/06\/COAHUILA11-portal.jpg 480w\" sizes=\"auto, (max-width: 460px) 100vw, 460px\" \/><p id=\"caption-attachment-380200\" class=\"wp-caption-text\">El PRI en Coahuila manifest\u00f3 su repudio por el atentado que sufri\u00f3 el viernes su candidato a diputado federal, Fernando Pur\u00f3n Johnston.<\/p><\/div>\n<p>&nbsp;<\/p>\n<p>Candidatos del PRI en Coahuila suspendieron este domingo sus actividades de campa\u00f1a, en se\u00f1al de duelo y repudio ante el atentado que sufri\u00f3 en Piedras Negras el aspirante a diputado federal por el Partido Revolucionario Institucional (PRI), Fernando Pur\u00f3n Johnston.<\/p>\n<p>En un comunicado, el PRI en Coahuila manifest\u00f3 su repudio por el atentado que sufri\u00f3 la v\u00edspera su candidato a dicho cargo y se solidariz\u00f3 con sus familiares y amigos.<\/p>\n<p>Al mismo tiempo, demand\u00f3 de las autoridades el esclarecimiento de los hechos y el castigo para los responsables de la muerte de quien fuera adem\u00e1s presidente municipal en Piedras Negras.<\/p>\n<p>Rodrigo Fuentes \u00c1vila, presidente del Comit\u00e9 Directivo Estatal, record\u00f3 a Pur\u00f3n Johnston como un ejemplo de servidor p\u00fablico, quien transform\u00f3 Piedras Negras y a quien distingui\u00f3 su combate a la delincuencia durante su gesti\u00f3n como alcalde.<\/p>\n<p>\u201cEstamos seguros que los responsables de su artero crimen ser\u00e1n encontrados por las autoridades y castigados de acuerdo a la ley\u201d, expres\u00f3.<\/p>\n","protected":false},"excerpt":{"rendered":"<p>Candidatos del PRI en Coahuila suspendieron este domingo sus actividades de campa\u00f1a, en se\u00f1al de duelo y repudio ante el atentado que sufri\u00f3 en Piedras Negras el aspirante a diputado federal por el Partido Revolucionario Institucional (PRI), Fernando Pur\u00f3n Johnston.<\/p>\n","protected":false},"author":5,"featured_media":380200,"comment_status":"open","ping_status":"open","sticky":false,"template":"","format":"standard","meta":{"_monsterinsights_skip_tracking":false,"_monsterinsights_sitenote_active":false,"_monsterinsights_sitenote_note":"","_monsterinsights_sitenote_category":0,"footnotes":""},"categories":[3],"tags":[74691,74692,74693,43673,74690],"class_list":["post-380199","post","type-post","status-publish","format-standard","has-post-thumbnail","hentry","category-nacional","tag-crimen-de-candidato","tag-duelo-y-repudio","tag-fernando-puron-johnston","tag-nacional","tag-pri-campana-en-coahuila"],"_links":{"self":[{"href":"https:\/\/www.diarioimagen.net\/index.php?rest_route=\/wp\/v2\/posts\/380199","targetHints":{"allow":["GET"]}}],"collection":[{"href":"https:\/\/www.diarioimagen.net\/index.php?rest_route=\/wp\/v2\/posts"}],"about":[{"href":"https:\/\/www.diarioimagen.net\/index.php?rest_route=\/wp\/v2\/types\/post"}],"author":[{"embeddable":true,"href":"https:\/\/www.diarioimagen.net\/index.php?rest_route=\/wp\/v2\/users\/5"}],"replies":[{"embeddable":true,"href":"https:\/\/www.diarioimagen.net\/index.php?rest_route=%2Fwp%2Fv2%2Fcomments&post=380199"}],"version-history":[{"count":0,"href":"https:\/\/www.diarioimagen.net\/index.php?rest_route=\/wp\/v2\/posts\/380199\/revisions"}],"wp:featuredmedia":[{"embeddable":true,"href":"https:\/\/www.diarioimagen.net\/index.php?rest_route=\/wp\/v2\/media\/380200"}],"wp:attachment":[{"href":"https:\/\/www.diarioimagen.net\/index.php?rest_route=%2Fwp%2Fv2%2Fmedia&parent=380199"}],"wp:term":[{"taxonomy":"category","embeddable":true,"href":"https:\/\/www.diarioimagen.net\/index.php?rest_route=%2Fwp%2Fv2%2Fcategories&post=380199"},{"taxonomy":"post_tag","embeddable":true,"href":"https:\/\/www.diarioimagen.net\/index.php?rest_route=%2Fwp%2Fv2%2Ftags&post=380199"}],"curies":[{"name":"wp","href":"https:\/\/api.w.org\/{rel}","templated":true}]}}